{"id":1094,"date":"2014-08-30T06:54:38","date_gmt":"2014-08-30T04:54:38","guid":{"rendered":"http:\/\/www.mamaisonmonjardin.com\/blog\/?p=1094"},"modified":"2015-01-12T17:25:25","modified_gmt":"2015-01-12T16:25:25","slug":"salons-foires-co-rendez-vous-mois-septembre-2014","status":"publish","type":"post","link":"https:\/\/www.mamaisonmonjardin.com\/blog\/salons-foires-co-rendez-vous-mois-septembre-2014\/","title":{"rendered":"Salons, Foires &#038; Co : les rendez-vous du mois de septembre 2014"},"content":{"rendered":"<p style=\"text-align: justify;\">Septembre, c\u2019est le mois pour tout changer\u00a0!<\/p>\n<p style=\"text-align: justify;\">Les vacances se terminent et les enfants reprennent la route de l\u2019\u00e9cole. Mais il y a tout de m\u00eame de quoi sourire : les <strong>nouvelles tendances<\/strong> et modes pour la <strong>maison<\/strong> et le <strong>jardin<\/strong> font leur apparition pour notre plus grand bonheur&#8230;<\/p>\n<p style=\"text-align: justify;\"><!--more--><\/p>\n<p style=\"text-align: justify;\">Venez les d\u00e9couvrir dans les <strong>foires<\/strong>, les <strong>expositions<\/strong> et les <strong>salons d\u00e9di\u00e9s \u00e0 l\u2019am\u00e9nagement<\/strong> de la maison et du jardin \u00e0 proximit\u00e9 de chez vous.<br \/>\nGr\u00e2ce \u00e0 notre r\u00e9pertoire des \u00e9v\u00e8nements relatifs \u00e0 l&rsquo;am\u00e9nagement, \u00e0 l&rsquo;habitat et aux tendances r\u00e9gion par r\u00e9gion, partez \u00e0 la recherche de nouvelles id\u00e9es et \u00e0 la rencontre des professionnels.<\/p>\n<h2 style=\"text-align: justify;\"><span style=\"color: #99cc00;\">Aquitaine<\/span><\/h2>\n<h3 style=\"text-align: justify;\"><a href=\"http:\/\/www.salondelamaisonneuve.com\" target=\"_blank\"><strong><span style=\"text-decoration: underline;\"><span style=\"color: #0000ff; text-decoration: underline;\">Salon de la Maison Neuve<\/span><\/span><\/strong><\/a><\/h3>\n<p style=\"text-align: justify;\"><em>Parc des expositions hall 3, Bordeaux<\/em><br \/>\n<span style=\"color: #ff6600;\">Du 13.09 au 14.09. Ouvert de 10h \u00e0 18h. Entr\u00e9e gratuite.<\/span><\/p>\n<p style=\"text-align: justify;\"><a href=\"http:\/\/www.mamaisonmonjardin.com\/blog\/salons-foires-co-rendez-vous-mois-septembre\/aquitaine-bordeaux\/\" rel=\"attachment wp-att-1095\"><img decoding=\"async\" loading=\"lazy\" class=\"alignleft wp-image-1095\" src=\"https:\/\/www.mamaisonmonjardin.com\/blog\/wp-content\/uploads\/2014\/07\/Aquitaine-bordeaux-212x300.jpg\" alt=\"Aquitaine-bordeaux\" width=\"134\" height=\"189\" srcset=\"https:\/\/www.mamaisonmonjardin.com\/blog\/wp\/wp-content\/uploads\/2014\/07\/Aquitaine-bordeaux-212x300.jpg 212w, https:\/\/www.mamaisonmonjardin.com\/blog\/wp\/wp-content\/uploads\/2014\/07\/Aquitaine-bordeaux.jpg 707w\" sizes=\"(max-width: 134px) 100vw, 134px\" \/><\/a><\/p>\n<p style=\"text-align: justify;\">La maison dans tous ses \u00e9tats, c\u2019est la maison de la ville, la maison group\u00e9e, la maison en secteur diffus, etc.<\/p>\n<p style=\"text-align: justify;\">Le salon suit les \u00e9volutions du march\u00e9 et s\u2019adapte \u00e0 vos attentes pour ainsi vous proposer des conseils et des solutions sur-mesure afin de vous aider \u00e0 concr\u00e9tiser un projet immobilier.<br \/>\nVenez rencontrer pr\u00e8s de 90 exposants\u00a0: am\u00e9nageurs fonciers, fabricants, banques et organismes de financement, etc.<\/p>\n<h2 style=\"text-align: justify;\"><\/h2>\n<h2 style=\"text-align: justify;\"><span style=\"color: #99cc00;\">Centre<\/span><\/h2>\n<h3 style=\"text-align: justify;\"><a href=\"http:\/\/www.salonhabitat-chartres.com\" target=\"_blank\"><span style=\"text-decoration: underline;\"><strong><span style=\"color: #0000ff; text-decoration: underline;\">Salon de l\u2019Habitat et de la D\u00e9coration<\/span><\/strong><\/span><\/a><\/h3>\n<p style=\"text-align: justify;\"><em>Parc des expositions de Chartres, Chartres<\/em><br \/>\n<span style=\"color: #ff6600;\">Du 13.09 au 15.09, ouvert de 10h \u00e0 19h. Tarif 5 \u20ac, gratuit pour les moins de 16 ans accompagn\u00e9s.<\/span><\/p>\n<p style=\"text-align: justify;\"><a href=\"http:\/\/www.mamaisonmonjardin.com\/blog\/salons-foires-co-rendez-vous-mois-septembre\/centre-chartres\/\" rel=\"attachment wp-att-1096\"><img decoding=\"async\" loading=\"lazy\" class=\"alignleft wp-image-1096\" src=\"https:\/\/www.mamaisonmonjardin.com\/blog\/wp-content\/uploads\/2014\/07\/Centre-chartres-300x132.jpg\" alt=\"Centre-chartres\" width=\"210\" height=\"92\" srcset=\"https:\/\/www.mamaisonmonjardin.com\/blog\/wp\/wp-content\/uploads\/2014\/07\/Centre-chartres-300x132.jpg 300w, https:\/\/www.mamaisonmonjardin.com\/blog\/wp\/wp-content\/uploads\/2014\/07\/Centre-chartres.jpg 940w\" sizes=\"(max-width: 210px) 100vw, 210px\" \/><\/a><\/p>\n<p style=\"text-align: justify;\">Avec la pr\u00e9sence d\u2019exposants qualifi\u00e9s et s\u00e9lectionn\u00e9s, ce salon se pare d\u2019une r\u00e9putation m\u00e9rit\u00e9e. Que vous cherchiez des id\u00e9es ou veniez avec des projets, des professionnels sont \u00e0 votre \u00e9coute.<\/p>\n<p style=\"text-align: justify;\">Notaires, constructeurs de maisons, agences immobili\u00e8res, banquiers, plombiers, cuisiniers, \u00e9lectriciens ou encore d\u00e9corateurs d\u2019int\u00e9rieurs, ils sauront forc\u00e9ment r\u00e9pondre \u00e0 vos questions.<\/p>\n<h3 style=\"text-align: justify;\"><a href=\"http:\/\/www.salon-habitat.net\" target=\"_blank\"><span style=\"text-decoration: underline;\"><strong><span style=\"color: #0000ff; text-decoration: underline;\">Salon de l\u2019Habitat<\/span><\/strong><\/span><\/a><\/h3>\n<p style=\"text-align: justify;\"><em> Le Minotaure, Vend\u00f4me<\/em><br \/>\n<span style=\"color: #ff6600;\">Du 26.09 au 28.09. Ouvert de 10h \u00e0 19h le vendredi et samedi et de 10h \u00e0 18h le dimanche. Entr\u00e9e gratuite.<\/span><\/p>\n<p style=\"text-align: justify;\"><a href=\"http:\/\/www.mamaisonmonjardin.com\/blog\/salons-foires-co-rendez-vous-mois-septembre\/centre-vendome\/\" rel=\"attachment wp-att-1097\"><img decoding=\"async\" loading=\"lazy\" class=\"alignleft wp-image-1097\" src=\"https:\/\/www.mamaisonmonjardin.com\/blog\/wp-content\/uploads\/2014\/07\/centre-vendome-300x225.jpg\" alt=\"centre-vendome\" width=\"210\" height=\"158\" srcset=\"https:\/\/www.mamaisonmonjardin.com\/blog\/wp\/wp-content\/uploads\/2014\/07\/centre-vendome-300x225.jpg 300w, https:\/\/www.mamaisonmonjardin.com\/blog\/wp\/wp-content\/uploads\/2014\/07\/centre-vendome-1024x768.jpg 1024w\" sizes=\"(max-width: 210px) 100vw, 210px\" \/><\/a><\/p>\n<p style=\"text-align: justify;\">La salon de l\u2019habitat a pour objectif de rassembler en un lieu unique l\u2019int\u00e9gralit\u00e9 des intervenants professionnels du monde de la maison.<\/p>\n<p style=\"text-align: justify;\">Ainsi sont r\u00e9unis\u00a0tous les secteurs d\u2019activit\u00e9s li\u00e9s \u00e0 la maison comme les constructeurs, les \u00e9tablissements financiers, les v\u00e9randalistes, les piccinistes, etc.<br \/>\nC\u2019est l\u2019occasion pour vous de comparer les solutions et les prix.<\/p>\n<h3 style=\"text-align: justify;\"><a href=\"http:\/\/www.salon-habitat-orleans.fr\" target=\"_blank\"><span style=\"text-decoration: underline;\"><strong><span style=\"color: #0000ff; text-decoration: underline;\">Salon Habitat et D\u00e9coration<\/span><\/strong><\/span><\/a><\/h3>\n<p style=\"text-align: justify;\"><em>Parc expo, Orl\u00e9ans<\/em><br \/>\n<span style=\"color: #ff6600;\">Du 26.09 au 29.09. Ouvert le vendredi de 14h \u00e0 21h, le samedi de 10h \u00e0 20h, le dimanche et lundi de 10h \u00e0 19h. Tarif 5\u20ac, tarif r\u00e9duit 3,30\u20ac et gratuit pour les moins de 12 ans.<\/span><\/p>\n<p style=\"text-align: justify;\"><a href=\"http:\/\/www.mamaisonmonjardin.com\/blog\/salons-foires-co-rendez-vous-mois-septembre\/centre-orleans\/\" rel=\"attachment wp-att-1098\"><img decoding=\"async\" loading=\"lazy\" class=\"alignleft wp-image-1098\" src=\"https:\/\/www.mamaisonmonjardin.com\/blog\/wp-content\/uploads\/2014\/07\/centre-orl\u00e9ans-300x225.jpg\" alt=\"centre-orl\u00e9ans\" width=\"210\" height=\"158\" srcset=\"https:\/\/www.mamaisonmonjardin.com\/blog\/wp\/wp-content\/uploads\/2014\/07\/centre-orl\u00e9ans-300x225.jpg 300w, https:\/\/www.mamaisonmonjardin.com\/blog\/wp\/wp-content\/uploads\/2014\/07\/centre-orl\u00e9ans-1024x768.jpg 1024w, https:\/\/www.mamaisonmonjardin.com\/blog\/wp\/wp-content\/uploads\/2014\/07\/centre-orl\u00e9ans.jpg 1574w\" sizes=\"(max-width: 210px) 100vw, 210px\" \/><\/a><\/p>\n<p style=\"text-align: justify;\">Le salon de l\u2019habitat d\u2019Orl\u00e9ans est le showroom de la construction, r\u00e9novation meubles, d\u00e9co et jardin auquel vous devez assister\u00a0!<br \/>\nC\u2019est l\u2019occasion pour vous de rencontrer dans un m\u00eame lieu 330 exposants et professionnels, de recueillir des conseils en am\u00e9nagement et d\u00e9coration et de d\u00e9nicher des id\u00e9es originales.<br \/>\nRetrouvez donc 4 univers\u00a0: l&rsquo;habitat et l&rsquo;\u00e9quipement de la maison, l&rsquo;ameublement et la d\u00e9coration, la galerie des jardins et l\u2019espace art et d\u00e9co.<\/p>\n<h2 style=\"text-align: justify;\"><span style=\"color: #99cc00;\">Champagne-Ardenne<\/span><\/h2>\n<h3 style=\"text-align: justify;\"><a href=\"http:\/\/www.troyes-expo.com\/programmation\/les-salons\/HABITAT-DECORATION_7.html\" target=\"_blank\"><span style=\"text-decoration: underline;\"><strong><span style=\"color: #0000ff; text-decoration: underline;\">Habitat et D\u00e9coration<\/span><\/strong><\/span><\/a><\/h3>\n<p style=\"text-align: justify;\"><em>Parc des expositions, Troyes<\/em><br \/>\n<span style=\"color: #ff6600;\">Du 26.09 au 29.09. Ouvert le vendredi de 14h \u00e0 20h, le samedi de 10h \u00e0 20h, le dimanche de 10h \u00e0 19h et le lundi de 10h \u00e0 18h. Tarif 4,50\u20ac, tarif r\u00e9duit 3\u20ac et tarif enfants \u00e2g\u00e9s de 5 \u00e0 12 ans 1\u20ac.<\/span><\/p>\n<p style=\"text-align: justify;\"><a href=\"http:\/\/www.mamaisonmonjardin.com\/blog\/salons-foires-co-rendez-vous-mois-septembre\/champagneardenne-troyes\/\" rel=\"attachment wp-att-1099\"><img decoding=\"async\" loading=\"lazy\" class=\"alignleft wp-image-1099\" src=\"https:\/\/www.mamaisonmonjardin.com\/blog\/wp-content\/uploads\/2014\/07\/champagneardenne-troyes-212x300.jpg\" alt=\"champagneardenne-troyes\" width=\"134\" height=\"189\" srcset=\"https:\/\/www.mamaisonmonjardin.com\/blog\/wp\/wp-content\/uploads\/2014\/07\/champagneardenne-troyes-212x300.jpg 212w, https:\/\/www.mamaisonmonjardin.com\/blog\/wp\/wp-content\/uploads\/2014\/07\/champagneardenne-troyes.jpg 230w\" sizes=\"(max-width: 134px) 100vw, 134px\" \/><\/a><\/p>\n<p style=\"text-align: justify;\">Pour sa 22\u00e8me \u00e9dition, le salon habitat et d\u00e9coration vous permet de d\u00e9couvrir une offre exceptionnelle de solutions et de conseils, de l\u2019\u00e9quipement de l\u2019int\u00e9rieur et ext\u00e9rieur jusqu\u2019\u00e0 la construction de son habitation.<\/p>\n<p style=\"text-align: justify;\">En tout, ce sont 145 exposants qui repr\u00e9sentent pr\u00e8s de 80 m\u00e9tiers tels que la d\u00e9coration, l\u2019ameublement, la construction, les organismes financiers, l\u2019\u00e9lectrom\u00e9nager, les piscines, les cuisines, le chauffage, etc.<\/p>\n<h2 style=\"text-align: justify;\"><span style=\"color: #99cc00;\">Franche-Comt\u00e9<\/span><\/h2>\n<h3 style=\"text-align: justify;\"><span style=\"text-decoration: underline;\"><strong><span style=\"color: #0000ff; text-decoration: underline;\">Salon Destination Habitat et Bois<\/span><\/strong><\/span><\/h3>\n<p style=\"text-align: justify;\"><em>Espace Ren\u00e9 Pourny, Pontarlier<\/em><br \/>\n<span style=\"color: #ff6600;\">Du 12.09 au 14.09. Ouvert de 10h \u00e0 19h, nocturne le vendredi jusqu\u2019\u00e0 22h. Tarif 3\u20ac, gratuit pour les moins de 18 ans.<\/span><\/p>\n<p style=\"text-align: justify;\">Ce salon a pour objet de pr\u00e9senter dans un m\u00eame lieu diff\u00e9rents artisans sur des secteurs d\u2019activit\u00e9 li\u00e9s \u00e0 l\u2019habitat.<\/p>\n<p style=\"text-align: justify;\">Construisez, r\u00e9novez, am\u00e9nagez la maison mais aussi le jardin en prenant compte des\u00a0nouveaux enjeux environnementaux et du\u00a0d\u00e9veloppement des \u00e9nergies renouvelables. Privil\u00e9giez ainsi un nouvel art de vivre indoor et outdoor plus sain et plus proche de la nature.<\/p>\n<h3 style=\"text-align: justify;\"><a href=\"http:\/\/www.salon-immo-jura.fr\" target=\"_blank\"><span style=\"text-decoration: underline;\"><strong><span style=\"color: #0000ff; text-decoration: underline;\">Salon de l\u2019Immobilier et de l\u2019Habitat du Jura<\/span><\/strong><\/span><\/a><\/h3>\n<p style=\"text-align: justify;\"><em> Juraparc, Lons-le-Saunier<\/em><br \/>\n<span style=\"color: #ff6600;\">Du 19.09 au 21.09, ouvert de 10h \u00e0 20h. Entr\u00e9e gratuite.<\/span><\/p>\n<p style=\"text-align: justify;\"><a href=\"http:\/\/www.mamaisonmonjardin.com\/blog\/salons-foires-co-rendez-vous-mois-septembre\/franchecomte-lons\/\" rel=\"attachment wp-att-1100\"><img decoding=\"async\" loading=\"lazy\" class=\"alignleft wp-image-1100\" src=\"https:\/\/www.mamaisonmonjardin.com\/blog\/wp-content\/uploads\/2014\/07\/Franchecomt\u00e9-lons-300x93.png\" alt=\"Franchecomt\u00e9-lons\" width=\"210\" height=\"66\" srcset=\"https:\/\/www.mamaisonmonjardin.com\/blog\/wp\/wp-content\/uploads\/2014\/07\/Franchecomt\u00e9-lons-300x93.png 300w, https:\/\/www.mamaisonmonjardin.com\/blog\/wp\/wp-content\/uploads\/2014\/07\/Franchecomt\u00e9-lons.png 898w\" sizes=\"(max-width: 210px) 100vw, 210px\" \/><\/a><\/p>\n<p style=\"text-align: justify;\">Le salon de l\u2019immobilier du Jura revient pour une 12\u00e8me \u00e9dition.<br \/>\nDevenu une v\u00e9ritable institution, il r\u00e9unit en un m\u00eame lieu toute la cha\u00eene des professionnels de l\u2019immobilier et de l\u2019habitat, g\u00e9n\u00e9rant ainsi des contacts utiles et nombreux.<\/p>\n<p style=\"text-align: justify;\">En renfor\u00e7ant l\u2019image du professionnalisme des acteurs pr\u00e9sents, le salon a aussi pour mission d\u2019apporter une r\u00e9ponse globale \u00e0 vos attentes. Faites ainsi le plein de conseils et d\u2019informations sur les nouvelles tendances, le d\u00e9veloppement durable, les\u00a0dispositifs d\u2019aide, etc.<\/p>\n<h2 style=\"text-align: justify;\"><span style=\"color: #99cc00;\">Haute-Normandie<\/span><\/h2>\n<h3 style=\"text-align: justify;\"><span style=\"text-decoration: underline;\"><strong><span style=\"color: #0000ff; text-decoration: underline;\">Salon de l\u2019Habitat<\/span><\/strong><\/span><\/h3>\n<p style=\"text-align: justify;\"><em> Chapiteau Front de mer, Le Tr\u00e9port<\/em><br \/>\n<span style=\"color: #ff6600;\">Du 06.09 au 07.09. Ouvert le samedi de 10h \u00e0 19h et le dimanche de 10h \u00e0 18h. Entr\u00e9e gratuite.<\/span><\/p>\n<p style=\"text-align: justify;\"><a href=\"http:\/\/www.mamaisonmonjardin.com\/blog\/salons-foires-co-rendez-vous-mois-septembre\/haute-normandie-treport\/\" rel=\"attachment wp-att-1101\"><img decoding=\"async\" loading=\"lazy\" class=\"alignleft wp-image-1101\" src=\"https:\/\/www.mamaisonmonjardin.com\/blog\/wp-content\/uploads\/2014\/07\/Haute-normandie-treport.jpg\" alt=\"Haute-normandie-treport\" width=\"139\" height=\"197\" \/><\/a><\/p>\n<p style=\"text-align: justify;\">Ce salon de proximit\u00e9 est r\u00e9ellement l\u2019occasion de repr\u00e9senter tout un panel d\u2019activit\u00e9s li\u00e9es \u00e0 l\u2019habitat.<\/p>\n<p style=\"text-align: justify;\">Partez ainsi \u00e0 la d\u00e9couverte du d\u00e9veloppement durable, de la r\u00e9novation, de l\u2019immobilier et de l\u2019artisanat.<br \/>\nEchangez avec pr\u00e8s de 30 exposants et professionnels afin de concr\u00e9tiser tous vos projets.<\/p>\n<h2 style=\"text-align: justify;\"><span style=\"color: #99cc00;\">Ile-de-France<\/span><\/h2>\n<h3 style=\"text-align: justify;\"><a href=\"http:\/\/salon.construiresamaison.com\" target=\"_blank\"><span style=\"text-decoration: underline;\"><strong><span style=\"color: #0000ff; text-decoration: underline;\">Faire construire sa maison<\/span><\/strong><\/span><\/a><\/h3>\n<p style=\"text-align: justify;\"><em>Porte de Versailles, Paris<\/em><br \/>\n<span style=\"color: #ff6600;\">Du 12.09 au 14.09. Ouvert le vendredi et samedi de 10h \u00e0 19h et le dimanche de 10h \u00e0 18h. Entr\u00e9e gratuite.<\/span><\/p>\n<p style=\"text-align: justify;\"><a href=\"http:\/\/www.mamaisonmonjardin.com\/blog\/salons-foires-co-rendez-vous-mois-septembre\/iledefrance-paris\/\" rel=\"attachment wp-att-1102\"><img decoding=\"async\" loading=\"lazy\" class=\"alignleft size-medium wp-image-1102\" src=\"https:\/\/www.mamaisonmonjardin.com\/blog\/wp-content\/uploads\/2014\/07\/iledefrance-paris-300x39.png\" alt=\"iledefrance-paris\" width=\"300\" height=\"39\" srcset=\"https:\/\/www.mamaisonmonjardin.com\/blog\/wp\/wp-content\/uploads\/2014\/07\/iledefrance-paris-300x39.png 300w, https:\/\/www.mamaisonmonjardin.com\/blog\/wp\/wp-content\/uploads\/2014\/07\/iledefrance-paris.png 947w\" sizes=\"(max-width: 300px) 100vw, 300px\" \/><\/a><\/p>\n<p style=\"text-align: justify;\">Vous r\u00eavez de construire votre maison\u00a0? Alors ce salon est fait pour vous\u00a0!<br \/>\nCes 3 jours sont l\u2019occasion pour vous de rencontrer tous les sp\u00e9cialistes de la maison individuelle.<\/p>\n<p style=\"text-align: justify;\">Constructeurs, am\u00e9nageurs fonciers, industriels du second \u0153uvre et de l\u2019am\u00e9nagement, banques et autres organismes de pr\u00eat, ils sont tous l\u00e0 pour vous aider \u00e0 rendre votre projet concret.<\/p>\n<h2 style=\"text-align: justify;\"><span style=\"color: #99cc00;\">Languedoc-Roussillon<\/span><\/h2>\n<h3 style=\"text-align: justify;\"><a href=\"http:\/\/www.salon-habitat-ales.fr\" target=\"_blank\"><span style=\"text-decoration: underline;\"><strong><span style=\"color: #0000ff; text-decoration: underline;\">Salon de l\u2019Habitat<\/span><\/strong><\/span><\/a><\/h3>\n<p style=\"text-align: justify;\"><em> Parc des expositions, M\u00e9jannes-les-Al\u00e8s<\/em><br \/>\n<span style=\"color: #ff6600;\">Du 26.09 au 29.09, ouvert de 9h30 \u00e0 19h. Entr\u00e9e gratuite, invitations \u00e0 t\u00e9l\u00e9charger sur le site internet.<\/span><\/p>\n<p style=\"text-align: justify;\"><a href=\"http:\/\/www.mamaisonmonjardin.com\/blog\/salons-foires-co-rendez-vous-mois-septembre\/languedosroussillon-ales\/\" rel=\"attachment wp-att-1103\"><img decoding=\"async\" loading=\"lazy\" class=\"alignleft wp-image-1103\" src=\"https:\/\/www.mamaisonmonjardin.com\/blog\/wp-content\/uploads\/2014\/07\/languedosroussillon-al\u00e8s-212x300.jpg\" alt=\"languedosroussillon-al\u00e8s\" width=\"134\" height=\"190\" srcset=\"https:\/\/www.mamaisonmonjardin.com\/blog\/wp\/wp-content\/uploads\/2014\/07\/languedosroussillon-al\u00e8s-212x300.jpg 212w, https:\/\/www.mamaisonmonjardin.com\/blog\/wp\/wp-content\/uploads\/2014\/07\/languedosroussillon-al\u00e8s-723x1024.jpg 723w, https:\/\/www.mamaisonmonjardin.com\/blog\/wp\/wp-content\/uploads\/2014\/07\/languedosroussillon-al\u00e8s.jpg 848w\" sizes=\"(max-width: 134px) 100vw, 134px\" \/><\/a><\/p>\n<p style=\"text-align: justify;\">Ce salon est le rendez-vous incontournable du Gard et pr\u00e9sente un lien naturel pour faire rencontrer l\u2019offre et la demande de chaque secteur.<\/p>\n<p style=\"text-align: justify;\">Venez cultiver votre passion de l\u2019habitat en d\u00e9couvrant les derni\u00e8res innovations en mati\u00e8re de d\u00e9coration, r\u00e9novation, \u00e9nergie, etc.<\/p>\n<p style=\"text-align: justify;\">Trouvez \u00e9galement un harmonie d\u2019objets et mobiliers qui vous permettront de cr\u00e9er l\u2019ambiance qui vous correspond afin de vous sentir bien chez vous.<\/p>\n<h2 style=\"text-align: justify;\"><span style=\"color: #99cc00;\">Limousin<\/span><\/h2>\n<h3 style=\"text-align: justify;\"><a href=\"http:\/\/www.tourismelimousin.com\/diffusio\/fr\/agenda\/index\/gueret\/salon-de-l-habitat-2014_TFO175004205.php\" target=\"_blank\"><span style=\"text-decoration: underline;\"><strong><span style=\"color: #0000ff; text-decoration: underline;\">Salon de l\u2019Habitat<\/span><\/strong><\/span><\/a><\/h3>\n<p style=\"text-align: justify;\"><em>Hall de l\u2019agriculture espace Pommeil, Gu\u00e9ret<\/em><br \/>\n<span style=\"color: #ff6600;\">Du 19.09 au 21.09, ouvert de 10h \u00e0 19h vendredi et samedi et de 10h \u00e0 18h le dimanche. Entr\u00e9e gratuite.<\/span><\/p>\n<p style=\"text-align: justify;\"><a href=\"http:\/\/www.mamaisonmonjardin.com\/blog\/salons-foires-co-rendez-vous-mois-septembre\/limousin-gueret\/\" rel=\"attachment wp-att-1104\"><img decoding=\"async\" loading=\"lazy\" class=\"alignleft wp-image-1104\" src=\"https:\/\/www.mamaisonmonjardin.com\/blog\/wp-content\/uploads\/2014\/07\/Limousin-gu\u00e9ret-300x225.jpg\" alt=\"Limousin-gu\u00e9ret\" width=\"210\" height=\"158\" srcset=\"https:\/\/www.mamaisonmonjardin.com\/blog\/wp\/wp-content\/uploads\/2014\/07\/Limousin-gu\u00e9ret-300x225.jpg 300w, https:\/\/www.mamaisonmonjardin.com\/blog\/wp\/wp-content\/uploads\/2014\/07\/Limousin-gu\u00e9ret-1024x768.jpg 1024w\" sizes=\"(max-width: 210px) 100vw, 210px\" \/><\/a><\/p>\n<p style=\"text-align: justify;\">Le salon de l\u2019habitat de Gu\u00e9ret, c\u2019est le rendez-vous annuel de la maison qui vous offre la possibilit\u00e9 de concr\u00e9tiser tous vos projets : du terrain \u00e0 l\u2019am\u00e9nagement paysag\u00e9, du sol au plafond dans la maison en passant par la menuiserie sans oublier la d\u00e9coration.<\/p>\n<p style=\"text-align: justify;\">C\u2019est l\u2019occasion de d\u00e9couvrir toutes les nouveaut\u00e9s en pr\u00e9sence d\u2019exposants et professionnels.<\/p>\n<h2 style=\"text-align: justify;\"><span style=\"color: #99cc00;\">Lorraine<\/span><\/h2>\n<h3 style=\"text-align: justify;\"><span style=\"text-decoration: underline;\"><strong><span style=\"color: #0000ff; text-decoration: underline;\">Salon de l\u2019Habitat<\/span><\/strong><\/span><\/h3>\n<p style=\"text-align: justify;\"><em> Salle Jean Burger et gymnase, Place de la Libert\u00e9, Thionville<\/em><br \/>\n<span style=\"color: #ff6600;\">Du 06.09 au 07.09, ouvert de 11h \u00e0 19h. Tarif 2\u20ac. Entr\u00e9e gratuite pour les enfants accompagn\u00e9s.<\/span><\/p>\n<p style=\"text-align: justify;\"><a href=\"http:\/\/www.mamaisonmonjardin.com\/blog\/salons-foires-co-rendez-vous-mois-septembre\/lorraine-thionville\/\" rel=\"attachment wp-att-1105\"><img decoding=\"async\" loading=\"lazy\" class=\"alignleft wp-image-1105\" src=\"https:\/\/www.mamaisonmonjardin.com\/blog\/wp-content\/uploads\/2014\/07\/Lorraine-thionville-241x300.jpg\" alt=\"Lorraine-thionville\" width=\"134\" height=\"166\" srcset=\"https:\/\/www.mamaisonmonjardin.com\/blog\/wp\/wp-content\/uploads\/2014\/07\/Lorraine-thionville-241x300.jpg 241w, https:\/\/www.mamaisonmonjardin.com\/blog\/wp\/wp-content\/uploads\/2014\/07\/Lorraine-thionville.jpg 774w\" sizes=\"(max-width: 134px) 100vw, 134px\" \/><\/a><\/p>\n<p style=\"text-align: justify;\">Retrouvez plus de 300 exposants pour faire le plein de bonnes id\u00e9es pour votre maison ou appartement.<\/p>\n<p style=\"text-align: justify;\">D\u00e9couvrez ainsi toutes les nouveaut\u00e9s relatives \u00e0 l\u2019ameublement et \u00e0 la d\u00e9coration.<\/p>\n<p style=\"text-align: justify;\">C\u2019est l\u2019occasion de redonner un coup de neuf \u00e0 votre int\u00e9rieur et de vous faire plaisir. Entamez la rentr\u00e9e du bon pied\u00a0!<\/p>\n<h3 style=\"text-align: justify;\"><a href=\"http:\/\/www.salon-habitatetbois.com\" target=\"_blank\"><span style=\"text-decoration: underline;\"><strong><span style=\"color: #0000ff; text-decoration: underline;\">Salon Habitat et Bois<\/span><\/strong><\/span><\/a><\/h3>\n<p style=\"text-align: justify;\"><em>Centre des congr\u00e8s, Epinal<\/em><br \/>\n<span style=\"color: #ff6600;\">Du 18.09 au 22.09. Ouvert de 10h \u00e0 19h avec nocturne jusqu\u2019\u00e0 21h le samedi. Tarif 6\u20ac, gratuit pour les enfants.<\/span><\/p>\n<p style=\"text-align: justify;\"><a href=\"http:\/\/www.mamaisonmonjardin.com\/blog\/salons-foires-co-rendez-vous-mois-septembre\/lorraine-epinal\/\" rel=\"attachment wp-att-1106\"><img decoding=\"async\" loading=\"lazy\" class=\"alignleft wp-image-1106\" src=\"https:\/\/www.mamaisonmonjardin.com\/blog\/wp-content\/uploads\/2014\/07\/Lorraine-epinal-300x224.jpg\" alt=\"Lorraine-epinal\" width=\"210\" height=\"158\" srcset=\"https:\/\/www.mamaisonmonjardin.com\/blog\/wp\/wp-content\/uploads\/2014\/07\/Lorraine-epinal-300x224.jpg 300w, https:\/\/www.mamaisonmonjardin.com\/blog\/wp\/wp-content\/uploads\/2014\/07\/Lorraine-epinal-1024x768.jpg 1024w\" sizes=\"(max-width: 210px) 100vw, 210px\" \/><\/a><\/p>\n<p style=\"text-align: justify;\">Le salon habitat et bois d\u2019Epinal, c\u2019est le grand rendez-vous de la tendance dans la construction bois, la r\u00e9novation et les \u00e9nergies renouvelables.<\/p>\n<p style=\"text-align: justify;\">Riche en information, savoir-faire et innovations, cet \u00e9v\u00e8nement attendu vous accueille pour vous faire d\u00e9couvrir les produits, approcher les innovations et profiter des conseils des sp\u00e9cialistes.<\/p>\n<p style=\"text-align: justify;\">C\u2019est le lieu id\u00e9al pour \u00eatre conseill\u00e9 dans vos projets par les meilleurs experts.<\/p>\n<h2 style=\"text-align: justify;\"><span style=\"color: #99cc00;\">Nord-Pas-De-Calais<\/span><\/h2>\n<h3 style=\"text-align: justify;\"><a href=\"http:\/\/www.artois-maison.fr\" target=\"_blank\"><span style=\"text-decoration: underline;\"><strong><span style=\"color: #0000ff; text-decoration: underline;\">Artois Maison<\/span><\/strong><\/span><\/a><\/h3>\n<p style=\"text-align: justify;\"><em> Parc des expositions, Saint-Laurent-Blangy<\/em><br \/>\n<span style=\"color: #ff6600;\">Du 26.09 au 28.09, ouvert de 10h \u00e0 19h. Tarif 3\u20ac, gratuit pour les moins de 18 ans.<\/span><\/p>\n<p style=\"text-align: justify;\"><a href=\"http:\/\/www.mamaisonmonjardin.com\/blog\/salons-foires-co-rendez-vous-mois-septembre\/picardie-artois\/\" rel=\"attachment wp-att-1117\"><img decoding=\"async\" loading=\"lazy\" class=\"alignleft wp-image-1117\" src=\"https:\/\/www.mamaisonmonjardin.com\/blog\/wp-content\/uploads\/2014\/07\/Picardie-artois-300x73.jpg\" alt=\"Picardie-artois\" width=\"300\" height=\"73\" srcset=\"https:\/\/www.mamaisonmonjardin.com\/blog\/wp\/wp-content\/uploads\/2014\/07\/Picardie-artois-300x73.jpg 300w, https:\/\/www.mamaisonmonjardin.com\/blog\/wp\/wp-content\/uploads\/2014\/07\/Picardie-artois.jpg 820w\" sizes=\"(max-width: 300px) 100vw, 300px\" \/><\/a><\/p>\n<p style=\"text-align: justify;\">L\u2019\u00e9v\u00e9nement Artois Maison rassemble tous les professionnels, de l\u2019acquisition immobili\u00e8re \u00e0 l\u2019\u00e9quipement de la maison en passant par la r\u00e9novation.<\/p>\n<p style=\"text-align: justify;\">Avec une attention toute particuli\u00e8re port\u00e9e sur la maison, retrouvez des th\u00e9matiques comme \u00eatre propri\u00e9taire, investir dans une valeur refuge, r\u00e9duire les co\u00fbts li\u00e9s \u00e0 l\u2019\u00e9nergie, r\u00e9nover et agrandir son habitat et embellir sa maison.<br \/>\nEchangez ainsi avec plus de 80 exposants.<\/p>\n<h2 style=\"text-align: justify;\"><span style=\"color: #99cc00;\">PACA<\/span><\/h2>\n<h3 style=\"text-align: justify;\"><a href=\"http:\/\/www.rencontredejardins.com\" target=\"_blank\"><span style=\"text-decoration: underline;\"><strong><span style=\"color: #0000ff; text-decoration: underline;\">Rencontre de Jardins<\/span><\/strong><\/span><\/a><\/h3>\n<p style=\"text-align: justify;\"><em>Parc des P\u00e9pini\u00e8res Derbez, Gassin<\/em><br \/>\n<span style=\"color: #ff6600;\">Du 12.09 au 15.09. Ouvert le vendredi de 11h \u00e0 21h, le samedi de 10h \u00e0 21h, le dimanche de 10h \u00e0 20h et le lundi et 10h \u00e0 18h. Tarif 10 \u20ac, gratuit pour les moins de 12 ans.<\/span><\/p>\n<p style=\"text-align: justify;\"><a href=\"http:\/\/www.mamaisonmonjardin.com\/blog\/salons-foires-co-rendez-vous-mois-septembre\/paca-gaussin\/\" rel=\"attachment wp-att-1107\"><img decoding=\"async\" loading=\"lazy\" class=\"alignleft wp-image-1107\" src=\"https:\/\/www.mamaisonmonjardin.com\/blog\/wp-content\/uploads\/2014\/07\/PACA-gaussin-212x300.jpg\" alt=\"PACA-gaussin\" width=\"134\" height=\"189\" srcset=\"https:\/\/www.mamaisonmonjardin.com\/blog\/wp\/wp-content\/uploads\/2014\/07\/PACA-gaussin-212x300.jpg 212w, https:\/\/www.mamaisonmonjardin.com\/blog\/wp\/wp-content\/uploads\/2014\/07\/PACA-gaussin-724x1024.jpg 724w\" sizes=\"(max-width: 134px) 100vw, 134px\" \/><\/a><\/p>\n<p style=\"text-align: justify;\">Ce salon est une r\u00e9f\u00e9rence sur la C\u00f4te d\u2019Azur dans les domaines de l\u2019am\u00e9nagement ext\u00e9rieur, du jardin et du paysage.<\/p>\n<p style=\"text-align: justify;\">Une place toute particuli\u00e8re est faite aux secteurs de l\u2019environnement et de l\u2019\u00e9cologie avec l\u2019int\u00e9gration d\u2019une zone consacr\u00e9e \u00e0 l\u2019\u00e9co-construction et aux mat\u00e9riaux et produits innovants.<\/p>\n<p style=\"text-align: justify;\">En tout, ce sont 33 000 m2 de surface d\u2019exposition qui sont d\u00e9di\u00e9s \u00e0 vos envies.<\/p>\n<h3 style=\"text-align: justify;\"><a href=\"http:\/\/www.niceorganisation.com\/salon-piscine-spa-jardin-cote-dazur\/\" target=\"_blank\"><span style=\"text-decoration: underline;\"><strong><span style=\"color: #0000ff; text-decoration: underline;\">Salon Piscine et Jardin<\/span><\/strong><\/span><\/a><\/h3>\n<p style=\"text-align: justify;\"><em> Min-d\u2019Azur, Nice<\/em><br \/>\n<span style=\"color: #ff6600;\">Du 19.09 au 22.09. Ouvert de 10 \u00e0 19h et le lundi de 10h \u00e0 18h. Entr\u00e9e gratuite.<\/span><\/p>\n<p style=\"text-align: justify;\"><a href=\"http:\/\/www.mamaisonmonjardin.com\/blog\/salons-foires-co-rendez-vous-mois-septembre\/paca-nice\/\" rel=\"attachment wp-att-1108\"><img decoding=\"async\" loading=\"lazy\" class=\"alignleft wp-image-1108\" src=\"https:\/\/www.mamaisonmonjardin.com\/blog\/wp-content\/uploads\/2014\/07\/PACA-Nice-220x300.jpg\" alt=\"PACA-Nice\" width=\"134\" height=\"182\" srcset=\"https:\/\/www.mamaisonmonjardin.com\/blog\/wp\/wp-content\/uploads\/2014\/07\/PACA-Nice-220x300.jpg 220w, https:\/\/www.mamaisonmonjardin.com\/blog\/wp\/wp-content\/uploads\/2014\/07\/PACA-Nice.jpg 400w\" sizes=\"(max-width: 134px) 100vw, 134px\" \/><\/a><\/p>\n<p style=\"text-align: justify;\">D\u00e9couvrez le plus grand salon enti\u00e8rement dedi\u00e9 \u00e0 l\u2019univers de la piscine, du spa et des am\u00e9nagements ext\u00e9rieurs.<\/p>\n<p style=\"text-align: justify;\">Avec ses 20000 m2 d\u2019exposition et ses 120 exposants venus du monde entier, visitez ce v\u00e9ritable village \u00e0 ciel ouvert qui vous donnera l\u2019opportunit\u00e9 de trouver l\u2019inspiration et de faire le point sur les id\u00e9es d\u2019am\u00e9nagement ext\u00e9rieur.<\/p>\n<h3 style=\"text-align: justify;\"><\/h3>\n<h3 style=\"text-align: justify;\"><span style=\"text-decoration: underline;\"><strong><span style=\"color: #0000ff; text-decoration: underline;\">Salon des Energies et de l\u2019Habitat<\/span><\/strong><\/span><\/h3>\n<p style=\"text-align: justify;\"><em> Place de la Clastre, La Celle<\/em><br \/>\n<span style=\"color: #ff6600;\">Le 20.09, ouvert de 10h \u00e0 19h. Entr\u00e9e gratuite.<\/span><\/p>\n<p style=\"text-align: justify;\">Ce salon vous ouvre pour la 4\u00e8me fois ses portes et vous aide \u00e0 concr\u00e9tiser tous vos r\u00eaves d\u2019am\u00e9nagement.<\/p>\n<p style=\"text-align: justify;\">Si vous avez des projets de r\u00e9novation, d\u2019extension ou de construction, des questions aussi bien techniques que pratiques ou relatives au financement, alors ce salon est fait pour vous.<br \/>\nDe nombreux professionnels sont l\u00e0 pour vous conseiller, vous orienter et vous apporter des solutions concr\u00e8tes.<\/p>\n<h3 style=\"text-align: justify;\"><a href=\"http:\/\/www.salonimmobilier-var.com\/index.html\" target=\"_blank\"><span style=\"text-decoration: underline;\"><strong><span style=\"color: #0000ff; text-decoration: underline;\">Salon de l\u2019Immobilier<\/span><\/strong><\/span><\/a><\/h3>\n<p style=\"text-align: justify;\"><em>Palais des Congr\u00e8s Neptune, Toulon<\/em><br \/>\n<span style=\"color: #ff6600;\">Du 19.09 au 21.09, ouvert de 10h \u00e0 19h. Entr\u00e9e gratuite.<\/span><\/p>\n<p style=\"text-align: justify;\"><a href=\"http:\/\/www.mamaisonmonjardin.com\/blog\/salons-foires-co-rendez-vous-mois-septembre\/paca-toulon\/\" rel=\"attachment wp-att-1109\"><img decoding=\"async\" loading=\"lazy\" class=\"alignleft wp-image-1109\" src=\"https:\/\/www.mamaisonmonjardin.com\/blog\/wp-content\/uploads\/2014\/07\/paca-toulon-300x83.png\" alt=\"paca-toulon\" width=\"300\" height=\"83\" srcset=\"https:\/\/www.mamaisonmonjardin.com\/blog\/wp\/wp-content\/uploads\/2014\/07\/paca-toulon-300x83.png 300w, https:\/\/www.mamaisonmonjardin.com\/blog\/wp\/wp-content\/uploads\/2014\/07\/paca-toulon.png 1002w\" sizes=\"(max-width: 300px) 100vw, 300px\" \/><\/a><\/p>\n<p style=\"text-align: justify;\">L\u2019immobilier est un poids important dans notre soci\u00e9t\u00e9 actuelle.<br \/>\nConstruire, acheter, r\u00e9nover, d\u00e9corer, tant de th\u00e9matiques qui demandent des approfondissements.<br \/>\nC\u2019est ce \u00e0 quoi se d\u00e9die le salon de l\u2019immobilier de Toulon Var Provence.<\/p>\n<p style=\"text-align: justify;\">En traitant diff\u00e9rents sujets comme l\u2019immobilier neuf, ancien, les maisons individuelles, les moyens de financement, etc., les diff\u00e9rents acteurs de cet univers vous enrichiront de conseils et d&rsquo;informations utiles.<\/p>\n<h2 style=\"text-align: justify;\"><span style=\"color: #99cc00;\">Pays de la Loire<\/span><\/h2>\n<h3 style=\"text-align: justify;\"><a href=\"http:\/\/www.salonhabitat.net\/saint-nazaire\" target=\"_blank\"><span style=\"text-decoration: underline;\"><strong><span style=\"color: #0000ff; text-decoration: underline;\">Salon de l\u2019Habitat<\/span><\/strong><\/span><\/a><\/h3>\n<p style=\"text-align: justify;\"><em>Parc des expositions &amp; salle Jacques Brel, Saint-Nazaire<\/em><br \/>\n<span style=\"color: #ff6600;\">Du 19.09 au 21.09, ouvert le vendredi de 14h \u00e0 19h et de 10h \u00e0 19h le samedi et dimanche. Tarif 4\u20ac, gratuit pour les moins de 15 ans.<\/span><\/p>\n<p style=\"text-align: justify;\"><a href=\"http:\/\/www.mamaisonmonjardin.com\/blog\/salons-foires-co-rendez-vous-mois-septembre\/paysdelaloire-stnazaire\/\" rel=\"attachment wp-att-1110\"><img decoding=\"async\" loading=\"lazy\" class=\"alignleft wp-image-1110\" src=\"https:\/\/www.mamaisonmonjardin.com\/blog\/wp-content\/uploads\/2014\/07\/paysdelaloire-stnazaire-200x300.jpg\" alt=\"paysdelaloire-stnazaire\" width=\"134\" height=\"201\" srcset=\"https:\/\/www.mamaisonmonjardin.com\/blog\/wp\/wp-content\/uploads\/2014\/07\/paysdelaloire-stnazaire-200x300.jpg 200w, https:\/\/www.mamaisonmonjardin.com\/blog\/wp\/wp-content\/uploads\/2014\/07\/paysdelaloire-stnazaire.jpg 400w\" sizes=\"(max-width: 134px) 100vw, 134px\" \/><\/a><\/p>\n<p style=\"text-align: justify;\">Si vous avez des projets de maison ou \u00eates tout simplement curieux des nouvelles innovations dans le domaine de l\u2019habitat, rendez-vous au salon de l\u2019habitat de Saint-Nazaire.<\/p>\n<p style=\"text-align: justify;\">110 exposants vous y attendent, experts en r\u00e9novation, en \u00e9quipement, en am\u00e9nagement int\u00e9rieur ou ext\u00e9rieur et en d\u00e9coration.<\/p>\n<h2 style=\"text-align: justify;\"><\/h2>\n<h2 style=\"text-align: justify;\"><span style=\"color: #99cc00;\">Picardie<\/span><\/h2>\n<h3 style=\"text-align: justify;\"><a href=\"http:\/\/abcorganisation.canalblog.com\" target=\"_blank\"><span style=\"text-decoration: underline;\"><strong><span style=\"color: #0000ff; text-decoration: underline;\">Salon de l\u2019Habitat et de l\u2019Immobilier<\/span><\/strong><\/span><\/a><\/h3>\n<p style=\"text-align: justify;\"><em>Espace polyvalent Boulodrome<\/em><br \/>\n<span style=\"color: #ff6600;\">Du 27.09 au 28.09, ouvert de 10h \u00e0 18h. Entr\u00e9e gratuite.<\/span><\/p>\n<p style=\"text-align: justify;\">Le salon de l\u2019habitat de Laon regroupe diff\u00e9rents acteurs de l\u2019habitat et de l\u2019immobilier dans un seul et m\u00eame lieu pour aborder avec vous les diff\u00e9rentes th\u00e9matiques de la maison.<br \/>\nA l\u2019honneur\u00a0: la construction, les agences immobili\u00e8res, les courtiers, v\u00e9randas, fen\u00eatres, traitement de l\u2019eau, plafond tendu, po\u00eales ou encore les \u00e9nergies renouvelables.<\/p>\n<h2 style=\"text-align: justify;\"><span style=\"color: #99cc00;\">Poitou-Charente<\/span><\/h2>\n<h3 style=\"text-align: justify;\"><a href=\"http:\/\/www.habitatexpo.fr\" target=\"_blank\"><span style=\"text-decoration: underline;\"><strong><span style=\"color: #0000ff; text-decoration: underline;\">Habitat Expo<\/span><\/strong><\/span><\/a><\/h3>\n<p style=\"text-align: justify;\"><em>Palais des Congr\u00e8s Futuroscope, Poitiers<\/em><br \/>\n<span style=\"color: #ff6600;\">Du 26.09 au 28.09. Ouvert de 14h \u00e0 21h le vendredi et de 10h \u00e0 19h le samedi et dimanche. Tarif 2,50\u20ac, gratuit pour les moins de 16 ans.<\/span><\/p>\n<p style=\"text-align: justify;\"><a href=\"http:\/\/www.mamaisonmonjardin.com\/blog\/salons-foires-co-rendez-vous-mois-septembre\/poitou-charente-poitier\/\" rel=\"attachment wp-att-1111\"><img decoding=\"async\" loading=\"lazy\" class=\"alignleft wp-image-1111\" src=\"https:\/\/www.mamaisonmonjardin.com\/blog\/wp-content\/uploads\/2014\/07\/Poitou-charente-poitier-300x180.jpg\" alt=\"Poitou-charente-poitier\" width=\"210\" height=\"126\" srcset=\"https:\/\/www.mamaisonmonjardin.com\/blog\/wp\/wp-content\/uploads\/2014\/07\/Poitou-charente-poitier-300x180.jpg 300w, https:\/\/www.mamaisonmonjardin.com\/blog\/wp\/wp-content\/uploads\/2014\/07\/Poitou-charente-poitier.jpg 340w\" sizes=\"(max-width: 210px) 100vw, 210px\" \/><\/a><\/p>\n<p style=\"text-align: justify;\">Vous avez des projets de construction, r\u00e9novation et am\u00e9nagement et des questions sans r\u00e9ponses\u00a0?<\/p>\n<p style=\"text-align: justify;\">Venez donc \u00e0 la rencontre d\u2019une palette compl\u00e8te d\u2019intervenants du monde de l\u2019habitat et trouvez les solutions pour mieux vivre chez vous.<\/p>\n<h2 style=\"text-align: justify;\"><span style=\"color: #99cc00;\">Rhone-Alpes<\/span><\/h2>\n<h3 style=\"text-align: justify;\"><a href=\"http:\/\/www.maison-passion.fr\" target=\"_blank\"><span style=\"text-decoration: underline;\"><strong><span style=\"color: #0000ff; text-decoration: underline;\">Maison Passion &amp; R\u00e9novation<\/span><\/strong><\/span><\/a><\/h3>\n<p style=\"text-align: justify;\"><em>Centre International de Rencontres, Saint-Vulbas<\/em><br \/>\n<span style=\"color: #ff6600;\">Du 21.09 au 23.09. Ouvert de 10h \u00e0 22h le vendredi, de 10h \u00e0 19h le samedi et le dimanche et de 10h \u00e0 18h le lundi. Tarif 4 \u20ac.<\/span><\/p>\n<p style=\"text-align: justify;\"><a href=\"http:\/\/www.mamaisonmonjardin.com\/blog\/salons-foires-co-rendez-vous-mois-septembre\/rhone-alpes-stvulbas\/\" rel=\"attachment wp-att-1112\"><img decoding=\"async\" loading=\"lazy\" class=\"alignleft wp-image-1112\" src=\"https:\/\/www.mamaisonmonjardin.com\/blog\/wp-content\/uploads\/2014\/07\/Rhone-alpes-stvulbas-300x212.jpg\" alt=\"Rhone-alpes-stvulbas\" width=\"210\" height=\"148\" srcset=\"https:\/\/www.mamaisonmonjardin.com\/blog\/wp\/wp-content\/uploads\/2014\/07\/Rhone-alpes-stvulbas-300x212.jpg 300w, https:\/\/www.mamaisonmonjardin.com\/blog\/wp\/wp-content\/uploads\/2014\/07\/Rhone-alpes-stvulbas.jpg 450w\" sizes=\"(max-width: 210px) 100vw, 210px\" \/><\/a><\/p>\n<p style=\"text-align: justify;\">Ce premier rendez-vous autour de l\u2019habitat, de l\u2019immobilier et du jardin vous attend au c\u0153ur de la plaine de l\u2019Ain.<\/p>\n<p style=\"text-align: justify;\">Si vous \u00eates \u00e0 la\u00a0recherche d\u2019artisans et de leur savoir-faire et de qualit\u00e9 d\u2019ouvrage, alors ce salon est fait pour vous.<\/p>\n<p style=\"text-align: justify;\">Il vous offre une technique tr\u00e8s repr\u00e9sent\u00e9e de l\u2019immobilier, de la construction traditionnelle ou bois et de l\u2019agencement de l\u2019int\u00e9rieur et du jardin.<\/p>\n<h3 style=\"text-align: justify;\"><a href=\"http:\/\/www.pgpa.asso.cc-pays-de-gex.fr\" target=\"_blank\"><span style=\"text-decoration: underline;\"><strong><span style=\"color: #0000ff; text-decoration: underline;\">Salon de l\u2019Habitat et de la D\u00e9coration<\/span><\/strong><\/span><\/a><\/h3>\n<p style=\"text-align: justify;\"><em> Espace Perdtemps, Gex<\/em><br \/>\n<span style=\"color: #ff6600;\">Du 19.09 au 21.09. Ouvert de 11h30 \u00e0 21h le vendredi, de 10h30 \u00e0 20h le samedi et de 10h30 \u00e0 19h. Tarif 4\u20ac, valable pour toute la dur\u00e9e du salon.<\/span><\/p>\n<p style=\"text-align: justify;\"><a href=\"http:\/\/www.mamaisonmonjardin.com\/blog\/salons-foires-co-rendez-vous-mois-septembre\/rhone-alpes-gex\/\" rel=\"attachment wp-att-1113\"><img decoding=\"async\" loading=\"lazy\" class=\"alignleft wp-image-1113\" src=\"https:\/\/www.mamaisonmonjardin.com\/blog\/wp-content\/uploads\/2014\/07\/rhone-alpes-gex.jpg\" alt=\"rhone-alpes-gex\" width=\"134\" height=\"190\" \/><\/a><\/p>\n<p style=\"text-align: justify;\">Cette 12\u00e8me \u00e9dition du salon de l\u2019habitat et de la d\u00e9coration souhaite une nouvelle fois faciliter les rapports entre prestataires et professionnels du b\u00e2timent et le public \u00e0 la recherche d\u2019une solution pour des probl\u00e8mes de logement, de travaux et d&rsquo;\u00e9conomie d\u2019\u00e9nergie.<\/p>\n<p style=\"text-align: justify;\">Les besoins et les innovations en terme d\u2019habitat sain ne sont pas en reste gr\u00e2ce \u00e0 la mise en avant de th\u00e9matiques comme l\u2019\u00e9co-construction et le respect de l\u2019environnement.<\/p>\n<h3 style=\"text-align: justify;\"><\/h3>\n<h3 style=\"text-align: justify;\"><a href=\"http:\/\/www.habitalpes.com\/index.php?page=salon&amp;ville=Bourgoin\" target=\"_blank\"><span style=\"text-decoration: underline;\"><strong><span style=\"color: #0000ff; text-decoration: underline;\">Salon de l\u2019Habitat Habit\u2019Alpes<\/span><\/strong><\/span><\/a><\/h3>\n<p style=\"text-align: justify;\"><em> Tennis couvert, Bourgoin-Jallieu<\/em><br \/>\n<span style=\"color: #ff6600;\">Du 19.09 au 21.09. Ouvert de 14h \u00e0 19h le vendredi, de 10h \u00e0 19h le samedi et de 10h \u00e0 18h le dimanche. Entr\u00e9e gratuite.<\/span><\/p>\n<p style=\"text-align: justify;\"><a href=\"http:\/\/www.mamaisonmonjardin.com\/blog\/salons-foires-co-rendez-vous-mois-septembre\/rhone-alpes-bourgoin\/\" rel=\"attachment wp-att-1114\"><img decoding=\"async\" loading=\"lazy\" class=\"alignleft wp-image-1114\" src=\"https:\/\/www.mamaisonmonjardin.com\/blog\/wp-content\/uploads\/2014\/07\/rhone-alpes-bourgoin-300x199.jpg\" alt=\"rhone-alpes-bourgoin\" width=\"210\" height=\"140\" srcset=\"https:\/\/www.mamaisonmonjardin.com\/blog\/wp\/wp-content\/uploads\/2014\/07\/rhone-alpes-bourgoin-300x199.jpg 300w, https:\/\/www.mamaisonmonjardin.com\/blog\/wp\/wp-content\/uploads\/2014\/07\/rhone-alpes-bourgoin.jpg 500w\" sizes=\"(max-width: 210px) 100vw, 210px\" \/><\/a><\/p>\n<p style=\"text-align: justify;\">Depuis maintenant 6 ans, le salon de l\u2019habitat anime votre ville. Il permet la cr\u00e9ation d\u2019un v\u00e9ritable lien entre les professionnels de l\u2019habitat et vous.<\/p>\n<p style=\"text-align: justify;\">Ils sont nombreux \u00e0 votre service, pr\u00eat \u00e0 mettre en avant leurs comp\u00e9tences\u00a0ou vous aider dans la planification de vos travaux ou de vos projets.<\/p>\n<h3 style=\"text-align: justify;\"><a href=\"http:\/\/www.destination-habitat.fr\/bellegarde\" target=\"_blank\"><span style=\"text-decoration: underline;\"><strong><span style=\"color: #0000ff; text-decoration: underline;\">Salon Destination Habitat<\/span><\/strong><\/span><\/a><\/h3>\n<p style=\"text-align: justify;\"><em> Place Carnot, Bellegarde-Sur-Valserine<\/em><br \/>\n<span style=\"color: #ff6600;\">Du 26.09 au 28.09, ouvert de 10h \u00e0 19h. Entr\u00e9e gratuite.<\/span><\/p>\n<p style=\"text-align: justify;\"><a href=\"http:\/\/www.mamaisonmonjardin.com\/blog\/salons-foires-co-rendez-vous-mois-septembre\/rhonealpes-bellegarde\/\" rel=\"attachment wp-att-1115\"><img decoding=\"async\" loading=\"lazy\" class=\"alignleft wp-image-1115\" src=\"https:\/\/www.mamaisonmonjardin.com\/blog\/wp-content\/uploads\/2014\/07\/rhonealpes-bellegarde-300x150.jpg\" alt=\"rhonealpes-bellegarde\" width=\"210\" height=\"105\" srcset=\"https:\/\/www.mamaisonmonjardin.com\/blog\/wp\/wp-content\/uploads\/2014\/07\/rhonealpes-bellegarde-300x150.jpg 300w, https:\/\/www.mamaisonmonjardin.com\/blog\/wp\/wp-content\/uploads\/2014\/07\/rhonealpes-bellegarde.jpg 340w\" sizes=\"(max-width: 210px) 100vw, 210px\" \/><\/a><\/p>\n<p style=\"text-align: justify;\">Le salon Destination Habitat a pour objectifs de mettre en avant dans un m\u00eame lieu diff\u00e9rent artisans sur les secteurs d\u2019activit\u00e9s li\u00e9s \u00e0 l\u2019habitat comme la construction, la r\u00e9novation, l\u2019am\u00e9nagement int\u00e9rieur et ext\u00e9rieur ou encore la d\u00e9coration.<\/p>\n<p style=\"text-align: justify;\">Venez \u00e0 la rencontre de professionnels form\u00e9s \u00e0 vos priorit\u00e9s et engag\u00e9s \u00e0 vos c\u00f4t\u00e9s.<\/p>\n<h3 style=\"text-align: justify;\"><a href=\"http:\/\/www.salons-immo-loire.fr\" target=\"_blank\"><span style=\"text-decoration: underline;\"><strong><span style=\"color: #0000ff; text-decoration: underline;\">Salon de l\u2019Immobilier et du D\u00e9veloppement Durable<\/span><\/strong><\/span><\/a><\/h3>\n<p style=\"text-align: justify;\"><em>Le Scarab\u00e9e, Roanne<\/em><br \/>\n<span style=\"color: #ff6600;\">Du 26.09 au 28.09. Ouvert le vendredi de 14h \u00e0 19h et de 10h \u00e0 19h le samedi et dimanche. Entr\u00e9e gratuite.<\/span><\/p>\n<p style=\"text-align: justify;\"><a href=\"http:\/\/www.mamaisonmonjardin.com\/blog\/salons-foires-co-rendez-vous-mois-septembre\/rhonealpes-roanne\/\" rel=\"attachment wp-att-1116\"><img decoding=\"async\" loading=\"lazy\" class=\"alignleft size-medium wp-image-1116\" src=\"https:\/\/www.mamaisonmonjardin.com\/blog\/wp-content\/uploads\/2014\/07\/Rhonealpes-roanne-300x79.png\" alt=\"Rhonealpes-roanne\" width=\"300\" height=\"79\" srcset=\"https:\/\/www.mamaisonmonjardin.com\/blog\/wp\/wp-content\/uploads\/2014\/07\/Rhonealpes-roanne-300x79.png 300w, https:\/\/www.mamaisonmonjardin.com\/blog\/wp\/wp-content\/uploads\/2014\/07\/Rhonealpes-roanne.png 895w\" sizes=\"(max-width: 300px) 100vw, 300px\" \/><\/a><\/p>\n<p style=\"text-align: justify;\">Retrouvez en un seul et m\u00eame lieu tous les acteurs incontournables de l\u2019immobilier et du d\u00e9veloppement durable de la r\u00e9gion roannaise comme les promoteurs, les constructeurs, les agents immobiliers, les notaires, les banques, les installateurs, les institutionnels ou encore les associations.<\/p>\n<p style=\"text-align: justify;\">Allez \u00e0 leur rencontre et informez-vous, demandez des conseils et trouvez les r\u00e9ponses \u00e0 vos questions afin de rendre votre r\u00eave de maison r\u00e9alit\u00e9.<\/p>\n","protected":false},"excerpt":{"rendered":"<p>Septembre, c\u2019est le mois pour tout changer\u00a0! Les vacances se terminent et les enfants reprennent la route de l\u2019\u00e9cole. Mais il y a tout de m\u00eame de quoi sourire : les nouvelles tendances et modes [&hellip;]<\/p>\n","protected":false},"author":2,"featured_media":1118,"comment_status":"open","ping_status":"closed","sticky":false,"template":"","format":"standard","meta":{"ngg_post_thumbnail":0},"categories":[11],"tags":[],"_links":{"self":[{"href":"https:\/\/www.mamaisonmonjardin.com\/blog\/wp-json\/wp\/v2\/posts\/1094"}],"collection":[{"href":"https:\/\/www.mamaisonmonjardin.com\/blog\/wp-json\/wp\/v2\/posts"}],"about":[{"href":"https:\/\/www.mamaisonmonjardin.com\/blog\/wp-json\/wp\/v2\/types\/post"}],"author":[{"embeddable":true,"href":"https:\/\/www.mamaisonmonjardin.com\/blog\/wp-json\/wp\/v2\/users\/2"}],"replies":[{"embeddable":true,"href":"https:\/\/www.mamaisonmonjardin.com\/blog\/wp-json\/wp\/v2\/comments?post=1094"}],"version-history":[{"count":0,"href":"https:\/\/www.mamaisonmonjardin.com\/blog\/wp-json\/wp\/v2\/posts\/1094\/revisions"}],"wp:featuredmedia":[{"embeddable":true,"href":"https:\/\/www.mamaisonmonjardin.com\/blog\/wp-json\/wp\/v2\/media\/1118"}],"wp:attachment":[{"href":"https:\/\/www.mamaisonmonjardin.com\/blog\/wp-json\/wp\/v2\/media?parent=1094"}],"wp:term":[{"taxonomy":"category","embeddable":true,"href":"https:\/\/www.mamaisonmonjardin.com\/blog\/wp-json\/wp\/v2\/categories?post=1094"},{"taxonomy":"post_tag","embeddable":true,"href":"https:\/\/www.mamaisonmonjardin.com\/blog\/wp-json\/wp\/v2\/tags?post=1094"}],"curies":[{"name":"wp","href":"https:\/\/api.w.org\/{rel}","templated":true}]}}