{"id":1119,"date":"2014-08-20T06:12:05","date_gmt":"2014-08-20T04:12:05","guid":{"rendered":"http:\/\/www.mamaisonmonjardin.com\/blog\/?p=1119"},"modified":"2023-07-13T16:52:47","modified_gmt":"2023-07-13T14:52:47","slug":"le-corbusier-portrait-sur-nom-legendaire-architecture","status":"publish","type":"post","link":"https:\/\/www.mamaisonmonjardin.com\/blog\/le-corbusier-portrait-sur-nom-legendaire-architecture\/","title":{"rendered":"Le Corbusier : portrait sur un nom l\u00e9gendaire de l&rsquo;architecture"},"content":{"rendered":"<p style=\"text-align: justify;\">Le XX\u00e8me si\u00e8cle a marqu\u00e9 un v\u00e9ritable tournant tant d&rsquo;un point de vue&nbsp;\u00e9conomique, culturel que soci\u00e9tal.<br \/>\nIl a \u00e9galement accueilli de grands noms qui ont r\u00e9volutionn\u00e9 leur domaine.&nbsp;C\u2019est notamment le cas de <strong>Le Corbusier<\/strong>.<\/p>\n<p style=\"text-align: justify;\">Cet <strong>architecte suisse<\/strong> a laiss\u00e9 une profonde emprunte, tant par ses travaux que par sa vision.<br \/>\n<!--more--><\/p>\n<p style=\"text-align: justify;\">Adul\u00e9 ou ignor\u00e9, il n\u2019a pas toujours fait l\u2019unanimit\u00e9 mais il ne fait aucun doute que le <strong>mouvement moderne<\/strong> dont il est le pr\u00e9curseur a marqu\u00e9 l\u2019architecture.<br \/>\nApprochons nous de plus pr\u00e8s et revenons le temps d\u2019un article sur la vie et le travail de cet homme l\u00e9gendaire.<\/p>\n<h2 style=\"text-align: justify;\">Portrait d\u2019un homme mythique<\/h2>\n<p style=\"text-align: justify;\">Charles-Edouard Jeanneret-Gris, qui prendra le pseudonyme <strong>\u00ab&nbsp;Le Corbusier&nbsp;\u00bb<\/strong> bien plus tard, nait en 1887 \u00e0 la Chaux-de-Fond, une petite ville du Canton de Neuch\u00e2tel, en Suisse.<\/p>\n<p style=\"text-align: justify;\">Il se destine rapidement aux arts et entre en 1904 au cours sup\u00e9rieur de d\u00e9coration \u00e0 <strong>l\u2019\u00e9cole d\u2019Art de la Chaux-de-Fond<\/strong>.<br \/>\nMais le directeur de l\u2019\u00e9cole, Charles L\u2019Eplattenier, peine \u00e0 l\u2019imaginer dans ce domaine et l\u2019aide \u00e0 se r\u00e9orienter en architecture. Il n\u2019obtient pourtant pas le dipl\u00f4me d\u2019architecte-d\u00e9corateur et fait suivre sa formation de <strong>plusieurs voyages<\/strong>, notamment en France, Italie, Allemagne, Roumanie, Gr\u00e8ce, Bulgarie, Turquie o\u00f9 il va d\u00e9couvrir une architecture diff\u00e9rente, des styles nouveaux et propres \u00e0 chaque pays, qui vont <strong>l\u2019inspirer<\/strong> pour ses projets futurs.<br \/>\nLa seule formation valide et officielle qu\u2019on lui reconna\u00eet est celle de <strong>dessinateur<\/strong>, qu\u2019il obtient en 1914.<\/p>\n<p style=\"text-align: justify;\">Cette m\u00eame ann\u00e9e, Le Corbusier&nbsp;prend la d\u00e9cision de devenir un <strong>architecte libre<\/strong> mais son agence enchaine les probl\u00e8mes techniques. C\u2019est un \u00e9chec&#8230;<br \/>\nMais il en faut plus pour d\u00e9courager Charles-Edouard Jeanneret-Gris.<br \/>\nEn 1917, la Premi\u00e8re Guerre mondiale touche \u00e0 sa fin et pressentant la victoire des fran\u00e7ais, il d\u00e9cide de r\u00e9aliser son r\u00eave&nbsp;: <strong>reconstruire Paris<\/strong>, une ville qu\u2019il a tout particuli\u00e8rement aim\u00e9 lors de ses pr\u00e9c\u00e9dents voyages. Il d\u00e9m\u00e9nage donc dans la capitale et y ouvre une nouvelle agence.<\/p>\n<p style=\"text-align: justify;\">S\u2019installer \u00e0 Paris lui offre l\u2019opportunit\u00e9 de rencontrer des peintres, po\u00e8tes, artistes et autres architectes qui vont l\u2019influencer et l\u2019inspirer tout au long de son parcours.<br \/>\nIl va notamment <strong>fonder les bases du \u00ab&nbsp;purisme&nbsp;\u00bb<\/strong>, un courant post-cubisme, avec le peintre Am\u00e9d\u00e9e Ozenfant et exposer des peintures \u00e0 l\u2019huile.<\/p>\n<p style=\"text-align: justify;\">Mais en cette \u00e9poque pr\u00e9caire, exposer rapporte peu et l\u2019agence tarde \u00e0 d\u00e9coller. Le Corbusier enchaine alors diverses fonctions pr\u00e9caires.<\/p>\n<p style=\"text-align: justify;\">En 1920, il cr\u00e9e avec Ozenfant et le po\u00e8te Paul Derm\u00e9e <strong>l\u2019Esprit Nouveau<\/strong>, une <strong>revue d\u2019architectur<\/strong>e qui met notamment en avant le mouvement purisme. Il signera pour la premi\u00e8re fois quelques articles \u00ab\u00a0Le Corbusier\u00a0\u00bb, un pseudonyme emprunt\u00e9 \u00e0 un de ses anc\u00eatres, \u00ab&nbsp;Lecorb\u00e9sier&nbsp;\u00bb.<\/p>\n<p style=\"text-align: justify;\">Il forme avec son cousin <strong>Pierre Jeanneret<\/strong>, qui a rejoint l\u2019agence en 1922, un duo&nbsp;efficace.<br \/>\nLa d\u00e9cennie qui suit voit se construire plusieurs villas et des projets prendre vie.<br \/>\nLe Corbusier se penche aussi sur l\u2019ameublement et le design en faisant notamment des <strong>recherches sur les mati\u00e8res<\/strong> et les <strong>formes<\/strong> autour d\u2019un style minimaliste.<\/p>\n<p style=\"text-align: justify;\">Sa renomm\u00e9e devient internationale lorsqu\u2019il participe avec 28 autres architectes \u00e0 l\u2019organisation du premier <strong>Congr\u00e8s International d\u2019Architecture Moderne<\/strong> (CIAM) qui vise \u00e0 d\u00e9fendre une architecture et un urbanisme pratiques. Ce courant de pens\u00e9e repose notamment sur le mouvement moderne dont Le Corbusier est indubitablement un instigateur.<\/p>\n<p style=\"text-align: justify;\">L\u2019agence ferme ses portes en p\u00e9riode de guerre pour reprendre ses activit\u00e9s en 1945. Mais elle change l\u00e9g\u00e8rement de direction. Les gros travaux on\u00e9reux passent au second plan.<\/p>\n<p style=\"text-align: justify;\">Le temps est aux <strong>reconstructions<\/strong> pour les plus d\u00e9munis et les sinistr\u00e9s. C\u2019est le d\u00e9but de <strong>l\u2019industrialisation du b\u00e2timent<\/strong>&nbsp;avec des <strong>constructions standardis\u00e9s<\/strong> qui s\u2019av\u00e8rent plus \u00e9conomiques.<br \/>\nNait alors l\u2019Atelier des B\u00e2tisseurs au sein du cabinet (ATBAT) qui va notamment cr\u00e9er la premi\u00e8re <strong>unit\u00e9 d\u2019habitation<\/strong> \u00e0 Marseille.<\/p>\n<p style=\"text-align: justify;\">Alors que le monde se reconstruit et que les Trente Glorieuses battent leur plein, la renomm\u00e9e de Le Corbusier n\u2019a de cesse de s\u2019\u00e9tendre. On le retrouve par exemple \u00e0 Bogota ou en Inde o\u00f9 il est particuli\u00e8rement populaire.<\/p>\n<p style=\"text-align: justify;\">Il&nbsp;meurt en 1965, laissant derri\u00e8re lui un grand nom du monde de l\u2019art et de l\u2019architecture.<\/p>\n<h2 style=\"text-align: justify;\">La vision d\u2019un homme moderne<\/h2>\n<p style=\"text-align: justify;\">Le Corbusier a marqu\u00e9 le monde de l\u2019architecture par sa <strong>vision authentique et r\u00e9volutionnaire<\/strong>.<\/p>\n<p style=\"text-align: justify;\">Anticonformiste, son d\u00e9sir de changer les choses et sa rationalit\u00e9 l\u00e9gendaire l\u2019ont pouss\u00e9 \u00e0 \u00e9laborer des r\u00e9flexions qui ont r\u00e9ellement chang\u00e9 la sph\u00e8re architecturale.<\/p>\n<p style=\"text-align: justify;\">Il introduit d\u2019abord le <strong>concept de purisme<\/strong> avec Am\u00e9d\u00e9e Ozenfant avant de s\u2019attaquer au <strong>mouvement moderne<\/strong>.<\/p>\n<p style=\"text-align: justify;\">Au milieu des nombreux ambassadeurs de ce courant&nbsp;qui r\u00e9volutionne le monde de l\u2019art, il en propose, avec son cousin Pierre Jeanneret, une <strong>d\u00e9finition en cinq points<\/strong>&nbsp;:<\/p>\n<ul>\n<li style=\"text-align: justify;\">Les <strong>pilotis<\/strong>,<\/li>\n<li style=\"text-align: justify;\">Le <strong>toit-terrasse&nbsp;<\/strong>: le toit en pente dispara\u00eet au profit d\u2019un toit plat qui offre un nouvel espace d\u2019am\u00e9nagement,<\/li>\n<li style=\"text-align: justify;\">Le <strong>plan libre<\/strong>&nbsp;: l\u2019utilisation de nouveaux mat\u00e9riaux comme le b\u00e9ton arm\u00e9 ou encore l\u2019acier permet de soulever l\u2019obligation de construire des murs porteurs et de les remplacer par des poteaux,<\/li>\n<li style=\"text-align: justify;\">La <strong>fen\u00eatre<\/strong> en longueur,<\/li>\n<li style=\"text-align: justify;\">La <strong>fa\u00e7ade<\/strong> libre.<\/li>\n<\/ul>\n<p style=\"text-align: justify;\">A la suite de la publication de l\u2019ouvrage<em> Les cinq points de l\u2019architecture moderne<\/em>, publi\u00e9 en 1927 par Le Corbusier et Pierre Jeanneret, de nombreux b\u00e2timents issus de l\u2019architecture moderne s\u2019\u00e9rigeront en respectant ces lois.<\/p>\n<h2 style=\"text-align: justify;\">Un architecte, mais pas seulement&#8230;<\/h2>\n<p style=\"text-align: justify;\">Si on associe le plus souvent Le Corbusier \u00e0 des constructions architecturales et aux nouveaux courants de pens\u00e9e, il s\u2019est \u00e9galement pench\u00e9 sur la question de <strong>l\u2019ameublement et du design<\/strong>.<\/p>\n<p style=\"text-align: justify;\">Afin de meubler les villas La Roche et Church, il s\u2019associe avec <strong>Charlotte Perriand<\/strong>, une jeune designer qui s\u2019est faite remarqu\u00e9e au salon d\u2019automne de 1927.<br \/>\nEnsemble et avec Pierre Jeanneret, ils imaginent toute une <strong>s\u00e9rie de chaises et fauteuils<\/strong> qui, encore aujourd\u2019hui, connaissent une grande popularit\u00e9.<\/p>\n<p style=\"text-align: justify;\">Parmi ces assises, nous retrouvons notamment le c\u00e9l\u00e8bre <strong>fauteuil LC4<\/strong>.<br \/>\nCommercialis\u00e9e aujourd\u2019hui par l\u2019\u00e9diteur de luxe italien Cassina, la chaise longue qui se pare d&rsquo;une position modulable offre une r\u00e9elle exp\u00e9rience de confort et avant-gardiste.<\/p>\n","protected":false},"excerpt":{"rendered":"<p>Le XX\u00e8me si\u00e8cle a marqu\u00e9 un v\u00e9ritable tournant tant d&rsquo;un point de vue&nbsp;\u00e9conomique, culturel que soci\u00e9tal. Il a \u00e9galement accueilli de grands noms qui ont r\u00e9volutionn\u00e9 leur domaine.&nbsp;C\u2019est notamment le cas de Le Corbusier. Cet [&hellip;]<\/p>\n","protected":false},"author":2,"featured_media":0,"comment_status":"open","ping_status":"closed","sticky":false,"template":"","format":"standard","meta":{"ngg_post_thumbnail":0},"categories":[4],"tags":[],"_links":{"self":[{"href":"https:\/\/www.mamaisonmonjardin.com\/blog\/wp-json\/wp\/v2\/posts\/1119"}],"collection":[{"href":"https:\/\/www.mamaisonmonjardin.com\/blog\/wp-json\/wp\/v2\/posts"}],"about":[{"href":"https:\/\/www.mamaisonmonjardin.com\/blog\/wp-json\/wp\/v2\/types\/post"}],"author":[{"embeddable":true,"href":"https:\/\/www.mamaisonmonjardin.com\/blog\/wp-json\/wp\/v2\/users\/2"}],"replies":[{"embeddable":true,"href":"https:\/\/www.mamaisonmonjardin.com\/blog\/wp-json\/wp\/v2\/comments?post=1119"}],"version-history":[{"count":0,"href":"https:\/\/www.mamaisonmonjardin.com\/blog\/wp-json\/wp\/v2\/posts\/1119\/revisions"}],"wp:attachment":[{"href":"https:\/\/www.mamaisonmonjardin.com\/blog\/wp-json\/wp\/v2\/media?parent=1119"}],"wp:term":[{"taxonomy":"category","embeddable":true,"href":"https:\/\/www.mamaisonmonjardin.com\/blog\/wp-json\/wp\/v2\/categories?post=1119"},{"taxonomy":"post_tag","embeddable":true,"href":"https:\/\/www.mamaisonmonjardin.com\/blog\/wp-json\/wp\/v2\/tags?post=1119"}],"curies":[{"name":"wp","href":"https:\/\/api.w.org\/{rel}","templated":true}]}}