{"id":1153,"date":"2014-10-01T06:01:43","date_gmt":"2014-10-01T04:01:43","guid":{"rendered":"http:\/\/www.mamaisonmonjardin.com\/blog\/?p=1153"},"modified":"2015-01-12T17:24:36","modified_gmt":"2015-01-12T16:24:36","slug":"salons-foires-co-les-rendez-vous-du-mois-octobre-2014","status":"publish","type":"post","link":"https:\/\/www.mamaisonmonjardin.com\/blog\/salons-foires-co-les-rendez-vous-du-mois-octobre-2014\/","title":{"rendered":"Salons, Foires &#038; Co : les rendez-vous du mois d&rsquo;octobre 2014"},"content":{"rendered":"<p style=\"text-align: justify;\">Ca se passe pr\u00e8s de chez vous !<br \/>\nVoici notre\u00a0s\u00e9lection des\u00a0\u00e9v\u00e9nements \u00e0 ne pas rater en octobre destin\u00e9s \u00e0 concr\u00e9tiser vos projets d\u2019am\u00e9nagement ou tout simplement \u00e0 se\u00a0tenir au courant des derni\u00e8res tendances.<br \/>\n<!--more--><\/p>\n<p style=\"text-align: justify;\"><span style=\"color: #99cc00;\">ALSACE<\/span><\/p>\n<h3 style=\"text-align: justify;\"><strong><a href=\"http:\/\/maisondeco-colmar.fr\" target=\"_blank\"><span style=\"text-decoration: underline;\">Salon Maison D\u00e9co de Colmar<\/span><br \/>\n<\/a><\/strong><em>Du 17 au 20 octobre 2014 &#8211;\u00a0Parc Expo de Colmar<\/em><\/h3>\n<p style=\"text-align: justify;\">Un monde d\u2019id\u00e9es et d\u2019i<img decoding=\"async\" loading=\"lazy\" class=\"alignleft wp-image-1167 size-medium\" style=\"border: 2px solid #000000;\" src=\"https:\/\/www.mamaisonmonjardin.com\/blog\/wp-content\/uploads\/2014\/09\/Salon-maison-deco-colmar-300x224.jpg\" alt=\"Salon-maison-deco-colmar\" width=\"300\" height=\"224\" srcset=\"https:\/\/www.mamaisonmonjardin.com\/blog\/wp\/wp-content\/uploads\/2014\/09\/Salon-maison-deco-colmar-300x224.jpg 300w, https:\/\/www.mamaisonmonjardin.com\/blog\/wp\/wp-content\/uploads\/2014\/09\/Salon-maison-deco-colmar.jpg 909w\" sizes=\"(max-width: 300px) 100vw, 300px\" \/>nspirations s\u2019offre \u00e0 vous avec des gammes de meubles contemporains, du mobilier vintage, de l\u2019artisanat traditionnel et des solutions avant-gardistes d\u2019habitat.<\/p>\n<p style=\"text-align: justify;\">A noter que des conf\u00e9rences et des ateliers pratiques sont organis\u00e9s. Programme \u00e0 suivre donc !<\/p>\n<p>&nbsp;<\/p>\n<p>&nbsp;<\/p>\n<p>&nbsp;<\/p>\n<p>&nbsp;<\/p>\n<p>&nbsp;<\/p>\n<p><span style=\"color: #99cc00;\">AQUITAINE<\/span><\/p>\n<h3 style=\"text-align: justify;\"><span style=\"text-decoration: underline;\"><a href=\"http:\/\/salonsolutionsmaison.com\/index.php\" target=\"_blank\"><strong>Salon de l\u2019Habitat \u00e0 Biarritz<\/strong><br \/>\n<\/a><\/span><em>Du 2 au 5 octobre 2014 &#8211; Halle d\u2019Iraty<\/em><\/h3>\n<p style=\"text-align: justify;\"><span style=\"color: #ff6600;\">De 14h \u00e0 19h le jeudi et de 10h \u00e0 19h les autres jours.<br \/>\n<\/span><span style=\"color: #ff6600;\">Entr\u00e9e \u00e0 6\u20ac, gratuit pour les moins de 18 ans, 3\u20ac pour les personnes \u00e2g\u00e9es de plus de 60 ans pour le jeudi 2 et vendredi 3 octobre.<\/span><\/p>\n<p style=\"text-align: justify;\"><img decoding=\"async\" loading=\"lazy\" class=\"alignleft wp-image-1163 size-medium\" style=\"border: 2px solid #000000;\" src=\"https:\/\/www.mamaisonmonjardin.com\/blog\/wp-content\/uploads\/2014\/09\/Salon-Habitat-Biarritz-300x137.jpg\" alt=\"Salon-Habitat-Biarritz\" width=\"300\" height=\"137\" srcset=\"https:\/\/www.mamaisonmonjardin.com\/blog\/wp\/wp-content\/uploads\/2014\/09\/Salon-Habitat-Biarritz-300x137.jpg 300w, https:\/\/www.mamaisonmonjardin.com\/blog\/wp\/wp-content\/uploads\/2014\/09\/Salon-Habitat-Biarritz.jpg 337w\" sizes=\"(max-width: 300px) 100vw, 300px\" \/>4 univers\u00a0r\u00e9unit en un seul salon : l\u2019habitat, la d\u00e9coration, l\u2019immobilier et les services \u00e0 la personne.<\/p>\n<p style=\"text-align: justify;\">Un \u00e9v\u00e9nement qui regroupe une grande partie de la c\u00f4te basque et des Landes pour des id\u00e9es originales d\u2019am\u00e9nagement.<\/p>\n<p>&nbsp;<\/p>\n<p>&nbsp;<\/p>\n<p>&nbsp;<\/p>\n<p style=\"text-align: justify;\"><span style=\"color: #99cc00;\">BASSE NORMANDIE<\/span><\/p>\n<h3 style=\"text-align: justify;\"><span style=\"text-decoration: underline;\"><strong><a href=\"http:\/\/passionnementjardin.org\/salon-pj-deauville\/le-salon\/\" target=\"_blank\">Salon Passionn\u00e9ment Jardin \u00e0 Deauville<br \/>\n<\/a><\/strong><\/span><em>4 et 5 octobre 2014 &#8211; \u00c9tablissement \u00c9lie de Brignac \u00e0 Deauville<\/em><\/h3>\n<p style=\"text-align: justify;\"><span style=\"color: #ff6600;\">De 10h \u00e0 19h. Tarif de 5\u20ac. Gratuit pour les moins de 18 ans.<\/span><\/p>\n<p style=\"text-align: justify;\"><img decoding=\"async\" loading=\"lazy\" class=\"alignleft wp-image-1157\" style=\"border: 2px solid #000000;\" src=\"https:\/\/www.mamaisonmonjardin.com\/blog\/wp-content\/uploads\/2014\/09\/Affiche-Passionnement-Jardin-Deauville-2014-511x1024-149x300.jpg\" alt=\"Affiche-Passionnement-Jardin-Deauville-2014-511x1024\" width=\"119\" height=\"238\" \/>70 professionnels du jardin (paysagistes, p\u00e9pini\u00e9ristes, horticulteurs, etc) pour d\u00e9couvrir ou red\u00e9couvrir les v\u00e9g\u00e9taux, appr\u00e9hender les bons outils, et conna\u00eetres les bons gestes \u00e0 appliquer au jardin.<\/p>\n<p style=\"text-align: justify;\">Une exposition-vente pour rentrer de bon pied dans l\u2019automne !<\/p>\n<p>&nbsp;<\/p>\n<p>&nbsp;<\/p>\n<p>&nbsp;<\/p>\n<p>&nbsp;<\/p>\n<p>&nbsp;<\/p>\n<p>&nbsp;<\/p>\n<p>&nbsp;<\/p>\n<p style=\"text-align: justify;\"><span style=\"color: #99cc00;\">BOURGOGNE<\/span><\/p>\n<h3 style=\"text-align: justify;\"><span style=\"text-decoration: underline;\"><strong><a href=\"http:\/\/www.jbc-organisation.com\/salon-habitat-et-immobilier-macon\/\" target=\"_blank\">Salon Habitat et D\u00e9co de Macon<br \/>\n<\/a><\/strong><\/span><em>Du 10 au 13 octobre 2014 &#8211;\u00a0Parc des Expositions de M\u00e2con<\/em><\/h3>\n<p style=\"text-align: justify;\"><span style=\"color: #ff6600;\">De 10 \u00e0 20h du vendredi au dimanche &#8211;\u00a0De 10h \u00e0 19h lundi.<\/span><br \/>\n<span style=\"color: #ff6600;\">Gratuit le lundi. 4\u20ac pour les autres jours.<\/span><\/p>\n<p style=\"text-align: justify;\"><img decoding=\"async\" loading=\"lazy\" class=\"alignleft wp-image-1164 size-medium\" style=\"border: 2px solid #000000;\" src=\"https:\/\/www.mamaisonmonjardin.com\/blog\/wp-content\/uploads\/2014\/09\/Salon-Habitat-deco-macon-300x80.jpg\" alt=\"Salon-Habitat-deco-macon\" width=\"300\" height=\"80\" srcset=\"https:\/\/www.mamaisonmonjardin.com\/blog\/wp\/wp-content\/uploads\/2014\/09\/Salon-Habitat-deco-macon-300x80.jpg 300w, https:\/\/www.mamaisonmonjardin.com\/blog\/wp\/wp-content\/uploads\/2014\/09\/Salon-Habitat-deco-macon.jpg 800w\" sizes=\"(max-width: 300px) 100vw, 300px\" \/>Sur plus de 6 500 m2 d\u2019exposition, vous appr\u00e9henderez les nouvelles tendances de la d\u00e9co int\u00e9rieure et ext\u00e9rieure.<\/p>\n<p style=\"text-align: justify;\">Nouveaut\u00e9 pour cette \u00e9dition : l\u2019organisation d\u2019une \u00e9tape r\u00e9gionale du Grand Prix National des Arts de la Table.<\/p>\n<p>&nbsp;<\/p>\n<p><span style=\"color: #99cc00;\">\u00a0BRETAGNE<\/span><\/p>\n<h3 style=\"text-align: justify;\"><span style=\"text-decoration: underline;\"><strong><a href=\"http:\/\/www.salonespritmaison.com\" target=\"_blank\">Esprit Maison Esprit Jardin \u00e0 Rennes<br \/>\n<\/a><\/strong><\/span><em>Du 3 au 6 octobre 2014 &#8211;\u00a0Parc des Expositions de Rennes<\/em><\/h3>\n<p style=\"text-align: justify;\"><img decoding=\"async\" loading=\"lazy\" class=\"alignleft wp-image-1159\" style=\"border: 2px solid #000000;\" src=\"https:\/\/www.mamaisonmonjardin.com\/blog\/wp-content\/uploads\/2014\/09\/Esprit-maison-jardin-300x292.png\" alt=\"Esprit-maison-jardin\" width=\"170\" height=\"166\" srcset=\"https:\/\/www.mamaisonmonjardin.com\/blog\/wp\/wp-content\/uploads\/2014\/09\/Esprit-maison-jardin-300x292.png 300w, https:\/\/www.mamaisonmonjardin.com\/blog\/wp\/wp-content\/uploads\/2014\/09\/Esprit-maison-jardin.png 380w\" sizes=\"(max-width: 170px) 100vw, 170px\" \/>3 halls pour repenser votre d\u00e9coration et votre domicile : ameublement-d\u00e9coration, habitat-archi-ma\u00eetrise d&rsquo;\u0153uvre, jardin in &amp; out.<\/p>\n<p>&nbsp;<\/p>\n<p>&nbsp;<\/p>\n<p>&nbsp;<\/p>\n<h3><span style=\"text-decoration: underline;\"><strong><a href=\"http:\/\/www.habitatexpo.fr\/salons\/brest-automne\/habitat-expo-brest\" target=\"_blank\">Salon Habitat Expo Brest<br \/>\n<\/a><\/strong><\/span><em>Du 4 au 6 octobre 2014 &#8211;\u00a0Parc des Expositions de Penfeld\u00a0<\/em><\/h3>\n<p style=\"text-align: justify;\"><span style=\"color: #ff6600;\">De 10h \u00e0 19h le samedi et dimanche &#8211;\u00a0De 10h \u00e0 18h le lundi. <\/span><br \/>\n<span style=\"color: #ff6600;\">Entr\u00e9e \u00e0 5\u20ac. Gratuit pour les moins de 16 ans.\u00a0<\/span><\/p>\n<p style=\"text-align: justify;\"><img decoding=\"async\" loading=\"lazy\" class=\"alignleft wp-image-1171\" style=\"border: 2px solid #000000;\" src=\"https:\/\/www.mamaisonmonjardin.com\/blog\/wp-content\/uploads\/2014\/09\/Habitat-expo-brest-300x180.jpg\" alt=\"Habitat-expo-brest\" width=\"200\" height=\"120\" srcset=\"https:\/\/www.mamaisonmonjardin.com\/blog\/wp\/wp-content\/uploads\/2014\/09\/Habitat-expo-brest-300x180.jpg 300w, https:\/\/www.mamaisonmonjardin.com\/blog\/wp\/wp-content\/uploads\/2014\/09\/Habitat-expo-brest.jpg 340w\" sizes=\"(max-width: 200px) 100vw, 200px\" \/>Vous \u00eates porteur d\u2019un projet pour votre maison ou appartement ? Alors venez trouver des id\u00e9es et des solutions gr\u00e2ce \u00e0 la pr\u00e9sence de plus de 250 professionnels de l\u2019am\u00e9nagement int\u00e9rieur et ext\u00e9rieur !<\/p>\n<p style=\"text-align: justify;\">Une s\u00e9rie de conf\u00e9rences sur des th\u00e8mes de la d\u00e9coration et de la r\u00e9novation sont \u00e9galement au programme.<\/p>\n<p>&nbsp;<\/p>\n<p style=\"text-align: justify;\"><span style=\"color: #99cc00;\">CENTRE<\/span><\/p>\n<h3 style=\"text-align: justify;\"><span style=\"text-decoration: underline;\"><strong><a href=\"http:\/\/www.salondeco-tours.com\" target=\"_blank\">Salon D\u00e9co Tours<br \/>\n<\/a><\/strong><\/span><em>Du 10 au 12 octobre 2014 &#8211;\u00a0Parc Expo Tours<\/em><\/h3>\n<p style=\"text-align: justify;\"><span style=\"color: #ff9900;\">De 10h \u00e0 19h &#8211; Entr\u00e9e et parking gratuits<\/span><\/p>\n<p style=\"text-align: justify;\"><img decoding=\"async\" loading=\"lazy\" class=\"alignleft wp-image-1166\" style=\"border: 2px solid #000000;\" src=\"https:\/\/www.mamaisonmonjardin.com\/blog\/wp-content\/uploads\/2014\/09\/Salon-deco-Tours-300x225.jpg\" alt=\"Deco-4x3_Mise en page 1\" width=\"180\" height=\"135\" srcset=\"https:\/\/www.mamaisonmonjardin.com\/blog\/wp\/wp-content\/uploads\/2014\/09\/Salon-deco-Tours-300x225.jpg 300w, https:\/\/www.mamaisonmonjardin.com\/blog\/wp\/wp-content\/uploads\/2014\/09\/Salon-deco-Tours-1024x768.jpg 1024w\" sizes=\"(max-width: 180px) 100vw, 180px\" \/>Se retrouvent plus de 100 exposants entre artisans, d\u00e9corateurs, architectes d\u2019int\u00e9rieur et d\u2019ext\u00e9rieur, fabricants et revendeurs pour d\u00e9voiler de nouvelles inspirations pour sa maison et son jardin.<\/p>\n<p style=\"text-align: justify;\">A souligner qu\u2019en parall\u00e8le de cet \u00e9v\u00e9nement se d\u00e9roule, sur le m\u00eame lieu, le salon de l\u2019Habitat.<\/p>\n<p>&nbsp;<\/p>\n<p>&nbsp;<\/p>\n<p>&nbsp;<\/p>\n<p style=\"text-align: justify;\"><span style=\"color: #99cc00;\">LANGUEDOC-ROUSSILLON<\/span><\/p>\n<h3 style=\"text-align: justify;\"><span style=\"text-decoration: underline;\"><strong><a href=\"http:\/\/expo-nimes.com\/visiter\/immobilier-et-habitat\" target=\"_blank\">Salon de l\u2019Habitat et de l\u2019Immobilier \u00e0 N\u00eemes<br \/>\n<\/a><\/strong><\/span><em>Du 24 au 26 octobre 2014 &#8211; N\u00eemes Parc Expo<\/em><\/h3>\n<p style=\"text-align: justify;\"><span style=\"color: #ff9900;\">De 14h \u00e0 21h le vendredi et de 10h \u00e0 19h le samedi et dimanche.<\/span><\/p>\n<p style=\"text-align: justify;\"><img decoding=\"async\" loading=\"lazy\" class=\"alignleft wp-image-1160\" style=\"border: 2px solid #000000;\" src=\"https:\/\/www.mamaisonmonjardin.com\/blog\/wp-content\/uploads\/2014\/09\/Salon-habitati-Nimes-300x224.jpg\" alt=\"Salon-habitati-Nimes\" width=\"200\" height=\"150\" srcset=\"https:\/\/www.mamaisonmonjardin.com\/blog\/wp\/wp-content\/uploads\/2014\/09\/Salon-habitati-Nimes-300x224.jpg 300w, https:\/\/www.mamaisonmonjardin.com\/blog\/wp\/wp-content\/uploads\/2014\/09\/Salon-habitati-Nimes.jpg 334w\" sizes=\"(max-width: 200px) 100vw, 200px\" \/>Le lieu de rencontre pour avoir de nouvelles id\u00e9es en mati\u00e8re d\u2019am\u00e9nagement int\u00e9rieur-ext\u00e9rieur et d\u2019immobilier.<\/p>\n<p style=\"text-align: justify;\">St\u00e9phane Plaza, connu pour ses \u00e9missions \u2018Maison \u00e0 vendre\u2019 et \u2018Recherche appartement ou maison\u2019, devrait \u00eatre pr\u00e9sent le dimanche pour une conf\u00e9rence sur le home staging.<\/p>\n<p>&nbsp;<\/p>\n<p>&nbsp;<\/p>\n<p>&nbsp;<\/p>\n<p><span style=\"color: #99cc00;\">\u00a0MIDI PYRENEES<\/span><\/p>\n<h3 style=\"text-align: justify;\"><span style=\"text-decoration: underline;\"><strong><a href=\"http:\/\/www.salon-habitat-toulouse.com\" target=\"_blank\">Salon de l\u2019Habitat<\/a><br \/>\n<\/strong><\/span><em>Du 1er au 5 octobre 2014 &#8211;\u00a0Parc des Expositions de Toulouse<\/em><\/h3>\n<p style=\"text-align: justify;\"><span style=\"color: #ff9900;\">De 10h \u00e0 19h &#8211;\u00a0Nocturne jusqu\u2019\u00e0 22h le vendredi.<br \/>\nEntr\u00e9e \u00e0 5\u20ac. Gratuit pour les moins de 10 ans.<\/span><\/p>\n<p style=\"text-align: justify;\"><img decoding=\"async\" loading=\"lazy\" class=\"alignleft wp-image-1161\" style=\"border: 2px solid #000000;\" src=\"https:\/\/www.mamaisonmonjardin.com\/blog\/wp-content\/uploads\/2014\/09\/Habitat2014-Toulouse-204x300.jpg\" alt=\"Habitat2014-120-176.indd\" width=\"154\" height=\"226\" srcset=\"https:\/\/www.mamaisonmonjardin.com\/blog\/wp\/wp-content\/uploads\/2014\/09\/Habitat2014-Toulouse-204x300.jpg 204w, https:\/\/www.mamaisonmonjardin.com\/blog\/wp\/wp-content\/uploads\/2014\/09\/Habitat2014-Toulouse.jpg 403w\" sizes=\"(max-width: 154px) 100vw, 154px\" \/>Un salon pour obtenir des id\u00e9es et tout changer&#8230;<\/p>\n<p style=\"text-align: justify;\">Venez concr\u00e9tiser vos projets d\u2019am\u00e9nagement, d\u2019\u00e9quipement et de r\u00e9novation gr\u00e2ce aux 4 univers d\u00e9di\u00e9s : un espace design, un \u2018espace \u2018Home conseils\u2019, un espace jardin et un espace d\u00e9di\u00e9 au bois.<\/p>\n<p>&nbsp;<\/p>\n<p>&nbsp;<\/p>\n<p>&nbsp;<\/p>\n<p>&nbsp;<\/p>\n<p>&nbsp;<\/p>\n<p>&nbsp;<\/p>\n<p style=\"text-align: justify;\"><span style=\"color: #99cc00;\">PAYS DE LA LOIRE<\/span><\/p>\n<h3 style=\"text-align: justify;\"><span style=\"text-decoration: underline;\"><strong><a href=\"http:\/\/www.oryon-evenements.fr\/habitatandco.php\" target=\"_blank\">Salon Habitat &amp; Co de La Roche sur Yon<\/a><\/strong><\/span><br \/>\n<em>Du 3 au 5 octobre 2014 &#8211;\u00a0Parc Expo Les Oudairies<\/em><\/h3>\n<p style=\"text-align: justify;\"><span style=\"color: #ff9900;\">De 10h \u00e0 19h. Entr\u00e9e gratuite<\/span><\/p>\n<p style=\"text-align: justify;\"><img decoding=\"async\" loading=\"lazy\" class=\"alignleft wp-image-1162 size-medium\" style=\"border: 2px solid #000000;\" src=\"https:\/\/www.mamaisonmonjardin.com\/blog\/wp-content\/uploads\/2014\/09\/habitat-and-co-roche-sur-yon-300x63.jpg\" alt=\"habitat-and-co-roche-sur-yon\" width=\"300\" height=\"63\" srcset=\"https:\/\/www.mamaisonmonjardin.com\/blog\/wp\/wp-content\/uploads\/2014\/09\/habitat-and-co-roche-sur-yon-300x63.jpg 300w, https:\/\/www.mamaisonmonjardin.com\/blog\/wp\/wp-content\/uploads\/2014\/09\/habitat-and-co-roche-sur-yon.jpg 760w\" sizes=\"(max-width: 300px) 100vw, 300px\" \/>Acteurs du b\u00e2timent, de la construction et de l\u2019am\u00e9nagement int\u00e9rieur-ext\u00e9rieur se retrouvent en un m\u00eame lieu pour exposer les nouveaux concepts de l\u2019habitat et de la d\u00e9coration.<\/p>\n<p style=\"text-align: justify;\">A cela s\u2019ajoute un espace sp\u00e9cifique d\u00e9di\u00e9 au d\u00e9veloppement durable et \u00e0 l\u2019\u00e9co-construction.<\/p>\n<p style=\"text-align: justify;\"><span style=\"color: #99cc00;\">PICARDIE<\/span><\/p>\n<h3 style=\"text-align: justify;\"><span style=\"text-decoration: underline;\"><strong><a href=\"http:\/\/amiens.amenago.com\" target=\"_blank\">Amenago Amiens<br \/>\n<\/a><\/strong><\/span><em>Du 10 au 12 octobre 2014 &#8211;\u00a0Amiens M\u00e9gacit\u00e9<\/em><\/h3>\n<p style=\"text-align: justify;\"><span style=\"color: #ff9900;\">De 14h \u00e0 21h le vendredi &#8211;\u00a0 De 10h \u00e0 19h le samedi et de 10h \u00e0 18h le dimanche.<br \/>\nTarif de 5\u20ac. Gratuit pour les moins de 15 ans.<\/span><\/p>\n<p style=\"text-align: justify;\"><img decoding=\"async\" loading=\"lazy\" class=\"alignleft wp-image-1158 size-medium\" style=\"border: 2px solid #000000;\" src=\"https:\/\/www.mamaisonmonjardin.com\/blog\/wp-content\/uploads\/2014\/09\/Salon-amenago-300x56.png\" alt=\"Salon-amenago\" width=\"300\" height=\"56\" srcset=\"https:\/\/www.mamaisonmonjardin.com\/blog\/wp\/wp-content\/uploads\/2014\/09\/Salon-amenago-300x56.png 300w, https:\/\/www.mamaisonmonjardin.com\/blog\/wp\/wp-content\/uploads\/2014\/09\/Salon-amenago.png 915w\" sizes=\"(max-width: 300px) 100vw, 300px\" \/>Le rendez-vous habitat incontournable en r\u00e9gion Ami\u00e9noise !<\/p>\n<p style=\"text-align: justify;\">80 exposants pour r\u00e9pondre aux questions de financement et de construction et pour apporter de nouvelles solutions en terme de d\u00e9coration et de r\u00e9novation de sa maison-appartement.<\/p>\n<p style=\"text-align: justify;\"><span style=\"color: #99cc00;\">POITOU-CHARENTES<\/span><\/p>\n<h3 style=\"text-align: justify;\"><span style=\"text-decoration: underline;\"><strong><a href=\"http:\/\/www.salon-deco-larochelle.fr\" target=\"_blank\">Salon D\u00e9co de La Rochelle<br \/>\n<\/a><\/strong><\/span><em>Du 24 au 27 octobre 2014 &#8211;\u00a0Espace Encan de La Rochelle<\/em><\/h3>\n<p style=\"text-align: justify;\"><span style=\"color: #ff6600;\">De 10h \u00e0 19h du vendredi au dimanche. De 10h \u00e0 18h le lundi. Entr\u00e9e \u00e0 6\u20ac, gratuit pour les moins de 16 ans.<\/span><\/p>\n<p style=\"text-align: justify;\"><img decoding=\"async\" loading=\"lazy\" class=\"alignleft wp-image-1168\" style=\"border: 2px solid #000000;\" src=\"https:\/\/www.mamaisonmonjardin.com\/blog\/wp-content\/uploads\/2014\/09\/Salon-LaRochelle-201x300.jpg\" alt=\"Salon-LaRochelle\" width=\"170\" height=\"253\" srcset=\"https:\/\/www.mamaisonmonjardin.com\/blog\/wp\/wp-content\/uploads\/2014\/09\/Salon-LaRochelle-201x300.jpg 201w, https:\/\/www.mamaisonmonjardin.com\/blog\/wp\/wp-content\/uploads\/2014\/09\/Salon-LaRochelle.jpg 680w\" sizes=\"(max-width: 170px) 100vw, 170px\" \/>Cr\u00e9ation, innovation et design sont les ma\u00eetres-mots de cette 13\u00e8me \u00e9dition du salon D\u00e9co de la Rochelle ou pas moins de 130 exposants r\u00e9pondront pr\u00e9sents.<\/p>\n<p style=\"text-align: justify;\">Un salon r\u00e9v\u00e9lateur de tendances !<\/p>\n<h3 style=\"text-align: justify;\"><span style=\"text-decoration: underline;\"><strong><a href=\"http:\/\/www.habitat79.com\" target=\"_blank\">Salon Habitat de Niort<br \/>\n<\/a><\/strong><\/span><em>Du 10 au 13 octobre 2014 &#8211;\u00a0Niort Parc Expos de Noron<\/em><\/h3>\n<p style=\"text-align: justify;\"><span style=\"color: #ff6600;\">Tarif de 5\u20ac. Gratuit pour les moins de 12 ans.<\/span><\/p>\n<p style=\"text-align: justify;\"><img decoding=\"async\" loading=\"lazy\" class=\"alignleft wp-image-1156\" style=\"border: 2px solid #000000;\" src=\"https:\/\/www.mamaisonmonjardin.com\/blog\/wp-content\/uploads\/2014\/09\/Salon-Habitat-Niort-300x153.jpg\" alt=\"Salon-Habitat-Niort\" width=\"180\" height=\"92\" srcset=\"https:\/\/www.mamaisonmonjardin.com\/blog\/wp\/wp-content\/uploads\/2014\/09\/Salon-Habitat-Niort-300x153.jpg 300w, https:\/\/www.mamaisonmonjardin.com\/blog\/wp\/wp-content\/uploads\/2014\/09\/Salon-Habitat-Niort.jpg 980w\" sizes=\"(max-width: 180px) 100vw, 180px\" \/>4 jours de conseils de pro, d\u2019animations (Speed Dating D\u00e9co, une expo 100% couleurs, une serre g\u00e9ante, etc)\u00a0 et de services.<\/p>\n<h3 style=\"text-align: justify;\"><span style=\"text-decoration: underline;\"><strong><a href=\"http:\/\/www.salonhabitat16.com\" target=\"_blank\">Salon de l\u2019Habitat \u00e0 Angoul\u00eame<\/a><\/strong><\/span><br \/>\n<em>Du 3 au 5 octobre 2014 &#8211;\u00a0Parc des Expos du Grand Angoul\u00eame<\/em><\/h3>\n<p style=\"text-align: justify;\"><span style=\"color: #ff6600;\">De 10h \u00e0 21h le vendredi &#8211;\u00a0De 10h \u00e0 19h les samedi et dimanche.<\/span><br \/>\n<span style=\"color: #ff6600;\">Entr\u00e9e de 1\u20ac le vendredi et de 4\u20ac le samedi ou dimanche.<\/span><\/p>\n<p style=\"text-align: justify;\"><img decoding=\"async\" loading=\"lazy\" class=\"alignleft wp-image-1155\" style=\"border: 2px solid #000000;\" src=\"https:\/\/www.mamaisonmonjardin.com\/blog\/wp-content\/uploads\/2014\/09\/Salon-habitat-angouleme-300x223.jpg\" alt=\"Salon-habitat-angouleme\" width=\"180\" height=\"134\" srcset=\"https:\/\/www.mamaisonmonjardin.com\/blog\/wp\/wp-content\/uploads\/2014\/09\/Salon-habitat-angouleme-300x223.jpg 300w, https:\/\/www.mamaisonmonjardin.com\/blog\/wp\/wp-content\/uploads\/2014\/09\/Salon-habitat-angouleme.jpg 519w\" sizes=\"(max-width: 180px) 100vw, 180px\" \/>Une institution que ce salon de l\u2019Habitat de la Charente puisqu\u2019il s\u2019agit de la 39\u00e8me \u00e9dition !<\/p>\n<p style=\"text-align: justify;\">Des professionnels av\u00e9r\u00e9s pour construire, r\u00e9nover, am\u00e9nager, d\u00e9corer et financer ses projets, des animations et des tables rondes font le succ\u00e8s de cet \u00e9v\u00e9nement.<\/p>\n<p>&nbsp;<\/p>\n<p>&nbsp;<\/p>\n<p>&nbsp;<\/p>\n<p style=\"text-align: justify;\"><span style=\"color: #99cc00;\">PROVENCE ALPES COTE D\u2019AZUR<\/span><\/p>\n<h3 style=\"text-align: justify;\"><span style=\"text-decoration: underline;\"><strong><a href=\"http:\/\/www.salonsdudauphine.fr\/index.php?page=habitat-gap\" target=\"_blank\">Salon de l\u2019Habitat \u00e0 Gap<\/a><\/strong><\/span><br \/>\n<em>Du 10 au 12 octobre 2014 &#8211;\u00a0Le Quattro<\/em><\/h3>\n<p style=\"text-align: justify;\"><span style=\"color: #ff9900;\">Horaires d\u2019ouverture de 10h \u00e0 19h. Entr\u00e9e gratuite.<\/span><\/p>\n<p style=\"text-align: justify;\"><img decoding=\"async\" loading=\"lazy\" class=\"alignleft wp-image-1154 size-medium\" style=\"border: 2px solid #000000;\" src=\"https:\/\/www.mamaisonmonjardin.com\/blog\/wp-content\/uploads\/2014\/09\/Salon-habitat-gap-300x56.png\" alt=\"Salon-habitat-gap\" width=\"300\" height=\"56\" srcset=\"https:\/\/www.mamaisonmonjardin.com\/blog\/wp\/wp-content\/uploads\/2014\/09\/Salon-habitat-gap-300x56.png 300w, https:\/\/www.mamaisonmonjardin.com\/blog\/wp\/wp-content\/uploads\/2014\/09\/Salon-habitat-gap.png 889w\" sizes=\"(max-width: 300px) 100vw, 300px\" \/>Opportunit\u00e9s, solutions, conseils, pour devenir propri\u00e9taire et am\u00e9nager sa maison.<\/p>\n<p>&nbsp;<\/p>\n<p style=\"text-align: justify;\"><span style=\"color: #99cc00;\">RHONE-ALPES<\/span><\/p>\n<h3 style=\"text-align: justify;\"><span style=\"text-decoration: underline;\"><strong><a href=\"http:\/\/www.salon-home.com\" target=\"_blank\">Salon Home<\/a><br \/>\n<\/strong><\/span><em>Du 9 au 12 octobre 2014 &#8211;\u00a0Eurexpo Lyon<\/em><\/h3>\n<p style=\"text-align: justify;\"><span style=\"color: #ff9900;\">De 14h \u00e0 22h le jeudi 9 octobre, de 10h \u00e0 19h pour les 3 autres jours.<\/span><br \/>\n<span style=\"color: #ff9900;\">Entr\u00e9e \u00e0 7\u20ac pour les adultes, 5\u20ac de 12 \u00e0 18 ans, et gratuit pour les moins de 11 ans.<\/span><\/p>\n<p style=\"text-align: justify;\"><img decoding=\"async\" loading=\"lazy\" class=\"alignleft wp-image-1165\" style=\"border: 0px solid #000000;\" src=\"https:\/\/www.mamaisonmonjardin.com\/blog\/wp-content\/uploads\/2014\/09\/Salon-Home-Lyon-300x239.jpg\" alt=\"Salon-Home-Lyon\" width=\"200\" height=\"160\" srcset=\"https:\/\/www.mamaisonmonjardin.com\/blog\/wp\/wp-content\/uploads\/2014\/09\/Salon-Home-Lyon-300x239.jpg 300w, https:\/\/www.mamaisonmonjardin.com\/blog\/wp\/wp-content\/uploads\/2014\/09\/Salon-Home-Lyon.jpg 704w\" sizes=\"(max-width: 200px) 100vw, 200px\" \/>Des envies de changement pour votre int\u00e9rieur ? Alors foncez au salon Home !<\/p>\n<p style=\"text-align: justify;\">Au c\u0153ur de cet \u00e9v\u00e9nement, des architectes d\u2019int\u00e9rieur installeront un showroom \u00e9ph\u00e9m\u00e8re d\u2019innovations.<\/p>\n<h3><span style=\"text-decoration: underline;\"><strong><a href=\"http:\/\/www.foire-salons-montelimar.fr\/salons.php?id=55\" target=\"_blank\">Salon Habitat de Mont\u00e9limar<br \/>\n<\/a><\/strong><\/span><em>Du 10 au 12 octobre 2014 &#8211;\u00a0Palais de Congr\u00e8s Charles Aznavour\u00a0<\/em><\/h3>\n<p><span style=\"color: #ff6600;\">De 14h \u00e0 20h le vendredi et de 10h \u00e0 20h le week-end.<\/span><\/p>\n<p style=\"text-align: justify;\"><img decoding=\"async\" loading=\"lazy\" class=\"alignleft wp-image-1170 size-medium\" style=\"border: 2px solid #000000;\" src=\"https:\/\/www.mamaisonmonjardin.com\/blog\/wp-content\/uploads\/2014\/09\/Salon-habitat-montelimar-300x64.jpg\" alt=\"Salon-habitat-montelimar\" width=\"300\" height=\"64\" srcset=\"https:\/\/www.mamaisonmonjardin.com\/blog\/wp\/wp-content\/uploads\/2014\/09\/Salon-habitat-montelimar-300x64.jpg 300w, https:\/\/www.mamaisonmonjardin.com\/blog\/wp\/wp-content\/uploads\/2014\/09\/Salon-habitat-montelimar.jpg 649w\" sizes=\"(max-width: 300px) 100vw, 300px\" \/>Agences immobili\u00e8res, entreprises de construction de maisons individuelles, de chauffage, de climatisation, de cuisine, piscine, alarme, \u00e9nergies renouvelables, menuiserie PVC bois &amp; alu, vous donnent rendez-vous pour vous conseiller et vous pr\u00e9senter leurs derni\u00e8res nouveaut\u00e9s.<\/p>\n","protected":false},"excerpt":{"rendered":"<p>Ca se passe pr\u00e8s de chez vous ! Voici notre\u00a0s\u00e9lection des\u00a0\u00e9v\u00e9nements \u00e0 ne pas rater en octobre destin\u00e9s \u00e0 concr\u00e9tiser vos projets d\u2019am\u00e9nagement ou tout simplement \u00e0 se\u00a0tenir au courant des derni\u00e8res tendances.<\/p>\n","protected":false},"author":2,"featured_media":1181,"comment_status":"open","ping_status":"closed","sticky":false,"template":"","format":"standard","meta":{"ngg_post_thumbnail":0},"categories":[11],"tags":[],"_links":{"self":[{"href":"https:\/\/www.mamaisonmonjardin.com\/blog\/wp-json\/wp\/v2\/posts\/1153"}],"collection":[{"href":"https:\/\/www.mamaisonmonjardin.com\/blog\/wp-json\/wp\/v2\/posts"}],"about":[{"href":"https:\/\/www.mamaisonmonjardin.com\/blog\/wp-json\/wp\/v2\/types\/post"}],"author":[{"embeddable":true,"href":"https:\/\/www.mamaisonmonjardin.com\/blog\/wp-json\/wp\/v2\/users\/2"}],"replies":[{"embeddable":true,"href":"https:\/\/www.mamaisonmonjardin.com\/blog\/wp-json\/wp\/v2\/comments?post=1153"}],"version-history":[{"count":0,"href":"https:\/\/www.mamaisonmonjardin.com\/blog\/wp-json\/wp\/v2\/posts\/1153\/revisions"}],"wp:featuredmedia":[{"embeddable":true,"href":"https:\/\/www.mamaisonmonjardin.com\/blog\/wp-json\/wp\/v2\/media\/1181"}],"wp:attachment":[{"href":"https:\/\/www.mamaisonmonjardin.com\/blog\/wp-json\/wp\/v2\/media?parent=1153"}],"wp:term":[{"taxonomy":"category","embeddable":true,"href":"https:\/\/www.mamaisonmonjardin.com\/blog\/wp-json\/wp\/v2\/categories?post=1153"},{"taxonomy":"post_tag","embeddable":true,"href":"https:\/\/www.mamaisonmonjardin.com\/blog\/wp-json\/wp\/v2\/tags?post=1153"}],"curies":[{"name":"wp","href":"https:\/\/api.w.org\/{rel}","templated":true}]}}