{"id":1225,"date":"2015-01-31T06:25:40","date_gmt":"2015-01-31T05:25:40","guid":{"rendered":"http:\/\/www.mamaisonmonjardin.com\/blog\/?p=1225"},"modified":"2015-01-19T18:26:13","modified_gmt":"2015-01-19T17:26:13","slug":"salons-foires-co-les-rendez-vous-du-mois-de-fevrier-2015","status":"publish","type":"post","link":"https:\/\/www.mamaisonmonjardin.com\/blog\/salons-foires-co-les-rendez-vous-du-mois-de-fevrier-2015\/","title":{"rendered":"Salons, Foires &#038; co : Les rendez-vous du mois de f\u00e9vrier 2015"},"content":{"rendered":"<p style=\"text-align: justify;\">F\u00e9vrier, mois le plus court de l&rsquo;ann\u00e9e, pointe d\u00e9j\u00e0 le bout de son nez&#8230;<br \/>\nProfitez de ces jours maussades pour partir en qu\u00eate de nouvelles tendances en terme de d\u00e9coration int\u00e9rieure et ext\u00e9rieure qui feront votre joie \u00e0 la belle\u00a0saison.<\/p>\n<p style=\"text-align: justify;\">Des salons et des \u00e9v\u00e9nements destin\u00e9s \u00e0 vous\u00a0aider \u00e0\u00a0concr\u00e9tiser vos projets d\u2019am\u00e9nagement.<br \/>\n<!--more--><\/p>\n<h2 style=\"text-align: justify;\"><span style=\"color: #99cc00;\">ALSACE<\/span><\/h2>\n<h3 style=\"text-align: justify;\"><a href=\"http:\/\/www.saverne-expo.fr\">Saverne expo<\/a><\/h3>\n<p style=\"text-align: justify;\"><em>Champ de Foire &#8211;\u00a0Saverne<br \/>\n<\/em><span style=\"color: #ff9900;\">Du 30 janvier au 2 f\u00e9vrier 2015<\/span><\/p>\n<p style=\"text-align: justify;\"><img decoding=\"async\" loading=\"lazy\" class=\"alignleft wp-image-1238\" style=\"border: 1px solid #000000;\" src=\"https:\/\/www.mamaisonmonjardin.com\/blog\/wp-content\/uploads\/2015\/01\/salon-saverne-expo-300x300.jpg\" alt=\"salon saverne expo\" width=\"210\" height=\"210\" srcset=\"https:\/\/www.mamaisonmonjardin.com\/blog\/wp\/wp-content\/uploads\/2015\/01\/salon-saverne-expo-300x300.jpg 300w, https:\/\/www.mamaisonmonjardin.com\/blog\/wp\/wp-content\/uploads\/2015\/01\/salon-saverne-expo-150x150.jpg 150w, https:\/\/www.mamaisonmonjardin.com\/blog\/wp\/wp-content\/uploads\/2015\/01\/salon-saverne-expo.jpg 600w\" sizes=\"(max-width: 210px) 100vw, 210px\" \/><\/p>\n<p style=\"text-align: justify;\">Un salon habitat et d\u00e9co qui r\u00e9unit tous les corps de m\u00e9tiers indispensables \u00e0 la construction d\u2019une maison ou \u00e0\u00a0l&rsquo;agencement de son domicile.<\/p>\n<h3 style=\"text-align: justify;\"><\/h3>\n<h2 style=\"text-align: justify;\"><\/h2>\n<h2 style=\"text-align: justify;\"><\/h2>\n<h2 style=\"text-align: justify;\"><\/h2>\n<h2 style=\"text-align: justify;\"><span style=\"color: #99cc00;\">BASSE NORMANDIE<\/span><\/h2>\n<h3 style=\"text-align: justify;\"><a href=\"http:\/\/www.salon-habitat-normandie.fr\/component\/allevents\/display\/event\/default\/71-vire-salon-habitat-deco-jardin-2015.html?Itemid=101\"><span style=\"text-decoration: underline;\">Salon Habitat D\u00e9co et Jardin<\/span><\/a><\/h3>\n<p style=\"text-align: justify;\"><em>Hippodrome de Vire<br \/>\n<\/em><span style=\"color: #ff9900;\">Du 21 et 22\u00a0f\u00e9vrier 2015<\/span><\/p>\n<p style=\"text-align: justify;\"><img decoding=\"async\" loading=\"lazy\" class=\"alignleft wp-image-1232 size-medium\" style=\"border: 1px solid #000000;\" src=\"https:\/\/www.mamaisonmonjardin.com\/blog\/wp-content\/uploads\/2015\/01\/Salon-Habitat-D\u00e9co-Jardin-Vire-212x300.jpg\" alt=\"Salon Habitat D\u00e9co &amp; Jardin Vire\" width=\"212\" height=\"300\" srcset=\"https:\/\/www.mamaisonmonjardin.com\/blog\/wp\/wp-content\/uploads\/2015\/01\/Salon-Habitat-D\u00e9co-Jardin-Vire-212x300.jpg 212w, https:\/\/www.mamaisonmonjardin.com\/blog\/wp\/wp-content\/uploads\/2015\/01\/Salon-Habitat-D\u00e9co-Jardin-Vire.jpg 300w\" sizes=\"(max-width: 212px) 100vw, 212px\" \/><\/p>\n<p style=\"text-align: justify;\">Vous d\u00e9couvrirez\u00a0tout ce qu&rsquo;il faut\u00a0savoir sur l&rsquo;espace d\u00e9coration et am\u00e9nagement de votre maison ainsi que des gestes \u00e9co-responsables pour\u00a0utiliser au maximum les \u00e9nergies renouvelables\u00a0au coeur de votre future habitation.<\/p>\n<h3 style=\"text-align: justify;\"><\/h3>\n<h3 style=\"text-align: justify;\"><\/h3>\n<h3 style=\"text-align: justify;\"><\/h3>\n<h3 style=\"text-align: justify;\"><\/h3>\n<h3 style=\"text-align: justify;\"><a href=\"http:\/\/www.salon-habitat-normandie.fr\/component\/allevents\/display\/event\/default\/70-la-ferte-mace-salon-habitat-2015.html?Itemid=101\"><span style=\"text-decoration: underline;\">Salon Habitat &#8211; Economie d&rsquo;\u00e9nergie<\/span><\/a><\/h3>\n<p style=\"text-align: justify;\"><em>La Fert\u00e9-Mac\u00e9, salle Guy Rossolini<br \/>\n<\/em><span style=\"color: #ff9900;\">Du 31 janvier et 1er f\u00e9vrier 2015 \u00a0<\/span><\/p>\n<h3 style=\"text-align: justify;\">\u00a0<img decoding=\"async\" loading=\"lazy\" class=\"alignleft wp-image-1240\" style=\"border: 1px solid #000000;\" src=\"https:\/\/www.mamaisonmonjardin.com\/blog\/wp-content\/uploads\/2015\/01\/salon-ferte-mace-212x300.jpg\" alt=\"salon ferte mace\" width=\"180\" height=\"255\" srcset=\"https:\/\/www.mamaisonmonjardin.com\/blog\/wp\/wp-content\/uploads\/2015\/01\/salon-ferte-mace-212x300.jpg 212w, https:\/\/www.mamaisonmonjardin.com\/blog\/wp\/wp-content\/uploads\/2015\/01\/salon-ferte-mace.jpg 560w\" sizes=\"(max-width: 180px) 100vw, 180px\" \/><\/h3>\n<p style=\"text-align: justify;\">L\u2019am\u00e9nagement de la maison, qu\u2019il soit int\u00e9rieur ou ext\u00e9rieur est aujourd\u2019hui l\u2019expression de l\u2019identit\u00e9 de chacun d\u2019entre nous.<br \/>\nC\u2019est pourquoi nous vous invitons \u00e0 cultiver votre passion de l\u2019habitat en venant d\u00e9couvrir les derni\u00e8res innovations en mati\u00e8re de d\u00e9coration, de r\u00e9novation et d\u2019\u00e9nergies.<\/p>\n<h2 style=\"text-align: justify;\"><span style=\"color: #99cc00;\">BRETAGNE<\/span><\/h2>\n<h3 style=\"text-align: justify;\"><a href=\"http:\/\/www.habitatexpo.fr\"><span style=\"text-decoration: underline;\">Salon Habitat Expo<\/span><\/a><\/h3>\n<p style=\"text-align: justify;\"><em>Parc des expositions le Chorus, Vannes<br \/>\n<\/em><span style=\"color: #ff9900;\">Du 28 f\u00e9vrier au 2 mars 2015<\/span><\/p>\n<p style=\"text-align: justify;\"><img decoding=\"async\" loading=\"lazy\" class=\"alignleft wp-image-1265\" style=\"border: 1px solid #000000;\" title=\"salon de l'Habitat\" src=\"https:\/\/www.mamaisonmonjardin.com\/blog\/wp-content\/uploads\/2015\/01\/vannes-expo.jpg\" alt=\"vannes expo\" width=\"190\" height=\"285\" \/><\/p>\n<p style=\"text-align: justify;\">L\u2019un des salons de r\u00e9f\u00e9rence de la maison en Bretagne !<\/p>\n<p style=\"text-align: justify;\">Ce salon vous invite \u00e0 d\u00e9couvrir les nouveaut\u00e9s pour r\u00e9ussir l\u2019am\u00e9nagement de votre maison avec des produits phares de l\u2019ann\u00e9e 2015.<\/p>\n<h2 style=\"text-align: justify;\"><\/h2>\n<p>&nbsp;<\/p>\n<h2 style=\"text-align: justify;\">CENTRE<\/h2>\n<h3 style=\"text-align: justify;\"><a href=\"http:\/\/www.viafrance.com\/fr\/tours\/evenements\/l-univers-de-l-habitat-a-tours-e-1106890\"><span style=\"text-decoration: underline;\">Salon Univers de l&rsquo;Habitat<\/span><\/a><\/h3>\n<p style=\"text-align: justify;\"><em>Parc des expositions de Tours<br \/>\n<\/em><span style=\"color: #ff9900;\">Du 13 au 15 f\u00e9vrier 2015<\/span><em><br \/>\n<\/em><\/p>\n<p style=\"text-align: justify;\"><img decoding=\"async\" loading=\"lazy\" class=\"alignleft wp-image-1239 size-medium\" style=\"border: 1px solid #000000;\" src=\"https:\/\/www.mamaisonmonjardin.com\/blog\/wp-content\/uploads\/2015\/01\/Univers-Habitat-Tours-300x90.jpg\" alt=\"Univers Habitat Tours\" width=\"300\" height=\"90\" srcset=\"https:\/\/www.mamaisonmonjardin.com\/blog\/wp\/wp-content\/uploads\/2015\/01\/Univers-Habitat-Tours-300x90.jpg 300w, https:\/\/www.mamaisonmonjardin.com\/blog\/wp\/wp-content\/uploads\/2015\/01\/Univers-Habitat-Tours.jpg 779w\" sizes=\"(max-width: 300px) 100vw, 300px\" \/><br \/>\nLe salon qui vous aidera \u00e0 concr\u00e9tiser vos projets de r\u00e9novation et d&rsquo;am\u00e9nagement int\u00e9rieur et ext\u00e9rieur de votre maison.<\/p>\n<h2 style=\"text-align: justify;\"><span style=\"color: #99cc00;\">CHAMPAGNE ARDENNE<\/span><\/h2>\n<h3 style=\"text-align: justify;\"><a href=\"http:\/\/www.maison-passion.fr\/epernay-visiteurs?d09e51d755108b737746ac7fbb52e59a=ff18c0a2beb3402733c4d1b603f7f6bd\"><span style=\"text-decoration: underline;\">Salon Maison Passion<\/span><\/a><\/h3>\n<p style=\"text-align: justify;\"><em>Parc des Expos &#8211; Le Mill\u00e9nium \u00a0Epernay<br \/>\n<\/em><span style=\"color: #ff9900;\">Du 6 \u00a0au 9 f\u00e9vrier 2015<\/span><br \/>\n<img decoding=\"async\" loading=\"lazy\" class=\"alignleft wp-image-1234\" style=\"border: 1px solid #000000;\" src=\"https:\/\/www.mamaisonmonjardin.com\/blog\/wp-content\/uploads\/2015\/01\/Salon-maison-passion-epernay-300x212.jpg\" alt=\"Salon maison passion epernay\" width=\"280\" height=\"198\" srcset=\"https:\/\/www.mamaisonmonjardin.com\/blog\/wp\/wp-content\/uploads\/2015\/01\/Salon-maison-passion-epernay-300x212.jpg 300w, https:\/\/www.mamaisonmonjardin.com\/blog\/wp\/wp-content\/uploads\/2015\/01\/Salon-maison-passion-epernay.jpg 500w\" sizes=\"(max-width: 280px) 100vw, 280px\" \/><\/p>\n<p style=\"text-align: justify;\">Le Salon Maison Passion vous permet de faire le \u00abtour des questions maison\u00bb, de trouver des solutions, de d\u00e9couvrir de nouvelles techniques, de prendre des conseils d&rsquo;experts et surtout de rencontrer des professionnels.<\/p>\n<h2 style=\"text-align: justify;\"><span style=\"color: #99cc00;\">Ile de France<\/span><\/h2>\n<h3 style=\"text-align: justify;\"><a href=\"http:\/\/www.viparis.com\/viparisFront\/do\/manifestation\/paris-expo-porte-de-versailles\/SALON+RENOVATION=12003\"><span style=\"text-decoration: underline;\">Salon de la r\u00e9novation<\/span><\/a><\/h3>\n<p style=\"text-align: justify;\"><em>Parc des expositons de Versailles<br \/>\n<\/em><span style=\"color: #ff9900;\">6 au 8 f\u00e9vrier 2015<\/span><\/p>\n<p style=\"text-align: justify;\"><img decoding=\"async\" loading=\"lazy\" class=\"alignleft wp-image-1228\" style=\"border: 1px solid #000000;\" src=\"https:\/\/www.mamaisonmonjardin.com\/blog\/wp-content\/uploads\/2015\/01\/Salon-de-la-r\u00e9novation-Paris-212x300.png\" alt=\"Salon de la r\u00e9novation Paris\" width=\"164\" height=\"232\" srcset=\"https:\/\/www.mamaisonmonjardin.com\/blog\/wp\/wp-content\/uploads\/2015\/01\/Salon-de-la-r\u00e9novation-Paris-212x300.png 212w, https:\/\/www.mamaisonmonjardin.com\/blog\/wp\/wp-content\/uploads\/2015\/01\/Salon-de-la-r\u00e9novation-Paris.png 273w\" sizes=\"(max-width: 164px) 100vw, 164px\" \/><br \/>\nDes id\u00e9es pour des am\u00e9nagements d\u2019int\u00e9rieur, d\u2019ext\u00e9rieur, et r\u00e9novation, avec de nombreux professionnels pour vous conseiller.<\/p>\n<h2 style=\"text-align: justify;\"><span style=\"color: #99cc00;\">Nord Pas-de-Calais<\/span><\/h2>\n<h3 style=\"text-align: justify;\"><a href=\"http:\/\/www.maison-klea.fr\/salon-de-lhabitat-lens-14-et-15-fevrier\/\"><span style=\"text-decoration: underline;\">Salon\u00a0de l\u2019Habitat des \u00e9nergies renouvelables<\/span><\/a><\/h3>\n<p style=\"text-align: justify;\"><em>Halle Bertinchamps, Lens<br \/>\n<\/em><span style=\"color: #ff9900;\">14 au 15 f\u00e9vrier 2015<\/span><\/p>\n<p style=\"text-align: justify;\"><img decoding=\"async\" loading=\"lazy\" class=\"alignleft wp-image-1242 size-medium\" src=\"https:\/\/www.mamaisonmonjardin.com\/blog\/wp-content\/uploads\/2015\/01\/Salon-Lens-300x179.jpg\" alt=\"Salon Lens\" width=\"300\" height=\"179\" srcset=\"https:\/\/www.mamaisonmonjardin.com\/blog\/wp\/wp-content\/uploads\/2015\/01\/Salon-Lens-300x179.jpg 300w, https:\/\/www.mamaisonmonjardin.com\/blog\/wp\/wp-content\/uploads\/2015\/01\/Salon-Lens.jpg 540w\" sizes=\"(max-width: 300px) 100vw, 300px\" \/><\/p>\n<p style=\"text-align: justify;\">Pour entreprendre vos constructions r\u00e9novations int\u00e9rieures et ext\u00e9rieures adapter \u00e0 votre environnement.<\/p>\n<h2 style=\"text-align: justify;\"><\/h2>\n<h2 style=\"text-align: justify;\"><span style=\"color: #99cc00;\">Languedoc Roussillon<\/span><\/h2>\n<h3 style=\"text-align: justify;\"><a href=\"http:\/\/www.congres-perpignan.com\/exposants\/eco-innovation-2014\" target=\"_blank\"><span style=\"text-decoration: underline;\">Salon de l\u2019\u00e9co-maison<\/span><\/a><\/h3>\n<p style=\"text-align: justify;\"><em>Parc des Expositions\u00a0de\u00a0Perpignan<br \/>\n<\/em><span style=\"color: #ff9900;\">Du 7 \u00a0au 8 f\u00e9vrier 2015<\/span><span style=\"color: #ff9900;\"><br \/>\n<\/span><\/p>\n<p style=\"text-align: justify;\"><img decoding=\"async\" loading=\"lazy\" class=\"alignleft wp-image-1231 size-medium\" style=\"border: 1px solid #000000;\" src=\"https:\/\/www.mamaisonmonjardin.com\/blog\/wp-content\/uploads\/2015\/01\/salon-eco-maison-Perpignan-300x225.jpg\" alt=\"salon eco maison Perpignan\" width=\"300\" height=\"225\" srcset=\"https:\/\/www.mamaisonmonjardin.com\/blog\/wp\/wp-content\/uploads\/2015\/01\/salon-eco-maison-Perpignan-300x225.jpg 300w, https:\/\/www.mamaisonmonjardin.com\/blog\/wp\/wp-content\/uploads\/2015\/01\/salon-eco-maison-Perpignan.jpg 480w\" sizes=\"(max-width: 300px) 100vw, 300px\" \/><\/p>\n<p style=\"text-align: justify;\">Ce salon a pour objectif d\u2019aider le public \u00e0 r\u00e9aliser ses\u00a0projets aussi bien autour\u00a0des \u00e9conomies d\u2019\u00e9nergie, de\u00a0la r\u00e9novation de l\u2019habitat mais aussi de la construction de maisons individuelles.<\/p>\n<h2 style=\"text-align: justify;\"><span style=\"color: #99cc00;\">Pays de la Loire<\/span><\/h2>\n<h3 style=\"text-align: justify;\"><a href=\"http:\/\/www.exponantes.com\/agenda-des-evenements-du-parc\/salon-du-mobilier\"><span style=\"text-decoration: underline;\">Salon\u00a0du mobilier<\/span><\/a><\/h3>\n<p style=\"text-align: justify;\"><em>Parc des Expositions la Beaujoire,\u00a0Nantes<br \/>\n<\/em><span style=\"color: #ff9900;\">Du 1er au 3 f\u00e9vrier 2015<\/span><\/p>\n<p style=\"text-align: justify;\"><img decoding=\"async\" loading=\"lazy\" class=\"alignleft wp-image-1235 size-full\" style=\"border: 1px solid #000000;\" src=\"https:\/\/www.mamaisonmonjardin.com\/blog\/wp-content\/uploads\/2015\/01\/Salon-mobilier-Nantes.png\" alt=\"Salon mobilier Nantes\" width=\"250\" height=\"200\" \/><\/p>\n<p style=\"text-align: justify;\">Le salon du mobilier repr\u00e9sente les grands noms fran\u00e7ais et europ\u00e9ens du meuble et de la literie pour d\u00e9corer avec go\u00fbt\u00a0vos chambres et salons.<\/p>\n<h3 style=\"text-align: justify;\"><a href=\"http:\/\/www.salondeco.fr\/nantes-reze\"><span style=\"text-decoration: underline;\">Salon D\u00e9co\u00a0&amp; Design<\/span><\/a><\/h3>\n<p style=\"text-align: justify;\"><em>La Trocadri\u00e8re, Nantes-Rez\u00e9<br \/>\n<\/em><span style=\"color: #ff9900;\">Du 13 au 16 f\u00e9vrier 2015<\/span><\/p>\n<p style=\"text-align: justify;\"><img decoding=\"async\" loading=\"lazy\" class=\"alignleft wp-image-1229 size-full\" style=\"border: 1px solid #000000;\" src=\"https:\/\/www.mamaisonmonjardin.com\/blog\/wp-content\/uploads\/2015\/01\/Salon-d\u00e9co-Nantes.jpg\" alt=\"Salon d\u00e9co Nantes\" width=\"240\" height=\"180\" \/><br \/>\nToutes les\u00a0derni\u00e8res tendances et innovations\u00a0pr\u00e9sent\u00e9es par\u00a0130 exposants\u00a0incarn\u00e9s par des\u00a0fabricants, des revendeurs, des d\u00e9corateurs, des architectes, des artisans d\u2019art et des artistes.<\/p>\n<h2 style=\"text-align: justify;\"><span style=\"color: #99cc00;\">Provence Alpes C\u00f4te d&rsquo;Azur<\/span><\/h2>\n<h3 style=\"text-align: justify;\"><a href=\"http:\/\/www.salonpiscineetjardin.com\/index.html\"><span style=\"text-decoration: underline;\">Salon Piscine et Jardin<\/span><\/a><\/h3>\n<p style=\"text-align: justify;\"><em>Parc Chanot,\u00a0Marseille<br \/>\n<\/em><span style=\"color: #ff9900;\">Du 13 au 16 f\u00e9vrier 2015<\/span><\/p>\n<p style=\"text-align: justify;\"><img decoding=\"async\" loading=\"lazy\" class=\"alignleft wp-image-1237 size-medium\" style=\"border: 1px solid #000000;\" src=\"https:\/\/www.mamaisonmonjardin.com\/blog\/wp-content\/uploads\/2015\/01\/Salon-piscine-et-jardin-Marseille-300x76.jpg\" alt=\"Salon piscine et jardin Marseille\" width=\"300\" height=\"76\" srcset=\"https:\/\/www.mamaisonmonjardin.com\/blog\/wp\/wp-content\/uploads\/2015\/01\/Salon-piscine-et-jardin-Marseille-300x76.jpg 300w, https:\/\/www.mamaisonmonjardin.com\/blog\/wp\/wp-content\/uploads\/2015\/01\/Salon-piscine-et-jardin-Marseille.jpg 690w\" sizes=\"(max-width: 300px) 100vw, 300px\" \/><\/p>\n<p style=\"text-align: justify;\">Am\u00e9nagez avec go\u00fbt votre jardin \u00a0pour en faire un jolie coin de paradis d\u00e8s cet \u00e9t\u00e9&#8230;<\/p>\n<h2 style=\"text-align: justify;\"><span style=\"color: #99cc00;\">Rh\u00f4ne-Alpes<\/span><\/h2>\n<h3 style=\"text-align: justify;\"><a href=\"http:\/\/www.destination-habitat.fr\/visiteurs-Amb\u00e9rieu-en-bugey\"><span style=\"text-decoration: underline;\">Salon Destination Habitat<\/span><\/a><\/h3>\n<p style=\"text-align: justify;\"><em>Amb\u00e9rieu<br \/>\n<\/em><span style=\"color: #ff9900;\">Du 30 janvier au 1er f\u00e9vrier 2015<\/span><\/p>\n<p style=\"text-align: justify;\"><img decoding=\"async\" loading=\"lazy\" class=\"alignleft wp-image-1230\" style=\"border: 1px solid #000000;\" src=\"https:\/\/www.mamaisonmonjardin.com\/blog\/wp-content\/uploads\/2015\/01\/Salon-destination-Habitat-Amb\u00e9rieu.jpg\" alt=\"Salon destination Habitat Amb\u00e9rieu\" width=\"212\" height=\"189\" \/><\/p>\n<p style=\"text-align: justify;\">Au programme, des professionnels de la construction, des r\u00e9novations et d\u2019autres designers pour vous conseiller dans l\u2019am\u00e9nagement int\u00e9rieur et ext\u00e9rieur de votre maison.<\/p>\n<h3 style=\"text-align: justify;\"><a href=\"http:\/\/www.lescarabee.net\/zoom_billet.php?num=346\"><span style=\"text-decoration: underline;\">Salon de l\u2019habitat du bien-\u00eatre de la d\u00e9coration<\/span><\/a><\/h3>\n<p style=\"text-align: justify;\"><em>Riorges, Le Scarab\u00e9e<br \/>\n<\/em><span style=\"color: #ff9900;\">Du 28 f\u00e9vrier au 1 mars 2015<\/span><\/p>\n<p style=\"text-align: justify;\"><img decoding=\"async\" loading=\"lazy\" class=\"alignleft wp-image-1286\" style=\"border: 1px solid #000000;\" title=\"salon d\u00e9coration \" src=\"https:\/\/www.mamaisonmonjardin.com\/blog\/wp-content\/uploads\/2015\/01\/visuel-salon-habitat-2015-300x300.jpg\" alt=\"salon habitat 2015\" width=\"209\" height=\"209\" srcset=\"https:\/\/www.mamaisonmonjardin.com\/blog\/wp\/wp-content\/uploads\/2015\/01\/visuel-salon-habitat-2015-300x300.jpg 300w, https:\/\/www.mamaisonmonjardin.com\/blog\/wp\/wp-content\/uploads\/2015\/01\/visuel-salon-habitat-2015-150x150.jpg 150w, https:\/\/www.mamaisonmonjardin.com\/blog\/wp\/wp-content\/uploads\/2015\/01\/visuel-salon-habitat-2015.jpg 440w\" sizes=\"(max-width: 209px) 100vw, 209px\" \/><\/p>\n<p style=\"text-align: justify;\">Le salon regroupe toutes les activit\u00e9s en rapport avec l&rsquo;habitat, la d\u00e9coration et le bien-\u00eatre.<\/p>\n<h3 style=\"text-align: justify;\"><\/h3>\n<h3 style=\"text-align: justify;\"><a href=\"http:\/\/www.creativa-grenoble.com\"><span style=\"text-decoration: underline;\">Le Salon Creativa Grenoble<\/span><\/a><\/h3>\n<p style=\"text-align: justify;\"><em>Alpexpo Grenoble<br \/>\n<\/em><span style=\"color: #ff9900;\">Du 29 janvier au 1 f\u00e9vrier 2015, de 10h \u00e0 19h<\/span><\/p>\n<p style=\"text-align: justify;\"><img decoding=\"async\" loading=\"lazy\" class=\"alignleft wp-image-1226 size-medium\" style=\"border: 1px solid #000000;\" src=\"https:\/\/www.mamaisonmonjardin.com\/blog\/wp-content\/uploads\/2015\/01\/Salon-creativa-grenoble-300x110.jpg\" alt=\"Salon creativa grenoble\" width=\"300\" height=\"110\" srcset=\"https:\/\/www.mamaisonmonjardin.com\/blog\/wp\/wp-content\/uploads\/2015\/01\/Salon-creativa-grenoble-300x110.jpg 300w, https:\/\/www.mamaisonmonjardin.com\/blog\/wp\/wp-content\/uploads\/2015\/01\/Salon-creativa-grenoble.jpg 720w\" sizes=\"(max-width: 300px) 100vw, 300px\" \/><\/p>\n<p style=\"text-align: justify;\">Venez faire le plein d&rsquo;id\u00e9es cr\u00e9atives autour d&rsquo;une centaine d\u2019exposants !<\/p>\n<p style=\"text-align: justify;\">Les visiteurs pourront d\u00e9couvrir et tester de nouveaux mat\u00e9riaux et acheter quelques accessoires tendances.<\/p>\n","protected":false},"excerpt":{"rendered":"<p>F\u00e9vrier, mois le plus court de l&rsquo;ann\u00e9e, pointe d\u00e9j\u00e0 le bout de son nez&#8230; Profitez de ces jours maussades pour partir en qu\u00eate de nouvelles tendances en terme de d\u00e9coration int\u00e9rieure et ext\u00e9rieure qui feront [&hellip;]<\/p>\n","protected":false},"author":2,"featured_media":1364,"comment_status":"open","ping_status":"closed","sticky":false,"template":"","format":"standard","meta":{"ngg_post_thumbnail":0},"categories":[11],"tags":[],"_links":{"self":[{"href":"https:\/\/www.mamaisonmonjardin.com\/blog\/wp-json\/wp\/v2\/posts\/1225"}],"collection":[{"href":"https:\/\/www.mamaisonmonjardin.com\/blog\/wp-json\/wp\/v2\/posts"}],"about":[{"href":"https:\/\/www.mamaisonmonjardin.com\/blog\/wp-json\/wp\/v2\/types\/post"}],"author":[{"embeddable":true,"href":"https:\/\/www.mamaisonmonjardin.com\/blog\/wp-json\/wp\/v2\/users\/2"}],"replies":[{"embeddable":true,"href":"https:\/\/www.mamaisonmonjardin.com\/blog\/wp-json\/wp\/v2\/comments?post=1225"}],"version-history":[{"count":0,"href":"https:\/\/www.mamaisonmonjardin.com\/blog\/wp-json\/wp\/v2\/posts\/1225\/revisions"}],"wp:featuredmedia":[{"embeddable":true,"href":"https:\/\/www.mamaisonmonjardin.com\/blog\/wp-json\/wp\/v2\/media\/1364"}],"wp:attachment":[{"href":"https:\/\/www.mamaisonmonjardin.com\/blog\/wp-json\/wp\/v2\/media?parent=1225"}],"wp:term":[{"taxonomy":"category","embeddable":true,"href":"https:\/\/www.mamaisonmonjardin.com\/blog\/wp-json\/wp\/v2\/categories?post=1225"},{"taxonomy":"post_tag","embeddable":true,"href":"https:\/\/www.mamaisonmonjardin.com\/blog\/wp-json\/wp\/v2\/tags?post=1225"}],"curies":[{"name":"wp","href":"https:\/\/api.w.org\/{rel}","templated":true}]}}