{"id":1295,"date":"2015-02-28T06:30:45","date_gmt":"2015-02-28T05:30:45","guid":{"rendered":"http:\/\/www.mamaisonmonjardin.com\/blog\/?p=1295"},"modified":"2015-02-17T11:31:24","modified_gmt":"2015-02-17T10:31:24","slug":"salons-et-foires-les-rendez-vous-de-mars-2015","status":"publish","type":"post","link":"https:\/\/www.mamaisonmonjardin.com\/blog\/salons-et-foires-les-rendez-vous-de-mars-2015\/","title":{"rendered":"Salons et foires : Les rendez-vous de Mars 2015"},"content":{"rendered":"<p style=\"text-align: justify;\">En ce d\u00e9but de mois, nous avons pens\u00e9 \u00e0 vous pour vous d\u00e9nicher des <strong>salons et foires<\/strong>\u00a0d\u00e9di\u00e9s \u00e0\u00a0la d\u00e9coration, l&rsquo;habitat, et au\u00a0design&#8230;<\/p>\n<p style=\"text-align: justify;\">Et oui, peu \u00e0 peu les temp\u00e9ratures remontent, les jours rallongent, et vous pensez d\u00e9j\u00e0 \u00e0 cet \u00e9t\u00e9, <strong>au soleil<\/strong>, o\u00f9 vous pourrez vous <strong>pr\u00e9lasser<\/strong> <span style=\"color: #000000;\"><b>au jardin<\/b><\/span>.<\/p>\n<p style=\"text-align: justify;\">Alors pourquoi pas profiter de la fin de l&rsquo;hiver et du\u00a0d\u00e9but du printemps pour faire quelques <strong>agencements \u00e0 votre domicile ?<\/strong><\/p>\n<p style=\"text-align: justify;\"><!--more--><\/p>\n<h2 style=\"text-align: justify;\"><span style=\"color: #99cc00;\">AQUITAINE<\/span><\/h2>\n<h3><span style=\"text-decoration: underline;\"><span style=\"color: #ff6600; text-decoration: underline;\"><span style=\"color: #000000; text-decoration: underline;\"><a style=\"color: #000000; text-decoration: underline;\" href=\"http:\/\/www.agora-evenements.fr\">Les Puces Bordelaises de Printemps<\/a><\/span><\/span><\/span><\/h3>\n<p><em><span style=\"color: #ff6600;\"><span style=\"color: #000000;\">Parc des Expositions &#8211; Bordeaux<br \/>\n<\/span><\/span><\/em><span style=\"color: #ff6600;\">21 et 22 mars 2015<\/span><\/p>\n<p style=\"text-align: justify;\">Retrouvez les puces bordelaises, o\u00f9 150 exposants, brocanteurs et antiquaires vous exposent\u00a0leurs objets, des milliers de meubles, objets d\u2019art \u00e0 destination des chineurs, collectionneurs et simples curieux.<br \/>\nVous trouverez peut-\u00eatre votre <strong>perle rare<\/strong>, qui sait!<\/p>\n<h2 style=\"text-align: justify;\"><span style=\"color: #99cc00;\">Centre<\/span><\/h2>\n<h3><span style=\"text-decoration: underline;\"><a href=\"http:\/\/www.salonhabitat-chartres.com\"><span style=\"color: #000000; text-decoration: underline;\">Salon de l\u2019Habitat et de la D\u00e9co<\/span><\/a><\/span><\/h3>\n<p style=\"text-align: justify;\"><em>Chartrexpo &#8211; Chartres<\/em><br \/>\n<span style=\"color: #ff6600;\">14\u00a0et\u00a016 mars 2015<\/span><\/p>\n<p style=\"text-align: justify;\">Le Salon de l\u2019Habitat et de la D\u00e9co revient pour imaginer ou r\u00e9nover\u00a0<strong>votre maison<\/strong>\u00a0avec les conseils de diff\u00e9rents experts dans les domaines du <strong>b\u00e2timent<\/strong>, de la <strong>d\u00e9coration int\u00e9rieure<\/strong> et <strong>ext\u00e9rieure<\/strong><em>.<\/em><\/p>\n<h2 style=\"text-align: justify;\"><span style=\"color: #99cc00;\">LORRAINE<\/span><\/h2>\n<h3><span style=\"text-decoration: underline;\"><a href=\"http:\/\/www.lorraine-expo.com\/habitat_2015\/\"><span style=\"color: #000000; text-decoration: underline;\">Habitat Deco<\/span><\/a><\/span><\/h3>\n<p><em>Parc des Expositions &#8211; Nancy<br \/>\n<\/em><span style=\"color: #ff6600;\">Du 5 au 9 mars 2015 <\/span><\/p>\n<p>250 professionnels sp\u00e9cialistes de\u00a0la <strong>construction<\/strong>, <strong>r\u00e9novation<\/strong> et la <strong>d\u00e9coration<\/strong> vous attendent pour vous donner les meilleurs conseils suivant vos envies.<\/p>\n<p><img decoding=\"async\" loading=\"lazy\" class=\"aligncenter wp-image-1308\" style=\"border: 1px solid #000000;\" title=\"Salons de d\u00e9corations Mars 2015\" src=\"https:\/\/www.mamaisonmonjardin.com\/blog\/wp-content\/uploads\/2015\/01\/Salons-1.jpg\" alt=\"\" width=\"607\" height=\"238\" \/><\/p>\n<h2><span style=\"text-decoration: underline; color: #99cc00;\">ILE DE FRANCE<\/span><\/h2>\n<h3><span style=\"text-decoration: underline;\"><span style=\"color: #000000;\"><a style=\"color: #000000; text-decoration: underline;\" href=\"http:\/\/www.pad-fairs.com\/paris\/fr\/\">Le Pavillon des Arts et du Design<\/a><\/span><\/span><\/h3>\n<p style=\"text-align: justify;\"><em>Jardin des Tuileries, Paris<br \/>\n<\/em><span style=\"color: #ff6600;\">Du 26 au 29 mars 2015<\/span><\/p>\n<p style=\"text-align: justify;\">Le Pavillon des Arts et du Design est un\u00a0m\u00e9lange de raffinement et d\u2019\u00e9l\u00e9gance autour\u00a0du mobilier design et de l\u2019art.<\/p>\n<h3><span style=\"text-decoration: underline;\"><a href=\"http:\/\/www.salonhabitat.net\/val-d-oise\"><span style=\"color: #000000; text-decoration: underline;\">Salon de l&rsquo;Habitat<\/span><\/a><\/span><\/h3>\n<p style=\"text-align: justify;\"><em>Parc des Expositions Saint Martin, Cergy-Pontoise<\/em><br \/>\n<span style=\"color: #ff6600;\">Du 13 au 15 mars 2015<\/span><\/p>\n<p style=\"text-align: justify;\">Ce\u00a0salon est le point de d\u00e9part pour vos projets de maison. De nombreux sp\u00e9cialistes pourront vous donner les meilleurs conseils sur <strong>l\u2019habitat<\/strong>, la <strong>construction<\/strong>, la <strong>r\u00e9novation<\/strong>, quels \u00e9quipements installer, et avec quelle d\u00e9coration.<\/p>\n<p style=\"text-align: justify;\">\u00a0 \u00a0 \u00a0 \u00a0 \u00a0 \u00a0 \u00a0 \u00a0 \u00a0 \u00a0 \u00a0 \u00a0 \u00a0 \u00a0 \u00a0\u00a0<img decoding=\"async\" loading=\"lazy\" class=\"alignnone wp-image-1550\" style=\"border: 1px solid #000000;\" src=\"https:\/\/www.mamaisonmonjardin.com\/blog\/wp-content\/uploads\/2015\/02\/Affiche_Salon_Habitat_Val_dOise_2015_f146150987c58c12713d6031ee3d8c65.jpg\" alt=\"Affiche_Salon_Habitat_Val_dOise_2015_f146150987c58c12713d6031ee3d8c65\" width=\"180\" height=\"269\" srcset=\"https:\/\/www.mamaisonmonjardin.com\/blog\/wp\/wp-content\/uploads\/2015\/02\/Affiche_Salon_Habitat_Val_dOise_2015_f146150987c58c12713d6031ee3d8c65.jpg 400w, https:\/\/www.mamaisonmonjardin.com\/blog\/wp\/wp-content\/uploads\/2015\/02\/Affiche_Salon_Habitat_Val_dOise_2015_f146150987c58c12713d6031ee3d8c65-200x300.jpg 200w\" sizes=\"(max-width: 180px) 100vw, 180px\" \/>\u00a0 \u00a0 \u00a0 \u00a0<img decoding=\"async\" loading=\"lazy\" class=\"alignnone wp-image-1549\" src=\"https:\/\/www.mamaisonmonjardin.com\/blog\/wp-content\/uploads\/2015\/02\/PAD-Paris.jpg\" alt=\"PAD-Paris\" width=\"241\" height=\"154\" \/><\/p>\n<h2 style=\"text-align: justify;\"><span style=\"color: #99cc00;\">PACA<\/span><\/h2>\n<h3><span style=\"text-decoration: underline;\"><a href=\"http:\/\/www.maisonsetjardinsdusud.com\/fr\/accueil\/nouvelle-edition-du-salon-maisons-jardins-du-sud-en-avignon-les-13-14-et-15-mars-2015_1\"><span style=\"color: #000000; text-decoration: underline;\">Salon Maisons et Jardins du Sud<\/span><\/a><\/span><\/h3>\n<p><em>Parc des Expos, Avignon<\/em><br \/>\n<span style=\"color: #ff6600;\">Du 13 au 15 mars 2015<\/span><\/p>\n<p style=\"text-align: justify;\">Le Salon Maisons et Jardins du Sud\u00a0f\u00eate\u00a0cette ann\u00e9e ses 10 ans\u00a0!<br \/>\nDe nombreux\u00a0exposants seront \u00e0 votre disposition pour r\u00e9pondre \u00e0 vos questions sur l\u2019univers de la <strong>Maison<\/strong> et<strong> la vie au Jardin<\/strong>.<\/p>\n<h3><span style=\"text-decoration: underline;\"><a href=\"http:\/\/www.tendances-creatives.com\/#!marseille\/cjww\">Salon des Loisirs Cr\u00e9atifs<\/a><\/span><\/h3>\n<p><em>Parc Chanot, Marseille<\/em><br \/>\n<span style=\"color: #ff6600;\">Du 27 au 30 mars 2015<\/span><\/p>\n<p style=\"text-align: justify;\">Pour embellir vous-m\u00eame votre <strong>int\u00e9rieur<\/strong>, le salon annuel Tendances Cr\u00e9atives regroupe plusieurs ateliers, id\u00e9es et coups de pouces, pour personnaliser \u00e0 <strong>votre go\u00fbt votre maison<\/strong>.<\/p>\n<h2 style=\"text-align: justify;\"><span style=\"color: #99cc00;\">RHONE-ALPES<\/span><\/h2>\n<h3><span style=\"text-decoration: underline;\"><a href=\"http:\/\/www.bepositive-events.com\/eurobois-le-salon-du-bois-dans-la-construction-de-la-machine-a-bois-dans-la-construction-et-des-composants\">Eurobois<\/a><\/span>\u00a0&#8211; SALON PROFESSIONNEL<\/h3>\n<p><em>Eurexpo, Lyon<\/em><br \/>\n<span style=\"color: #ff6600;\">Du 4 au 7 mars 2015<\/span><\/p>\n<p>Le\u00a0Salon Eurobois fait partie du rendez-vous Be Positive &#8211; B\u00e2timents &#8211; Bois &#8211; Energies.<br \/>\nDiff\u00e9rents corps de m\u00e9tiers seront notamment pr\u00e9sents : <strong>menuisiers<\/strong>, <strong>charpentiers<\/strong>, <strong>professionnels de la construction.\u00a0<\/strong><\/p>\n<p style=\"text-align: justify;\"><img decoding=\"async\" loading=\"lazy\" class=\"aligncenter wp-image-1313\" style=\"border: 1px solid #000000;\" title=\"Salons de d\u00e9corations Mars 2015\" src=\"https:\/\/www.mamaisonmonjardin.com\/blog\/wp-content\/uploads\/2015\/01\/Salons-3.jpg\" alt=\"\" width=\"607\" height=\"238\" srcset=\"https:\/\/www.mamaisonmonjardin.com\/blog\/wp\/wp-content\/uploads\/2015\/01\/Salons-3.jpg 764w, https:\/\/www.mamaisonmonjardin.com\/blog\/wp\/wp-content\/uploads\/2015\/01\/Salons-3-300x117.jpg 300w\" sizes=\"(max-width: 607px) 100vw, 607px\" \/><\/p>\n<h3><span style=\"color: #ff6600;\"><span style=\"text-decoration: underline;\"><a href=\"http:\/\/id-dart.com\/salon\/deco-et-art-de-vivre-la-sucriere-lyon\/\">Salon Deco &amp; Art de Vivre<\/a><\/span><\/span><\/h3>\n<p><em>La Sucri\u00e8re, Lyon<\/em><br \/>\n<span style=\"color: #ff6600;\">Du 13 au 16 mars 2015<\/span><\/p>\n<p style=\"text-align: justify;\"><img decoding=\"async\" loading=\"lazy\" class=\"alignright wp-image-1314\" style=\"border: 1px solid #000000;\" title=\"Le Salon Deco &amp; Art  sucri\u00e8re\" src=\"https:\/\/www.mamaisonmonjardin.com\/blog\/wp-content\/uploads\/2015\/01\/Le-Salon-Deco-Art-sucri\u00e8re.png\" alt=\"\" width=\"149\" height=\"149\" srcset=\"https:\/\/www.mamaisonmonjardin.com\/blog\/wp\/wp-content\/uploads\/2015\/01\/Le-Salon-Deco-Art-sucri\u00e8re.png 243w, https:\/\/www.mamaisonmonjardin.com\/blog\/wp\/wp-content\/uploads\/2015\/01\/Le-Salon-Deco-Art-sucri\u00e8re-150x150.png 150w\" sizes=\"(max-width: 149px) 100vw, 149px\" \/>Si vous souhaitez refaire votre d\u00e9coration, changer l\u2019agencement de votre maison, ce salon vous apportera\u00a0<strong>pleins de nouvelles\u00a0id\u00e9es<\/strong> et gr\u00e2ce aux professionnels qui vous conseilleront, vous pourrez <strong>r\u00e9aliser vos r\u00eaves !\u00a0<\/strong><\/p>\n<p><span style=\"color: #ffffff;\">&#8230;&#8230;&#8230;&#8230;&#8230;&#8230;&#8230;&#8230;.<\/span><\/p>\n","protected":false},"excerpt":{"rendered":"<p>En ce d\u00e9but de mois, nous avons pens\u00e9 \u00e0 vous pour vous d\u00e9nicher des salons et foires\u00a0d\u00e9di\u00e9s \u00e0\u00a0la d\u00e9coration, l&rsquo;habitat, et au\u00a0design&#8230; Et oui, peu \u00e0 peu les temp\u00e9ratures remontent, les jours rallongent, et vous [&hellip;]<\/p>\n","protected":false},"author":2,"featured_media":1349,"comment_status":"open","ping_status":"closed","sticky":false,"template":"","format":"standard","meta":{"ngg_post_thumbnail":0},"categories":[11],"tags":[],"_links":{"self":[{"href":"https:\/\/www.mamaisonmonjardin.com\/blog\/wp-json\/wp\/v2\/posts\/1295"}],"collection":[{"href":"https:\/\/www.mamaisonmonjardin.com\/blog\/wp-json\/wp\/v2\/posts"}],"about":[{"href":"https:\/\/www.mamaisonmonjardin.com\/blog\/wp-json\/wp\/v2\/types\/post"}],"author":[{"embeddable":true,"href":"https:\/\/www.mamaisonmonjardin.com\/blog\/wp-json\/wp\/v2\/users\/2"}],"replies":[{"embeddable":true,"href":"https:\/\/www.mamaisonmonjardin.com\/blog\/wp-json\/wp\/v2\/comments?post=1295"}],"version-history":[{"count":0,"href":"https:\/\/www.mamaisonmonjardin.com\/blog\/wp-json\/wp\/v2\/posts\/1295\/revisions"}],"wp:featuredmedia":[{"embeddable":true,"href":"https:\/\/www.mamaisonmonjardin.com\/blog\/wp-json\/wp\/v2\/media\/1349"}],"wp:attachment":[{"href":"https:\/\/www.mamaisonmonjardin.com\/blog\/wp-json\/wp\/v2\/media?parent=1295"}],"wp:term":[{"taxonomy":"category","embeddable":true,"href":"https:\/\/www.mamaisonmonjardin.com\/blog\/wp-json\/wp\/v2\/categories?post=1295"},{"taxonomy":"post_tag","embeddable":true,"href":"https:\/\/www.mamaisonmonjardin.com\/blog\/wp-json\/wp\/v2\/tags?post=1295"}],"curies":[{"name":"wp","href":"https:\/\/api.w.org\/{rel}","templated":true}]}}