{"id":1453,"date":"2015-06-06T06:09:05","date_gmt":"2015-06-06T04:09:05","guid":{"rendered":"http:\/\/www.mamaisonmonjardin.com\/blog\/?p=1453"},"modified":"2023-07-13T16:14:50","modified_gmt":"2023-07-13T14:14:50","slug":"le-jardin-en-mode-cabane-abri","status":"publish","type":"post","link":"https:\/\/www.mamaisonmonjardin.com\/blog\/le-jardin-en-mode-cabane-abri\/","title":{"rendered":"Le jardin en mode cabane et abri"},"content":{"rendered":"<p style=\"text-align: justify;\">Le garage n\u2019est pas toujours assez spacieux pour accueillir les outils de jardin ou la tondeuse&#8230;<br \/>\nQu\u2019il soit petit ou grand, un jardin a donc bien souvent besoin d\u2019un nouveau <strong>lieu&nbsp;de stockage<\/strong>.<\/p>\n<p style=\"text-align: justify;\">A l\u2019\u00e9vocation des termes <strong>\u00ab&nbsp;cabanon de jardin&nbsp;\u00bb<\/strong> ou <strong>\u00ab&nbsp;abri de jardin&nbsp;\u00bb<\/strong>, nous pensons tout d\u2019abord \u00e0 un espace de rangement.<br \/>\n<!--more--><br \/>\nRanger ses outils de jardin peut parfois se r\u00e9v\u00e9ler fastidieux, ils prennent de la place et sans garage, cela devient compliqu\u00e9. Mais la cabane de jardin est l\u00e0 pour sauver votre rangement&nbsp;!<br \/>\nQu\u2019elle soit en bois, PVC&nbsp;ou encore en m\u00e9tal, elle est utile dans chaque jardin.<\/p>\n<p style=\"text-align: justify;\">Mais il existe aujourd\u2019hui une multitude de <strong>mod\u00e8les d&rsquo;abris&nbsp;<\/strong>qui ne servent pas toujours \u00e0 ranger&nbsp;!<br \/>\nUne cabane dans les&nbsp;arbres, un lieu d\u00e9di\u00e9 \u00e0 soi, un cabanon pour les enfants\u2026 ces&nbsp;espaces&nbsp;sont aussi synonymes de <strong>d\u00e9tente<\/strong>, voire d\u2019aventures&nbsp;!<\/p>\n<h2 style=\"text-align: justify;\">Zoom sur les mat\u00e9riaux&nbsp;:<\/h2>\n<p style=\"text-align: justify;\"><strong>&gt; La cabane de jardin en bois :<\/strong><\/p>\n<p style=\"text-align: justify;\">Incontestablement le mat\u00e9riau qui apporte le plus de charme et fait briller le jardin.<\/p>\n<p style=\"text-align: justify;\">Beaucoup de personnes sont tent\u00e9es par le chalet en bois&nbsp;; il faut cependant savoir que ce dernier demande un peu d\u2019entretien.<\/p>\n<p style=\"text-align: justify;\">Il faudra penser \u00e0 appliquer, avant le montage de l&rsquo;abri, un <strong>traitement hydrofuge, insecticide et fongicide <\/strong>pour lui permettre de lutter contre les&nbsp;agressions ext\u00e9rieures.<\/p>\n<p style=\"text-align: justify;\">Il est ensuite conseill\u00e9 d\u2019<strong>appliquer une lasure<\/strong>. Ce traitement est \u00e0 renouveler tous les 2 ans en moyenne pour assurer une conservation optimale du bois.<\/p>\n<p style=\"text-align: justify;\">Pour ceux qui ne voudraient pas s&#8217;embarrasser avec ces \u00e9tapes d&rsquo;entretien, il existe des abris en <strong>bois autoclave<\/strong>. Ce type de bois est trait\u00e9 au pr\u00e9alable en usine et ne demande que peu d\u2019entretien par la suite si ce n&rsquo;est l&rsquo;application d&rsquo;une couche de lasure tous les 3-4 ans.<\/p>\n<p style=\"text-align: justify;\">L\u2019avantage du bois est qu\u2019il est <strong>personnalisable<\/strong>, vous pouvez ainsi choisir d&rsquo;appliquer une lasure color\u00e9e \u00e0 votre go\u00fbt, d&rsquo;installer des jardini\u00e8res ou de customiser&nbsp;les abords de l&rsquo;abri.<\/p>\n<h3 style=\"text-align: justify;\"><strong>&gt;&nbsp;<\/strong>La cabane de jardin en r\u00e9sine&nbsp;:<\/h3>\n<p style=\"text-align: justify;\">Le <strong>PVC<\/strong> est l\u00e9ger et durable et gr\u00e2ce \u00e0 son <strong>traitement anti-UV<\/strong> il ne risque pas de se d\u00e9colorer avec le temps.<\/p>\n<figure id=\"attachment_1465\" aria-describedby=\"caption-attachment-1465\" style=\"width: 397px\" class=\"wp-caption aligncenter\"><img decoding=\"async\" loading=\"lazy\" class=\"wp-image-1465 size-full\" style=\"border: 1px solid #000000;\" title=\"Abri en PVC : r\u00e9sistant et color\u00e9 ! \" src=\"https:\/\/www.mamaisonmonjardin.com\/blog\/wp-content\/uploads\/2015\/01\/abri-jardin-pvc-rouge.jpg\" alt=\"abri jardin pvc rouge\" width=\"397\" height=\"291\" srcset=\"https:\/\/www.mamaisonmonjardin.com\/blog\/wp\/wp-content\/uploads\/2015\/01\/abri-jardin-pvc-rouge.jpg 397w, https:\/\/www.mamaisonmonjardin.com\/blog\/wp\/wp-content\/uploads\/2015\/01\/abri-jardin-pvc-rouge-300x219.jpg 300w\" sizes=\"(max-width: 397px) 100vw, 397px\" \/><figcaption id=\"caption-attachment-1465\" class=\"wp-caption-text\">Cr\u00e9dit photo franceabris.com<\/figcaption><\/figure>\n<p style=\"text-align: justify;\">Souvent propos\u00e9 en version&nbsp;bicolore, on fond litt\u00e9ralement pour ces maisonnettes PVC.<\/p>\n<h3 style=\"text-align: justify;\">&gt; L&rsquo;abri de jardin m\u00e9tallique :<\/h3>\n<figure id=\"attachment_1837\" aria-describedby=\"caption-attachment-1837\" style=\"width: 290px\" class=\"wp-caption alignleft\"><img decoding=\"async\" loading=\"lazy\" class=\"wp-image-1837\" style=\"border: 1px solid #000000;\" title=\"Z\u00e9ro entretien, le 1er atout de l'abri jardin en m\u00e9tal\" src=\"https:\/\/www.mamaisonmonjardin.com\/blog\/wp-content\/uploads\/2015\/05\/Abri-jardin-metallique.jpg\" alt=\"Abri-jardin-metallique\" width=\"290\" height=\"211\" srcset=\"https:\/\/www.mamaisonmonjardin.com\/blog\/wp\/wp-content\/uploads\/2015\/05\/Abri-jardin-metallique.jpg 393w, https:\/\/www.mamaisonmonjardin.com\/blog\/wp\/wp-content\/uploads\/2015\/05\/Abri-jardin-metallique-300x218.jpg 300w\" sizes=\"(max-width: 290px) 100vw, 290px\" \/><figcaption id=\"caption-attachment-1837\" class=\"wp-caption-text\">Cr\u00e9dit photo franceabris.com<\/figcaption><\/figure>\n<p style=\"text-align: justify;\">D&rsquo;un <strong>style plus industriel<\/strong>, il n&rsquo;en demeure pas moins tr\u00e8s r\u00e9sistant et facile \u00e0 monter.<\/p>\n<p style=\"text-align: justify;\">Et surtout il ne demande <strong>aucun entretien<\/strong> mis \u00e0 part un petit coup de jet d&rsquo;eau de temps en temps.<br \/>\nOn appr\u00e9cie \u00e9galement les <strong>diff\u00e9rents coloris propos\u00e9s<\/strong> autour de la cabane de jardin m\u00e9tallique.<\/p>\n<p style=\"text-align: justify;\">Pour un ancrage au sol optimal de&nbsp;l\u2019abri, il est recommand\u00e9 de couler une <strong>dalle de b\u00e9ton&nbsp;<\/strong>qui devra \u00eatre un peu plus large de 10cm par rapport aux dimensions de la structure.<\/p>\n<p style=\"text-align: justify;\">Des <strong>kits d\u2019ancrages<\/strong>&nbsp;peuvent g\u00e9n\u00e9ralement \u00eatre vendus en option ainsi que des <strong>kits anti-temp\u00eates<\/strong>. Ils garantissent une r\u00e9sistance optimale de votre abri face aux intemp\u00e9ries et rafales de vent.<\/p>\n<h2 style=\"text-align: justify;\">Optimisez le rangement de votre cabane !<\/h2>\n<p style=\"text-align: justify;\">Pour un rangement simplifi\u00e9, n&rsquo;h\u00e9sitez pas \u00e0 <strong>d\u00e9limiter des espaces de rangement<\/strong> pour les outils, pour les plantes, pour installer un \u00e9tabli, etc.<\/p>\n<p style=\"text-align: justify;\">Votre cabanon sera mieux ordonn\u00e9 ce qui vous permettra d\u2019atteindre plus facilement votre mat\u00e9riel et d\u2019avoir un espace libre au centre de l\u2019abri, pour circuler ou ranger votre tondeuse.<\/p>\n<p style=\"text-align: justify;\">L&rsquo;<strong>installation&nbsp;d&rsquo;\u00e9tag\u00e8res<\/strong> est aussi un indispensable pour optimiser le rangement.<br \/>\nRanger en hauteur vous permettra de gagner de l\u2019espace.<\/p>\n<p style=\"text-align: justify;\">Un <strong>coffre en plastique<\/strong> peut vous permettre de ranger facilement les coussins de vos transat ou vos serviettes de piscine.<\/p>\n<p style=\"text-align: justify;\">Ces caisses transparentes sont des contenants utiles vous permettant de rep\u00e9rer tr\u00e8s rapidement ce que vous chercher.<\/p>\n<p style=\"text-align: justify;\">Si la place vous le permet vous pouvez \u00e9galement installer une armoire.<\/p>\n<p style=\"text-align: justify;\">La fen\u00eatre semble parfois anodine mais c\u2019est une option avantageuse&nbsp;!<br \/>\nElle permettra \u00e0 la <strong>lumi\u00e8re naturelle<\/strong> de p\u00e9n\u00e9trer dans l\u2019abri. Votre rangement n&rsquo;en sera que plus agr\u00e9able.<\/p>\n<h2 style=\"text-align: justify;\">Agrandir sa maison gr\u00e2ce \u00e0 une cabane de jardin :<\/h2>\n<p style=\"text-align: justify;\">Beaucoup de personnes r\u00eavent d\u2019<strong>agrandir la surface de leur maison<\/strong> mais sont frein\u00e9es&nbsp;par le co\u00fbt que cela engendre&nbsp;et par les d\u00e9marches administratives qu\u2019il faut faire.<\/p>\n<p style=\"text-align: justify;\">Le <strong>chalet de jardin est donc une alternative id\u00e9ale<\/strong> vous permettant de b\u00e9n\u00e9ficier d&rsquo;une <strong>pi\u00e8ce \u00e0 vivre suppl\u00e9mentaire<\/strong>&nbsp;telle qu\u2019un bureau, un atelier, une chambre d\u2019amis\u2026 le tout \u00e0 petit prix !<\/p>\n<h3 style=\"text-align: justify;\">Qu&rsquo;en est-il de&nbsp;la r\u00e9glementation ?<\/h3>\n<ul>\n<li>En dessous d&rsquo;une superficie de&nbsp;5 m2 <strong>aucune d\u00e9marche<\/strong> n\u2019est n\u00e9cessaire pour son abri,<\/li>\n<li>Entre 5 et 20 m2 une <strong>d\u00e9claration de travaux<\/strong> doit \u00eatre effectu\u00e9e en Mairie,<\/li>\n<li>Une construction sup\u00e9rieure \u00e0 20 m2 n\u00e9cessite un <strong>permis de construire<\/strong>.<\/li>\n<\/ul>\n<p style=\"text-align: justify;\">Rien ne vous emp\u00eache par la suite d\u2019alimenter votre cabanon&nbsp;en \u00e9lectricit\u00e9. Vous pouvez \u00e9galement choisir de cr\u00e9er un <strong>abri \u00e0 \u00e9nergie positive<\/strong> en installant des panneaux solaires sur le toit.<\/p>\n<p style=\"text-align: justify;\">Une petite cabane fera la joie&nbsp;des enfants. N\u2019h\u00e9sitez pas \u00e0 la peindre et \u00e0 l\u2019am\u00e9nager avec des rideaux, de la dinette et quelques touches d\u00e9co bien pens\u00e9es.<\/p>\n<p style=\"text-align: justify;\">Construire une <strong>cabane dans les arbres<\/strong> fait r\u00eaver beaucoup d\u2019enfant.<\/p>\n<p style=\"text-align: justify;\">Cependant il ne faut pas n\u00e9gliger l&rsquo;aspect s\u00e9curitaire. Sa&nbsp;fixation sera primordiale ainsi que les barri\u00e8res sur les c\u00f4t\u00e9s.<br \/>\nDe pr\u00e9f\u00e9rence ne pas faire la cabane trop haute par s\u00e9curit\u00e9&#8230;<\/p>\n<p style=\"text-align: justify;\">Installer des petites <strong>cabanes \u00e0 oiseaux<\/strong> sur la fa\u00e7ade de la cabane ou proche d\u2019elle, permettra aux enfants de les observer pour leur plus grand plaisir.<\/p>\n<p style=\"text-align: justify;\">Et quand les enfants grandissent, d\u00e9laissant par la m\u00eame occasion leur cabane pleine de souvenirs, ce n&rsquo;est pas pour autant qu&rsquo;elle est bonne \u00e0 jeter. Pourquoi ne pas la transformer en niche ou poulailler&nbsp;?<\/p>\n<p style=\"text-align: justify;\">Suivez-nous sur <span style=\"text-decoration: underline;\"><strong><a href=\"https:\/\/www.pinterest.com\/mmaisonmjardin\/abris-et-jardin-un-duo-tendance\/\">Pinterest pour des photos toujours plus attractives et des id\u00e9es d&rsquo;am\u00e9nagement de votre cabane de jardin<\/a><\/strong><\/span>&#8230;<\/p>\n","protected":false},"excerpt":{"rendered":"<p>Le garage n\u2019est pas toujours assez spacieux pour accueillir les outils de jardin ou la tondeuse&#8230; Qu\u2019il soit petit ou grand, un jardin a donc bien souvent besoin d\u2019un nouveau lieu&nbsp;de stockage. A l\u2019\u00e9vocation des [&hellip;]<\/p>\n","protected":false},"author":2,"featured_media":1838,"comment_status":"open","ping_status":"closed","sticky":false,"template":"","format":"standard","meta":{"ngg_post_thumbnail":0},"categories":[9],"tags":[],"_links":{"self":[{"href":"https:\/\/www.mamaisonmonjardin.com\/blog\/wp-json\/wp\/v2\/posts\/1453"}],"collection":[{"href":"https:\/\/www.mamaisonmonjardin.com\/blog\/wp-json\/wp\/v2\/posts"}],"about":[{"href":"https:\/\/www.mamaisonmonjardin.com\/blog\/wp-json\/wp\/v2\/types\/post"}],"author":[{"embeddable":true,"href":"https:\/\/www.mamaisonmonjardin.com\/blog\/wp-json\/wp\/v2\/users\/2"}],"replies":[{"embeddable":true,"href":"https:\/\/www.mamaisonmonjardin.com\/blog\/wp-json\/wp\/v2\/comments?post=1453"}],"version-history":[{"count":0,"href":"https:\/\/www.mamaisonmonjardin.com\/blog\/wp-json\/wp\/v2\/posts\/1453\/revisions"}],"wp:featuredmedia":[{"embeddable":true,"href":"https:\/\/www.mamaisonmonjardin.com\/blog\/wp-json\/wp\/v2\/media\/1838"}],"wp:attachment":[{"href":"https:\/\/www.mamaisonmonjardin.com\/blog\/wp-json\/wp\/v2\/media?parent=1453"}],"wp:term":[{"taxonomy":"category","embeddable":true,"href":"https:\/\/www.mamaisonmonjardin.com\/blog\/wp-json\/wp\/v2\/categories?post=1453"},{"taxonomy":"post_tag","embeddable":true,"href":"https:\/\/www.mamaisonmonjardin.com\/blog\/wp-json\/wp\/v2\/tags?post=1453"}],"curies":[{"name":"wp","href":"https:\/\/api.w.org\/{rel}","templated":true}]}}