{"id":149,"date":"2014-03-01T06:08:39","date_gmt":"2014-03-01T05:08:39","guid":{"rendered":"http:\/\/www.mamaisonmonjardin.com\/blog\/?p=149"},"modified":"2015-06-12T12:02:27","modified_gmt":"2015-06-12T10:02:27","slug":"planter-semer-tailler-mars-attacks","status":"publish","type":"post","link":"https:\/\/www.mamaisonmonjardin.com\/blog\/planter-semer-tailler-mars-attacks\/","title":{"rendered":"Planter, semer, tailler, entretenir, c\u2019est Mars Attacks !"},"content":{"rendered":"<p style=\"text-align: justify;\">Aie c\u2019est fini, l&rsquo;hiver est derri\u00e8re nous, ou presque !<br \/>\nOn a envie de passer du temps \u00e0 l\u2019ext\u00e9rieur, de profiter des premiers rayons du soleil et surtout de mettre son jardin en \u00e9tat de marche.<\/p>\n<p style=\"text-align: justify;\">Ma Maison, Mon Jardin, vous aiguille dans les <strong>\u00e9tapes de pr\u00e9paration de votre jardin et de plantation de vos cultures<\/strong>.<\/p>\n<p style=\"text-align: justify;\"><!--more--><\/p>\n<p style=\"text-align: justify;\">Avant de pouvoir accueillir plants et semis, une phase de pr\u00e9paration de la terre est n\u00e9cessaire.\u00a0Retourner et a\u00e9rer la terre \u00e0 l\u2019aide d\u2019une b\u00eache puis amender et bonifier votre terrain en incorporant des engrais, compost ou fumier.<\/p>\n<p style=\"text-align: justify;\">Pensez \u00e9galement \u00e0 enlever toutes les feuilles mortes qui jonchent votre jardin et \u00e0 arracher les mauvaises herbes.<\/p>\n<h2 style=\"text-align: justify;\">Savez-vous planter (les choux) ?!<\/h2>\n<p style=\"text-align: justify;\">Le mois de mars est synonyme de printemps on peut donc penser \u00e0 <strong>semer et planter<\/strong> pour pouvoir r\u00e9colter le fruit de son travail quelques mois plus tard.<br \/>\nLa p\u00e9riode est propice \u00e0 la <strong>mise en terre de petites graines<\/strong> en tout genre avec comme liste non exhaustive, la salade, le radis, le poireau, le chou, le pois, toutes les herbes aromatiques, la carotte, le concombre, m\u00eame la courgette, le cresson, les \u00e9pinards, le\u00a0fenouil, la f\u00e8ve, ou encore le melon\u00a0et le piment. Selon les r\u00e9gions, favorisez les semis sous serre s&rsquo;il fait encore\u00a0froid, mais avec tous ces\u00a0nouveaux l\u00e9gumes,\u00a0\u00e7a sentirait presque l&rsquo;\u00e9t\u00e9&#8230;presque!<\/p>\n<p style=\"text-align: justify;\">Du c\u00f4t\u00e9 des <strong>plantations<\/strong>, les bulbes d\u2019oignon, ail et \u00e9chalote n\u2019attendent plus que vous !\u00a0Diff\u00e9rentes vari\u00e9t\u00e9s de pommes de terre peuvent aussi \u00eatre plant\u00e9es d\u00e8s le mois de mars.<\/p>\n<p style=\"text-align: justify;\">Garder un \u0153il attentif aux temp\u00e9ratures annonc\u00e9es, ne croyons pas que le froid a totalement fait ses valises, il pourrait encore nous surprendre et mettre \u00e0 mal nos plantations.<\/p>\n<p style=\"text-align: justify;\">L\u00e9gume phare de l\u2019\u00e9t\u00e9 sous diff\u00e9rentes formes en salade ou \u00e0 la proven\u00e7ale, la <strong>tomate<\/strong> n\u00e9cessite une attention particuli\u00e8re.<br \/>\nA vous les tomates rouges \u00e9carlates \u00e0 formes g\u00e9ographiques plus \u00e9tonnantes les unes que les autres. Pas de calibrage, la tomate laisse libre cours \u00e0 son imagination.<br \/>\nPour se faire, il faut dans un premier temps <strong>semer des graines de tomate<\/strong> dans des pots \u00e0 l\u2019abri du froid et dans une zone expos\u00e9e au soleil (serre, v\u00e9randa ou pr\u00e8s d\u2019une fen\u00eatre). Ces semis devront attendre entre 5 et 7 semaines avant d\u2019\u00eatre replant\u00e9s.<br \/>\nOn conseille d\u2019attendre que cette fameuse p\u00e9riode des saints de glaces soit pass\u00e9e pour disposer dans son jardin ses jeunes plants de tomates.\u00a0Un tuteur d\u2019un minimum d\u20191m doit \u00eatre install\u00e9 \u00e0 c\u00f4t\u00e9 de chaque plant.<\/p>\n<h2 style=\"text-align: justify;\">Le verger c\u2019est p\u00each\u00e9 !<\/h2>\n<p><img decoding=\"async\" loading=\"lazy\" class=\"wp-image-155 alignleft\" style=\"border: 2px solid black;\" title=\"Framboisier arbre fruitier \" alt=\"Framboisier arbre fruitier \" src=\"https:\/\/www.mamaisonmonjardin.com\/blog\/wp-content\/uploads\/2013\/03\/Fotolia_43107699_XS-300x193.jpg\" width=\"260\" height=\"163\" \/><\/p>\n<p style=\"text-align: justify;\">On peut commencer d\u00e8s le mois de mars \u00e0 planter des <strong>arbustes \u00e0 fruits<\/strong>, ceux qu\u2019on aime aller ramasser un \u00e0 un pour une petite pause fruit\u00e9e dans la journ\u00e9e, comme les framboises, les groseilles ou les myrtilles.<\/p>\n<p style=\"text-align: justify;\">Pour les pommiers et poiriers, il faut les tailler pour permettre \u00e0 la s\u00e8ve de faire \u00e9clore les premiers bourgeons.<br \/>\nQuant aux p\u00eachers et abricotiers, ils fleurissent d\u00e8s d\u00e9but mars pour peu que vous ayez pris le temps de tailler ses branches avec soin.<\/p>\n<h2 style=\"text-align: justify;\">Orner son jardin<\/h2>\n<p style=\"text-align: justify;\">P\u00e9riode la plus favorable pour pr\u00e9parer son jardin d\u2019ornement, plantes vivaces ou annuelles sont dans les starting-block !<br \/>\nA semer dans les massifs, les <strong>plantes annuelles rustiques<\/strong> telles que les coquelicots, bleuets, soucis, ou les pois de senteur qui sont r\u00e9put\u00e9s pour leur capacit\u00e9 \u00e0 fleurir rapidement mais ont un cycle de vie court.\u00a0Veillez \u00e0 ce qu\u2019une vague de froid ne soit pas pr\u00e9vue quelques jours apr\u00e8s vos premi\u00e8res plantations.<\/p>\n<p style=\"text-align: justify;\">A l\u2019oppos\u00e9 les <strong>vivaces<\/strong> sont des plantes herbac\u00e9es qui r\u00e9sistent aux rigueurs de la mauvaise saison (froid et chaleur).<br \/>\nLes lupins, roses tr\u00e9mi\u00e8res et h\u00e9m\u00e9rocalles sont des plantes vivant plus de 45 jours.\u00a0Les lis, les gla\u00efeuls de la famille des bulbes d\u2019\u00e9t\u00e9 sont \u00e0 planter en mars.<br \/>\nSurveillez tout de m\u00eame que les escargots et les limaces qui vont r\u00e9apparaitre ne fassent pas trop de d\u00e9g\u00e2ts.<\/p>\n<h2 style=\"text-align: justify;\">Plantes d\u2019int\u00e9rieur ou de balcon<\/h2>\n<p style=\"text-align: justify;\">Apr\u00e8s une pause pendant l\u2019hiver, les plantes d\u2019int\u00e9rieur sont pr\u00eates \u00e0 reprendre leur cycle de croissance.\u00a0Pour cela, il faut <strong>fertiliser vos plantes<\/strong> \u00e0 savoir leur apporter des \u00e9l\u00e9ments min\u00e9raux favorisant leur d\u00e9veloppement.<br \/>\nDes engrais classiques plus ou moins riches en phosphore ou en azote sont disponibles. Renseignez-vous aupr\u00e8s d\u2019un conseiller pour savoir quel engrais est adapt\u00e9 \u00e0 votre type de plante.<\/p>\n<p style=\"text-align: justify;\">Si vous venez d\u2019acheter une plante ou de la rempoter, Ma Maison, Mon Jardin vous conseille d\u2019attendre un mois avant de mettre des engrais. Pendant cette p\u00e9riode la plante se nourrit de la terre fraichement incorpor\u00e9e qui suffit \u00e0 la nourrir.<\/p>\n<p style=\"text-align: justify;\">Pour les <strong>plantes grasses et les cactus<\/strong>, attention \u00e0 ne pas abuser des fertilisants qui peuvent, \u00e0 la longue, br\u00fbler les racines.<br \/>\nLe soleil brille de plus en plus longtemps et plus intens\u00e9ment alors pensez \u00e0 exposer vos plantes \u00e0 la lumi\u00e8re.<\/p>\n<h2 style=\"text-align: justify;\">Taille t\u00f4t, taille tard, taille toujours en mars !<\/h2>\n<p style=\"text-align: center;\"><img decoding=\"async\" loading=\"lazy\" class=\" wp-image-153 aligncenter\" style=\"border: 2px solid black;\" title=\"Taille rosiers \" alt=\"Taille rosiers \" src=\"https:\/\/www.mamaisonmonjardin.com\/blog\/wp-content\/uploads\/2013\/03\/Fotolia_13974472_XS-300x193.jpg\" width=\"270\" height=\"173\" \/><\/p>\n<p style=\"text-align: justify;\">Ce proverbe a tout dit\u2026 ou presque !\u00a0<strong>Tailler ses arbustes et arbres<\/strong> est un travail \u00e0 faire \u00e0 la fin de l\u2019hiver. Seront aussi sujettes \u00e0 une petite coupe de printemps\u00a0: les plantes dites grimpantes.<br \/>\nLes rosiers grimpants, ou les glycines notamment, n\u00e9cessitent un bon coup de s\u00e9cateur, allez-y franchement, ce geste redonnera de la vigueur \u00e0 ces plantes.<\/p>\n<p>Pour favoriser la floraison, redonner forme \u00e0 vos haies, affiner leur silhouette, cette t\u00e2che est fastidieuse mais indispensable. Rosiers, glycines, bougainvill\u00e9es et ch\u00e8vrefeuilles sont aussi \u00e0 tailler \u00e0 cette \u00e9poque de l\u2019ann\u00e9e.<\/p>\n<p>Au mois de mars profitez de l&rsquo;arriv\u00e9e des beaux jours pour chouchouter votre <strong>pelouse<\/strong>. Tout l&rsquo;hiver on vous a conseill\u00e9 de ne pas l&#8217;emb\u00eater, de ne pas trop marcher dessus mais \u00e0 pr\u00e9sent c&rsquo;est le moment de la\u00a0<strong>scarifier<\/strong>.<\/p>\n<p>Pour se faire, utilisez un balai \u00e0 gazon ou un scarificateur. Cette op\u00e9ration permet d&rsquo;a\u00e9rer votre sol, de le nettoyer et de permettre un \u00e9change entre l&rsquo;air et la terre. Elle donne une nouvelle vie \u00e0 votre gazon.<\/p>\n<p><em>Camille<\/em><\/p>\n","protected":false},"excerpt":{"rendered":"<p>Aie c\u2019est fini, l&rsquo;hiver est derri\u00e8re nous, ou presque ! On a envie de passer du temps \u00e0 l\u2019ext\u00e9rieur, de profiter des premiers rayons du soleil et surtout de mettre son jardin en \u00e9tat de [&hellip;]<\/p>\n","protected":false},"author":2,"featured_media":154,"comment_status":"open","ping_status":"closed","sticky":false,"template":"","format":"standard","meta":{"ngg_post_thumbnail":0},"categories":[9],"tags":[],"_links":{"self":[{"href":"https:\/\/www.mamaisonmonjardin.com\/blog\/wp-json\/wp\/v2\/posts\/149"}],"collection":[{"href":"https:\/\/www.mamaisonmonjardin.com\/blog\/wp-json\/wp\/v2\/posts"}],"about":[{"href":"https:\/\/www.mamaisonmonjardin.com\/blog\/wp-json\/wp\/v2\/types\/post"}],"author":[{"embeddable":true,"href":"https:\/\/www.mamaisonmonjardin.com\/blog\/wp-json\/wp\/v2\/users\/2"}],"replies":[{"embeddable":true,"href":"https:\/\/www.mamaisonmonjardin.com\/blog\/wp-json\/wp\/v2\/comments?post=149"}],"version-history":[{"count":0,"href":"https:\/\/www.mamaisonmonjardin.com\/blog\/wp-json\/wp\/v2\/posts\/149\/revisions"}],"wp:featuredmedia":[{"embeddable":true,"href":"https:\/\/www.mamaisonmonjardin.com\/blog\/wp-json\/wp\/v2\/media\/154"}],"wp:attachment":[{"href":"https:\/\/www.mamaisonmonjardin.com\/blog\/wp-json\/wp\/v2\/media?parent=149"}],"wp:term":[{"taxonomy":"category","embeddable":true,"href":"https:\/\/www.mamaisonmonjardin.com\/blog\/wp-json\/wp\/v2\/categories?post=149"},{"taxonomy":"post_tag","embeddable":true,"href":"https:\/\/www.mamaisonmonjardin.com\/blog\/wp-json\/wp\/v2\/tags?post=149"}],"curies":[{"name":"wp","href":"https:\/\/api.w.org\/{rel}","templated":true}]}}