{"id":1943,"date":"2015-07-02T09:34:16","date_gmt":"2015-07-02T07:34:16","guid":{"rendered":"http:\/\/www.mamaisonmonjardin.com\/blog\/?p=1943"},"modified":"2015-07-02T09:35:09","modified_gmt":"2015-07-02T07:35:09","slug":"salons-foires-juillet-2015","status":"publish","type":"post","link":"https:\/\/www.mamaisonmonjardin.com\/blog\/salons-foires-juillet-2015\/","title":{"rendered":"Salons et foires : nos rendez-vous de Juillet 2015"},"content":{"rendered":"<p style=\"text-align: justify;\">En plein \u00e9t\u00e9 on aime sortir et s&rsquo;\u00e9merveiller devant la nature, ou profiter de notre temps-libre pour penser \u00e0 l&rsquo;am\u00e9nagement de la maison !<\/p>\n<p style=\"text-align: justify;\">Si vous avez la chance d&rsquo;\u00eatre en vacances, ne ratez pas ces <strong>\u00e9v\u00e9nements de Juillet<\/strong>\u00a0autour de la maison et du jardin !<\/p>\n<p style=\"text-align: justify;\"><!--more--><\/p>\n<h2 style=\"text-align: justify;\"><span style=\"color: #99cc00;\">BRETAGNE<\/span><\/h2>\n<h3 style=\"text-align: justify;\"><span style=\"text-decoration: underline;\"><a href=\"http:\/\/www.cbnbrest.fr\/site\/html\/visite\/serre_cbnb.html\">Ouverture des serres tropicales<\/a><\/span><\/h3>\n<p style=\"text-align: justify;\"><em><img decoding=\"async\" loading=\"lazy\" class=\" wp-image-1947  alignright\" style=\"border: 1px solid #000000;\" title=\"Logo conservatoire botanique de Brest\" src=\"https:\/\/www.mamaisonmonjardin.com\/blog\/wp-content\/uploads\/2015\/07\/Logo_CBN_DE_BREST.jpg\" alt=\"Logo conservatoire botanique de Brest\" width=\"359\" height=\"185\" srcset=\"https:\/\/www.mamaisonmonjardin.com\/blog\/wp\/wp-content\/uploads\/2015\/07\/Logo_CBN_DE_BREST.jpg 5059w, https:\/\/www.mamaisonmonjardin.com\/blog\/wp\/wp-content\/uploads\/2015\/07\/Logo_CBN_DE_BREST-300x155.jpg 300w, https:\/\/www.mamaisonmonjardin.com\/blog\/wp\/wp-content\/uploads\/2015\/07\/Logo_CBN_DE_BREST-1024x527.jpg 1024w\" sizes=\"(max-width: 359px) 100vw, 359px\" \/>Jardin du Conservatoire Botanique National de Bres,\u00a0Rampe du Stang-Alaar, Brest (29)<\/em><\/p>\n<p style=\"text-align: justify;\"><span style=\"color: #ff9900;\">Du 1er juillet au 31 ao\u00fbt\u00a0<\/span><\/p>\n<p style=\"text-align: justify;\">Les plantes les plus rares sont regroup\u00e9es dans ces serres tropicales de + de 1000 m2.<\/p>\n<p style=\"text-align: justify;\">Diff\u00e9rents climats sont recr\u00e9\u00e9s pour offrir \u00e0 la vue des spectateurs\u00a0des esp\u00e8ces de plantes d&rsquo;origine lointaine dont\u00a095% sont menac\u00e9es.<br \/>\nVisitez la flore exceptionnelle des \u00eeles subtropicales, des zones tropicales s\u00e8ches, ainsi que des montagnes et for\u00eats tropicales humides.<\/p>\n<h2 style=\"text-align: justify;\"><span style=\"color: #99cc00;\">\u00ceLE-DE-FRANCE<\/span><\/h2>\n<h3 style=\"text-align: justify;\"><span style=\"text-decoration: underline;\"><a href=\"http:\/\/chateaudefontainebleau.fr\/Visites-a-la-belle-etoile\">Visites \u00e0 la belle \u00e9toile dans les Jardins du Ch\u00e2teau de Fontainebleau<\/a><\/span><\/h3>\n<p style=\"text-align: justify;\"><em>Ch\u00e2teau de Fontainebleau<span style=\"color: #000000;\"><b>,\u00a0<\/b><\/span>Fontainebleau (77)<\/em><\/p>\n<p style=\"text-align: justify;\"><span style=\"color: #ff9900;\">Du 9\u00a0juillet au 31 ao\u00fbt &#8211; A\u00a021h<\/span><\/p>\n<p style=\"text-align: justify;\">Tous les jeudis de juillet et ao\u00fbt, un guide vous fait visiter les jardins du ch\u00e2teau de Fontainebleau, rien d&rsquo;anormal&#8230; Mais ces visites se font la nuit, \u00e0 partir de 21h ! Pensez \u00e0 r\u00e9server avant d&rsquo;aller sur place.<\/p>\n<p style=\"text-align: justify;\">De l&rsquo;\u00e9poque m\u00e9di\u00e9vale au second empire, des rois et reines se sont succ\u00e9d\u00e9s \u00e0 l&rsquo;int\u00e9rieur du ch\u00e2teau et ont embelli ces 4 cours et ces 3 jardins pour en faire d&rsquo;immenses \u00e9tendues de verdure et d&rsquo;eau incontournables !<\/p>\n<h2 style=\"text-align: justify;\"><span style=\"color: #99cc00;\">LORRAINE<\/span><\/h2>\n<h3 style=\"text-align: justify;\"><span style=\"text-decoration: underline;\"><a href=\"http:\/\/www.chateaudelagrange.com\/index.php?option=com_content&amp;view=article&amp;id=3:manifestations&amp;catid=2&amp;Itemid=107&amp;lang=fr\">Nuit des senteurs<\/a><\/span><\/h3>\n<p style=\"text-align: justify;\"><em>Ch\u00e2teau de la Grange,\u00a0Manom (57)<\/em><\/p>\n<p style=\"text-align: justify;\"><span style=\"color: #ff9900;\">Le\u00a03 juillet &#8211;\u00a0De 19h30 \u00e0 22h<\/span><\/p>\n<p style=\"text-align: justify;\">La collection de plantes aromatiques, les lys et les tilleuls vous accueilleront avec un parfum divin dans les jardins du ch\u00e2teau. A 20h, une visite guid\u00e9e vous sera \u00e9galement propos\u00e9e par le chef jardinier.<br \/>\nIl vous sera aussi possible d&rsquo;acheter des plantes !\u00a0<img decoding=\"async\" loading=\"lazy\" class=\" wp-image-1945  aligncenter\" style=\"border: 1px solid #000000;\" title=\"Affiche de la Nuit des Senteurs\" src=\"https:\/\/www.mamaisonmonjardin.com\/blog\/wp-content\/uploads\/2015\/06\/Capture-d\u2019\u00e9cran-2015-06-30-\u00e0-17.59.07.png\" alt=\"Affiche de la Nuit des Senteurs\" width=\"230\" height=\"326\" srcset=\"https:\/\/www.mamaisonmonjardin.com\/blog\/wp\/wp-content\/uploads\/2015\/06\/Capture-d\u2019\u00e9cran-2015-06-30-\u00e0-17.59.07.png 633w, https:\/\/www.mamaisonmonjardin.com\/blog\/wp\/wp-content\/uploads\/2015\/06\/Capture-d\u2019\u00e9cran-2015-06-30-\u00e0-17.59.07-212x300.png 212w\" sizes=\"(max-width: 230px) 100vw, 230px\" \/><\/p>\n<h2 style=\"text-align: justify;\"><span style=\"color: #99cc00;\">MIDI-PYRENEES<\/span><\/h2>\n<h3 style=\"text-align: justify;\"><span style=\"text-decoration: underline;\"><a href=\"http:\/\/www.jardinsdesmartels.com\/fr\/evenements\/festival-du-lotus-debut-juillet-_21.html\">Festival du lotus<\/a><\/span><\/h3>\n<p style=\"text-align: justify;\"><em>Jardins des Martels,\u00a0Les martels, Giroussens (81)<\/em><\/p>\n<p style=\"text-align: justify;\"><span style=\"color: #ff9900;\">Du 4 au\u00a05 juillet &#8211;\u00a0Samedi de 10h30 \u00e0 17h, dimanche\u00a0de 10h \u00e0 17h<\/span><\/p>\n<p style=\"text-align: justify;\">La floraison des lotus se passe en Juillet : vous pourrez donc voir ces fleurs au moment le plus merveilleux !\u00a0Au programme : lecture dans les jardins, cuisine, rencontre avec des sp\u00e9cialistes, visites artistiques, massages, expositions, origamis&#8230;<\/p>\n<p style=\"text-align: justify;\"><img decoding=\"async\" loading=\"lazy\" class=\"aligncenter wp-image-1944 size-medium\" style=\"border: 1px solid #000000;\" title=\"Affiche du festival du lotus\" src=\"https:\/\/www.mamaisonmonjardin.com\/blog\/wp-content\/uploads\/2015\/06\/Festival-du-Lotus-2015-212x300.jpg\" alt=\"Affiche du festival du lotus\" width=\"212\" height=\"300\" srcset=\"https:\/\/www.mamaisonmonjardin.com\/blog\/wp\/wp-content\/uploads\/2015\/06\/Festival-du-Lotus-2015-212x300.jpg 212w, https:\/\/www.mamaisonmonjardin.com\/blog\/wp\/wp-content\/uploads\/2015\/06\/Festival-du-Lotus-2015.jpg 354w\" sizes=\"(max-width: 212px) 100vw, 212px\" \/><\/p>\n<h3 class=\"rtecenter\" style=\"text-align: justify;\"><span style=\"text-decoration: underline;\"><a href=\"http:\/\/www.lp-promotion.com\/actualites-3-4-juillet-2015-salon-du-logement-muy-immo-toulouse\">Salon du logement MY IMMO<\/a><\/span><\/h3>\n<p style=\"text-align: justify;\" align=\"center\"><img decoding=\"async\" loading=\"lazy\" class=\" wp-image-1946 alignright\" style=\"border: 1px solid #000000;\" title=\"Bandeau web du salon du logement MY IMMO \u00e0 Toulouse\" src=\"https:\/\/www.mamaisonmonjardin.com\/blog\/wp-content\/uploads\/2015\/06\/bandeau-web-toulouse.jpg\" alt=\"Salon du logement MY IMMO \u00e0 Toulouse\" width=\"398\" height=\"200\" srcset=\"https:\/\/www.mamaisonmonjardin.com\/blog\/wp\/wp-content\/uploads\/2015\/06\/bandeau-web-toulouse.jpg 420w, https:\/\/www.mamaisonmonjardin.com\/blog\/wp\/wp-content\/uploads\/2015\/06\/bandeau-web-toulouse-300x151.jpg 300w\" sizes=\"(max-width: 398px) 100vw, 398px\" \/><em>Centre de Congr\u00e8s Pierre Baudi, Toulouse<\/em><\/p>\n<p style=\"text-align: justify;\" align=\"center\"><span style=\"color: #ff9900;\">Du 3 au 4 Juillet 2015 &#8211; De 10h \u00e0 18h<\/span><\/p>\n<p style=\"text-align: justify;\" align=\"center\">Ce rendez-vous destin\u00e9 aux 18-35 ans vous permettra de devenir propri\u00e9taire ou locataire d&rsquo;un appartement ou d&rsquo;une maison dans la r\u00e9gion Toulousaine.<br \/>\nDes professionnels seront \u00e0 vos c\u00f4t\u00e9s pour vous conseiller financi\u00e8rement lors de l&rsquo;acquisition d&rsquo;un bien immobilier.<\/p>\n<h2 style=\"text-align: justify;\"><span style=\"color: #99cc00;\">RH\u00d4NE-ALPES<\/span><\/h2>\n<h3 style=\"text-align: justify;\"><span style=\"text-decoration: underline;\"><a href=\"http:\/\/www.nature.lyon.fr\/nature\/sections\/fr\/vos_activites6737\/pages\/page14_expo_gerland\/\">Exposition et ateliers sur les orchid\u00e9es<\/a><\/span><\/h3>\n<p><em>Maison des fleurs du parc de Gerland, Lyon<\/em><\/p>\n<p><span style=\"color: #ff9900;\">Du 4 au 10 Juillet 2015 &#8211; De 10h30 \u00e0 12h30 et de 13h30 \u00e0 17h<\/span><\/p>\n<p style=\"text-align: justify;\"><em><img decoding=\"async\" loading=\"lazy\" class=\"alignleft wp-image-1949\" style=\"border: 0px solid #000000;\" title=\"Exposition d'orchid\u00e9es \u00e0 Gerland\" src=\"https:\/\/www.mamaisonmonjardin.com\/blog\/wp-content\/uploads\/2015\/07\/Capture-d\u2019\u00e9cran-2015-07-01-\u00e0-10.18.16.png\" alt=\"Exposition d'orchid\u00e9es \u00e0 Gerland\" width=\"260\" height=\"369\" srcset=\"https:\/\/www.mamaisonmonjardin.com\/blog\/wp\/wp-content\/uploads\/2015\/07\/Capture-d\u2019\u00e9cran-2015-07-01-\u00e0-10.18.16.png 590w, https:\/\/www.mamaisonmonjardin.com\/blog\/wp\/wp-content\/uploads\/2015\/07\/Capture-d\u2019\u00e9cran-2015-07-01-\u00e0-10.18.16-211x300.png 211w\" sizes=\"(max-width: 260px) 100vw, 260px\" \/><\/em><\/p>\n<p style=\"text-align: justify;\">Pour admirer\u00a0une exposition d&rsquo;orchid\u00e9es et de photos d&rsquo;orchid\u00e9es gratuitement, ne ratez pas ce rendez-vous au parc de Gerland.<\/p>\n<p style=\"text-align: justify;\">Des ateliers sont \u00e9galement propos\u00e9s : pour d\u00e9velopper le go\u00fbt des\u00a0enfants, pour apprendre \u00e0 soigner ses plantes&#8230;<\/p>\n","protected":false},"excerpt":{"rendered":"<p>En plein \u00e9t\u00e9 on aime sortir et s&rsquo;\u00e9merveiller devant la nature, ou profiter de notre temps-libre pour penser \u00e0 l&rsquo;am\u00e9nagement de la maison ! Si vous avez la chance d&rsquo;\u00eatre en vacances, ne ratez pas [&hellip;]<\/p>\n","protected":false},"author":2,"featured_media":1950,"comment_status":"open","ping_status":"closed","sticky":false,"template":"","format":"standard","meta":{"ngg_post_thumbnail":0},"categories":[11],"tags":[],"_links":{"self":[{"href":"https:\/\/www.mamaisonmonjardin.com\/blog\/wp-json\/wp\/v2\/posts\/1943"}],"collection":[{"href":"https:\/\/www.mamaisonmonjardin.com\/blog\/wp-json\/wp\/v2\/posts"}],"about":[{"href":"https:\/\/www.mamaisonmonjardin.com\/blog\/wp-json\/wp\/v2\/types\/post"}],"author":[{"embeddable":true,"href":"https:\/\/www.mamaisonmonjardin.com\/blog\/wp-json\/wp\/v2\/users\/2"}],"replies":[{"embeddable":true,"href":"https:\/\/www.mamaisonmonjardin.com\/blog\/wp-json\/wp\/v2\/comments?post=1943"}],"version-history":[{"count":0,"href":"https:\/\/www.mamaisonmonjardin.com\/blog\/wp-json\/wp\/v2\/posts\/1943\/revisions"}],"wp:featuredmedia":[{"embeddable":true,"href":"https:\/\/www.mamaisonmonjardin.com\/blog\/wp-json\/wp\/v2\/media\/1950"}],"wp:attachment":[{"href":"https:\/\/www.mamaisonmonjardin.com\/blog\/wp-json\/wp\/v2\/media?parent=1943"}],"wp:term":[{"taxonomy":"category","embeddable":true,"href":"https:\/\/www.mamaisonmonjardin.com\/blog\/wp-json\/wp\/v2\/categories?post=1943"},{"taxonomy":"post_tag","embeddable":true,"href":"https:\/\/www.mamaisonmonjardin.com\/blog\/wp-json\/wp\/v2\/tags?post=1943"}],"curies":[{"name":"wp","href":"https:\/\/api.w.org\/{rel}","templated":true}]}}