{"id":2090,"date":"2015-09-25T06:24:49","date_gmt":"2015-09-25T04:24:49","guid":{"rendered":"http:\/\/www.mamaisonmonjardin.com\/blog\/?p=2090"},"modified":"2015-09-25T09:02:49","modified_gmt":"2015-09-25T07:02:49","slug":"qui-est-paul","status":"publish","type":"post","link":"https:\/\/www.mamaisonmonjardin.com\/blog\/qui-est-paul\/","title":{"rendered":"Qui est Paul ? LA marque tendance du moment !"},"content":{"rendered":"<p style=\"text-align: justify;\">\u00ab Qui est Paul ? \u00bb telle est la grande question ! <br \/><strong>Jeune<\/strong> <strong>marque de mobilier contemporain pour l\u2019int\u00e9rieur et l\u2019ext\u00e9rieur,<\/strong> ses\u00a0produits se caract\u00e9risent par une mati\u00e8re bien sp\u00e9cifique, le <strong>poly\u00e9thyl\u00e8ne<\/strong>, plastique rigide\u00a0durable qui r\u00e9siste aux al\u00e9as climatiques.<\/p>\n<p style=\"text-align: justify;\">Modernes gr\u00e2ce \u00e0 leurs <strong>lignes fluides et arrondies<\/strong>, les meubles\u00a0sont disponibles en de nombreux coloris, du plus neutre au plus \u00e9clatant : blanc, gris, noir, violet, rouge, rose, orange, jaune, vert, bleu, et m\u00eame translucide lumineux !\u00a0<br \/><!--more--><strong><br \/><\/strong>Rencontre avec<strong> St\u00e9phane Delimoges<\/strong>, g\u00e9rant de la marque &lsquo;Qui est Paul&rsquo;, pour en savoir plus sur cet \u00ab\u00a0<strong>artisanat artistique<\/strong>\u00ab\u00a0.<\/p>\n","protected":false},"excerpt":{"rendered":"<p>\u00ab Qui est Paul ? \u00bb telle est la grande question ! Jeune marque de mobilier contemporain pour l\u2019int\u00e9rieur et l\u2019ext\u00e9rieur, ses\u00a0produits se caract\u00e9risent par une mati\u00e8re bien sp\u00e9cifique, le poly\u00e9thyl\u00e8ne, plastique rigide\u00a0durable qui r\u00e9siste [&hellip;]<\/p>\n","protected":false},"author":2,"featured_media":2115,"comment_status":"open","ping_status":"closed","sticky":false,"template":"","format":"standard","meta":{"ngg_post_thumbnail":0},"categories":[4],"tags":[],"_links":{"self":[{"href":"https:\/\/www.mamaisonmonjardin.com\/blog\/wp-json\/wp\/v2\/posts\/2090"}],"collection":[{"href":"https:\/\/www.mamaisonmonjardin.com\/blog\/wp-json\/wp\/v2\/posts"}],"about":[{"href":"https:\/\/www.mamaisonmonjardin.com\/blog\/wp-json\/wp\/v2\/types\/post"}],"author":[{"embeddable":true,"href":"https:\/\/www.mamaisonmonjardin.com\/blog\/wp-json\/wp\/v2\/users\/2"}],"replies":[{"embeddable":true,"href":"https:\/\/www.mamaisonmonjardin.com\/blog\/wp-json\/wp\/v2\/comments?post=2090"}],"version-history":[{"count":0,"href":"https:\/\/www.mamaisonmonjardin.com\/blog\/wp-json\/wp\/v2\/posts\/2090\/revisions"}],"wp:featuredmedia":[{"embeddable":true,"href":"https:\/\/www.mamaisonmonjardin.com\/blog\/wp-json\/wp\/v2\/media\/2115"}],"wp:attachment":[{"href":"https:\/\/www.mamaisonmonjardin.com\/blog\/wp-json\/wp\/v2\/media?parent=2090"}],"wp:term":[{"taxonomy":"category","embeddable":true,"href":"https:\/\/www.mamaisonmonjardin.com\/blog\/wp-json\/wp\/v2\/categories?post=2090"},{"taxonomy":"post_tag","embeddable":true,"href":"https:\/\/www.mamaisonmonjardin.com\/blog\/wp-json\/wp\/v2\/tags?post=2090"}],"curies":[{"name":"wp","href":"https:\/\/api.w.org\/{rel}","templated":true}]}}