{"id":214,"date":"2013-04-26T06:24:21","date_gmt":"2013-04-26T04:24:21","guid":{"rendered":"http:\/\/www.mamaisonmonjardin.com\/blog\/?p=214"},"modified":"2013-04-04T10:23:32","modified_gmt":"2013-04-04T08:23:32","slug":"parasol-fait-revolution","status":"publish","type":"post","link":"https:\/\/www.mamaisonmonjardin.com\/blog\/parasol-fait-revolution\/","title":{"rendered":"Le parasol fait sa r\u00e9volution"},"content":{"rendered":"<p style=\"text-align: justify;\">Le r\u00f4le du blog Ma Maison, Ma Jardin est aussi de vous faire d\u00e9couvrir des produits innovants et insolites qui envahiront notre habitat dans les ann\u00e9es futures.<br \/>\nFocus aujourd&rsquo;hui sur le <strong>parasol de la marque CID<\/strong>.<br \/>\n<!--more--><br \/>\nA premi\u00e8re vue qu\u2019est-ce qui diff\u00e9rencie ce parasol d\u2019autres mod\u00e8les ? Pas grand chose me direz-vous !<\/p>\n<p style=\"text-align: justify;\">Oh surprise\u2026 <strong>automatique, solaire et t\u00e9l\u00e9command\u00e9<\/strong>, le parasol Carlton dispose de 3 innovations majeures.<\/p>\n<p style=\"text-align: justify;\">Gr\u00e2ce aux capteurs situ\u00e9s au sommet du mat, ce parasol <strong>emmagasine l\u2019\u00e9nergie solaire<\/strong> et permet d\u2019automatiser son ouverture et sa fermeture.<\/p>\n<p style=\"text-align: justify;\">Mais il ne s\u2019arr\u00eate pas l\u00e0 puisqu\u2019il dispose aussi de <strong>4 ampoules LED<\/strong> pour \u00e9clairer \u00e0 la tomb\u00e9e de la nuit votre ext\u00e9rieur. \u00a0Cet \u00e9clairage fonctionne \u00e9galement \u00e0 l&rsquo;\u00e9nergie solaire.<br \/>\nC\u2019est un peu le <strong>\u2018couteau suisse\u2019 du parasol<\/strong>, il est multifonction !<br \/>\nEt si le soleil jouait \u00e0 cache \u00e0 cache, vous avez toujours la possibilit\u00e9 d&rsquo;utiliser la batterie rechargeable sur secteur.<\/p>\n<p style=\"text-align: justify;\">\u00a0 \u00a0 \u00a0 \u00a0 \u00a0<img decoding=\"async\" loading=\"lazy\" class=\"alignnone  wp-image-215\" style=\"border-width: 2px; border-color: black; border-style: solid;\" title=\"Automatisation du parasol \u00e0 \u00e9nergie solaire \" alt=\"Automatisation du parasol \u00e0 \u00e9nergie solaire \" src=\"https:\/\/www.mamaisonmonjardin.com\/blog\/wp-content\/uploads\/2013\/03\/Boutons-300x193.jpg\" width=\"280\" height=\"183\" \/>\u00a0 \u00a0\u00a0<img decoding=\"async\" loading=\"lazy\" class=\"alignnone  wp-image-216\" style=\"border-width: 2px; border-color: black; border-style: solid;\" title=\"Ampoules LED int\u00e9gr\u00e9es au parasol \" alt=\"Ampoules LED int\u00e9gr\u00e9es au parasol \" src=\"https:\/\/www.mamaisonmonjardin.com\/blog\/wp-content\/uploads\/2013\/03\/LED-300x193.jpg\" width=\"280\" height=\"183\" \/><\/p>\n<h2 style=\"text-align: justify;\">Y a-t-il un pilote dans votre jardin ?<\/h2>\n<p style=\"text-align: justify;\"><img decoding=\"async\" loading=\"lazy\" class=\" wp-image-217 alignright\" style=\"border-width: 2px; border-color: black; border-style: solid;\" alt=\"Telecommande parasol\" src=\"https:\/\/www.mamaisonmonjardin.com\/blog\/wp-content\/uploads\/2013\/03\/Telecommande-300x193.jpg\" width=\"200\" height=\"133\" \/>Laisser vous porter par sa <strong>t\u00e9l\u00e9commande<\/strong> ou ses touches int\u00e9gr\u00e9es sur le mat pour vous offrir un moment de d\u00e9tente sans aucun effort.<br \/>\nLa sieste ou le d\u00e9jeuner sous le parasol n\u2019en seront que plus agr\u00e9ables.<\/p>\n<p style=\"text-align: justify;\">Pour ceux et celles qui se sont d\u00e9j\u00e0 retrouv\u00e9s la t\u00eate coinc\u00e9e dans la structure du parasol en voulant le fermer, ce produit va vous plaire !<br \/>\nEt il permet aussi de garder son dos en parfait \u00e9quilibre pour appuyer sur le bouton de la t\u00e9l\u00e9commande. Fini les lombaires douloureuses..<\/p>\n<p style=\"text-align: justify;\">Ce produit a \u00e9t\u00e9 con\u00e7u par <strong>l\u2019entreprise fran\u00e7aise CID<\/strong> (Cr\u00e9ation Import Distribution) sp\u00e9cialis\u00e9e dans le mobilier de jardin. Implant\u00e9 dans le sud de la France, CID a pour vocation de devancer les tendances du march\u00e9 de l\u2019environnement jardin.<\/p>\n<p style=\"text-align: justify;\">Alors s\u00e9duit par ce nouvel outil alliant modernit\u00e9 et technicit\u00e9 ?<\/p>\n<p><em>Sandrine<\/em><\/p>\n","protected":false},"excerpt":{"rendered":"<p>Le r\u00f4le du blog Ma Maison, Ma Jardin est aussi de vous faire d\u00e9couvrir des produits innovants et insolites qui envahiront notre habitat dans les ann\u00e9es futures. Focus aujourd&rsquo;hui sur le parasol de la marque [&hellip;]<\/p>\n","protected":false},"author":2,"featured_media":218,"comment_status":"open","ping_status":"closed","sticky":false,"template":"","format":"standard","meta":{"ngg_post_thumbnail":0},"categories":[4],"tags":[],"_links":{"self":[{"href":"https:\/\/www.mamaisonmonjardin.com\/blog\/wp-json\/wp\/v2\/posts\/214"}],"collection":[{"href":"https:\/\/www.mamaisonmonjardin.com\/blog\/wp-json\/wp\/v2\/posts"}],"about":[{"href":"https:\/\/www.mamaisonmonjardin.com\/blog\/wp-json\/wp\/v2\/types\/post"}],"author":[{"embeddable":true,"href":"https:\/\/www.mamaisonmonjardin.com\/blog\/wp-json\/wp\/v2\/users\/2"}],"replies":[{"embeddable":true,"href":"https:\/\/www.mamaisonmonjardin.com\/blog\/wp-json\/wp\/v2\/comments?post=214"}],"version-history":[{"count":0,"href":"https:\/\/www.mamaisonmonjardin.com\/blog\/wp-json\/wp\/v2\/posts\/214\/revisions"}],"wp:featuredmedia":[{"embeddable":true,"href":"https:\/\/www.mamaisonmonjardin.com\/blog\/wp-json\/wp\/v2\/media\/218"}],"wp:attachment":[{"href":"https:\/\/www.mamaisonmonjardin.com\/blog\/wp-json\/wp\/v2\/media?parent=214"}],"wp:term":[{"taxonomy":"category","embeddable":true,"href":"https:\/\/www.mamaisonmonjardin.com\/blog\/wp-json\/wp\/v2\/categories?post=214"},{"taxonomy":"post_tag","embeddable":true,"href":"https:\/\/www.mamaisonmonjardin.com\/blog\/wp-json\/wp\/v2\/tags?post=214"}],"curies":[{"name":"wp","href":"https:\/\/api.w.org\/{rel}","templated":true}]}}