{"id":2431,"date":"2016-01-09T06:03:44","date_gmt":"2016-01-09T05:03:44","guid":{"rendered":"http:\/\/www.mamaisonmonjardin.com\/blog\/?p=2431"},"modified":"2015-12-28T15:07:06","modified_gmt":"2015-12-28T14:07:06","slug":"carrelage-mural-faience-tendance-ou-has-been","status":"publish","type":"post","link":"https:\/\/www.mamaisonmonjardin.com\/blog\/carrelage-mural-faience-tendance-ou-has-been\/","title":{"rendered":"Carrelage mural et fa\u00efence, tendance ou has been ?"},"content":{"rendered":"<p style=\"text-align: justify;\">Tr\u00e8s \u00e0 la mode dans les ann\u00e9es 80, la fa\u00efence et le carrelage mural font leur grand retour pour <strong>d\u00e9corer la cuisine et la salle de bains<\/strong>.<\/p>\n<p style=\"text-align: justify;\">Ce mat\u00e9riau est l\u2019un des plus pratiques \u00e0 laver : le gras et l\u2019humidit\u00e9 d&rsquo;une cuisine n&rsquo;ont pas d&rsquo;incidences. Il devient aussi un v\u00e9ritable \u00e9l\u00e9ment de d\u00e9coration \u00e0 travers <strong>ses diff\u00e9rentes formes, ses mati\u00e8res et ses diff\u00e9rents coloris<\/strong>.<\/p>\n<p style=\"text-align: justify;\">D\u00e9couvrez quel type de carreaux fixer au mur pour <strong>cr\u00e9er une pi\u00e8ce tendance et moderne<\/strong> sans avoir l\u2019impression de retourner 35 ans en arri\u00e8re !<\/p>\n","protected":false},"excerpt":{"rendered":"<p>Tr\u00e8s \u00e0 la mode dans les ann\u00e9es 80, la fa\u00efence et le carrelage mural font leur grand retour pour d\u00e9corer la cuisine et la salle de bains. Ce mat\u00e9riau est l\u2019un des plus pratiques \u00e0 [&hellip;]<\/p>\n","protected":false},"author":2,"featured_media":2441,"comment_status":"open","ping_status":"closed","sticky":false,"template":"","format":"standard","meta":{"ngg_post_thumbnail":0},"categories":[4],"tags":[],"_links":{"self":[{"href":"https:\/\/www.mamaisonmonjardin.com\/blog\/wp-json\/wp\/v2\/posts\/2431"}],"collection":[{"href":"https:\/\/www.mamaisonmonjardin.com\/blog\/wp-json\/wp\/v2\/posts"}],"about":[{"href":"https:\/\/www.mamaisonmonjardin.com\/blog\/wp-json\/wp\/v2\/types\/post"}],"author":[{"embeddable":true,"href":"https:\/\/www.mamaisonmonjardin.com\/blog\/wp-json\/wp\/v2\/users\/2"}],"replies":[{"embeddable":true,"href":"https:\/\/www.mamaisonmonjardin.com\/blog\/wp-json\/wp\/v2\/comments?post=2431"}],"version-history":[{"count":0,"href":"https:\/\/www.mamaisonmonjardin.com\/blog\/wp-json\/wp\/v2\/posts\/2431\/revisions"}],"wp:featuredmedia":[{"embeddable":true,"href":"https:\/\/www.mamaisonmonjardin.com\/blog\/wp-json\/wp\/v2\/media\/2441"}],"wp:attachment":[{"href":"https:\/\/www.mamaisonmonjardin.com\/blog\/wp-json\/wp\/v2\/media?parent=2431"}],"wp:term":[{"taxonomy":"category","embeddable":true,"href":"https:\/\/www.mamaisonmonjardin.com\/blog\/wp-json\/wp\/v2\/categories?post=2431"},{"taxonomy":"post_tag","embeddable":true,"href":"https:\/\/www.mamaisonmonjardin.com\/blog\/wp-json\/wp\/v2\/tags?post=2431"}],"curies":[{"name":"wp","href":"https:\/\/api.w.org\/{rel}","templated":true}]}}