{"id":2662,"date":"2016-02-21T06:11:09","date_gmt":"2016-02-21T05:11:09","guid":{"rendered":"http:\/\/www.mamaisonmonjardin.com\/blog\/?p=2662"},"modified":"2023-07-13T17:32:25","modified_gmt":"2023-07-13T15:32:25","slug":"la-villa-cavrois-une-architecture-avant-gardiste","status":"publish","type":"post","link":"https:\/\/www.mamaisonmonjardin.com\/blog\/la-villa-cavrois-une-architecture-avant-gardiste\/","title":{"rendered":"La Villa Cavrois, une architecture avant-gardiste"},"content":{"rendered":"<p style=\"text-align: justify;\">A Croix, petite commune de 21 000 habitants \u00e0 quelques encablures de Lille, se trouve une villa pas comme les autres\u2026<br \/>\nNich\u00e9e dans un quartier r\u00e9sidentiel et bourgeois, cette <strong>b\u00e2tisse atypique<\/strong> a v\u00e9cu bien des choses depuis sa construction en 1932.&nbsp;<\/p>\n<p style=\"text-align: justify;\">Il s\u2019agit de la <strong>Villa Cavrois<\/strong>, v\u00e9ritable merveille&nbsp;architecturale, et source d&rsquo;inspirations pour&nbsp;bon nombre de personnes.&nbsp;<\/p>\n<p style=\"text-align: justify;\">Visite guid\u00e9e au c\u0153ur d\u2019une <strong>\u0153uvre d\u2019art totale, <\/strong>un mus\u00e9e \u00e0 visiter&nbsp;!&nbsp;<br \/>\n<!--more--><\/p>\n<h2 style=\"text-align: justify;\"><span style=\"color: #ea6e76;\">La commande sp\u00e9ciale d\u2019un industriel fran\u00e7ais&#8230;<\/span><\/h2>\n<p style=\"text-align: justify;\">Propri\u00e9taire de deux filatures textiles et d\u2019une teinturerie, Paul Cavrois, \u00e9poux de Lucie Vanoutryve, souhaitait faire construire une demeure familiale pour ses 7 enfants.&nbsp;<br \/>\nApr\u00e8s un 1er \u00e9chec avec Jacques Gr\u00e9ber, il confiera son projet&nbsp;avec une enti\u00e8re libert\u00e9 \u00e0 l&rsquo;architecte-designer,&nbsp;<strong>Robert Mallet-Stevens<\/strong>. &nbsp;<\/p>\n<ul>\n<li style=\"text-align: justify;\">\n<h3>La villa de la d\u00e9mesure :<\/h3>\n<\/li>\n<\/ul>\n<p style=\"text-align: justify;\">1 800 M2 habitables sur 3 niveaux, 800 M2 de terrasse\u2026 de quoi loger ais\u00e9ment toute la famille ainsi que son personnel.&nbsp;<\/p>\n<p style=\"text-align: justify;\">Les <strong>espaces sont ainsi regroup\u00e9s selon leurs usage<\/strong>s : les pi\u00e8ces de r\u00e9ception, l\u2019aile des parents, les espaces des enfants, les coins d\u00e9tente et de sport, les terrasses.&nbsp;<\/p>\n<p style=\"text-align: justify;\">Tout a \u00e9t\u00e9 pens\u00e9 autour de 6 principes : <strong>air, lumi\u00e8re, travail, sport, hygi\u00e8ne, confort<\/strong>. <br \/>\nOn comprend mieux alors la pr\u00e9sence&nbsp;d\u2019un fumoir, d\u2019une salle \u00e0 manger diff\u00e9rente entre&nbsp;les parents et les enfants, d&rsquo;une salle de jeux, d\u2019une salle de bain individuelle dans chaque chambre&#8230;&nbsp; &nbsp; &nbsp; &nbsp; &nbsp; &nbsp; &nbsp; &nbsp; &nbsp; &nbsp; &nbsp; &nbsp; &nbsp; &nbsp; &nbsp; &nbsp; &nbsp;<\/p>\n<p style=\"text-align: justify;\">De grandes baies vitr\u00e9es offrent un <strong>panorama \u00e9tourdissant sur le jardin<\/strong> et son miroir d&rsquo;eau.&nbsp;<\/p>\n<h4 style=\"text-align: justify;\">Focus sur la salle de bain des parents !<\/h4>\n<blockquote>\n<p style=\"text-align: justify;\">Imaginez-vous une <strong>salle de bain de 60m2<\/strong> tout de marbre blanc v\u00eatue . On pourrait cr\u00e9er 2 studios parisiens dans cet espace !<\/p>\n<p style=\"text-align: justify;\">Equip\u00e9e d\u2019une <strong>douche avec jets multiples, d\u2019une baignoire olympique, d\u2019une coiffeuse et d\u2019un dressing<\/strong>, autant dire que la salle de bain r\u00e9serv\u00e9e au couple Cavrois ne manque pas de saveur.&nbsp;<br \/>\nNotre coup de c\u0153ur : un p\u00e8se personne int\u00e9gr\u00e9 au mur de la salle bain\u2026<span style=\"text-align: left; color: #333333; font-size: 17px;\">&nbsp; &nbsp; &nbsp; &nbsp; &nbsp; &nbsp; &nbsp; &nbsp; &nbsp; &nbsp; &nbsp; &nbsp; &nbsp; &nbsp; &nbsp; &nbsp;<\/span><span style=\"text-align: left; color: #333333; font-size: 17px;\">&nbsp;&nbsp;<\/span><\/p>\n<\/blockquote>\n<h2 style=\"text-align: left;\"><span style=\"color: #ea6e76;\">Robert Mallet-Stevens, l\u2019architecte aux commandes de ce projet fou&nbsp;<\/span><\/h2>\n<p style=\"text-align: justify;\">Robert Mallet-Stevens fait partie du <strong>mouvement moderne<\/strong>, un courant d\u2019architecture caract\u00e9ris\u00e9 par des <strong>lignes g\u00e9om\u00e9triques pures, une d\u00e9coration minimaliste et une&nbsp;fonctionnalit\u00e9 des espaces<\/strong>.&nbsp;<\/p>\n<p style=\"text-align: justify;\">Paul Cavrois a fait appel au service de cet architecte pour son <strong>esprit novateur<\/strong> avec la&nbsp;volont\u00e9 forte de se d\u00e9marquer des maisons traditionnelles. <br \/>\nOn peut dire que le pari f\u00fbt r\u00e9ussi !<\/p>\n<p style=\"text-align: justify;\">Mais Robert Mallet-Stevens ne s\u2019est pas simplement content\u00e9 de dessiner les plans du b\u00e2timent.&nbsp;Il s\u2019est \u00e9galement occup\u00e9 de l\u2019agencement, du d\u00e9cor (jusqu\u2019aux poign\u00e9es de porte !), du mobilier, et du parc <strong>rendant son \u0153uvre totale.<\/strong><\/p>\n<ul>\n<li style=\"text-align: justify;\">\n<h3>Un style pr\u00e9curseur emprunt de modernit\u00e9 :&nbsp;<\/h3>\n<\/li>\n<\/ul>\n<p style=\"text-align: justify;\">Projetez-vous dans les ann\u00e9es 30 et imaginez un architecte qui vous propose d\u2019installer un <strong>t\u00e9l\u00e9phone dans chaque pi\u00e8ce, un ascenseur, un chauffage central<\/strong>, des mat\u00e9riaux luxueux&nbsp;comme le <strong>marbre<\/strong>. <br \/>\nAvant-gardiste comme projet, non ?<\/p>\n<ul>\n<li style=\"text-align: justify;\">\n<h3>La brique, la marque de fabrique !<\/h3>\n<\/li>\n<\/ul>\n<p style=\"text-align: justify;\">Vous n\u2019\u00eates pas sans savoir que les maisons du Nord de la France sont majoritairement construites \u00e0 partir de briques rouges donnant ce style si particulier et repr\u00e9sentatif.&nbsp;<\/p>\n<p style=\"text-align: justify;\">Robert Mallet-Stevens n\u2019a pas voulu d\u00e9roger \u00e0 la r\u00e8gle pour les mat\u00e9riaux de construction mais a tout de m\u00eame apport\u00e9 sa touche personnelle. <br \/>\nIl s\u2019agira d\u2019une <strong>villa \u00e0 briques jaunes<\/strong>, fabrications sp\u00e9ciales, compl\u00e9t\u00e9es par des joints horizontaux peints en noir.&nbsp;<\/p>\n<h2 style=\"text-align: justify;\"><span style=\"color: #ea6e76;\">Le jardin, grandeur et d\u00e9cadence !&nbsp;<\/span><\/h2>\n<p style=\"text-align: justify;\">Inspir\u00e9 des <strong>jardins r\u00e9guliers du XVIIe si\u00e8cle<\/strong>, le parc de la Villa Cavrois est tout simplement sublime. Des plans g\u00e9om\u00e9triques, une perspective, une <strong>place pr\u00e9dominante donn\u00e9e aux jeux d&rsquo;eau<\/strong> avec notamment un miroir d&rsquo;eau de 72m et un bassin de natation, le d\u00e9cor ext\u00e9rieur&nbsp;est \u00e0 la hauteur des prestations int\u00e9rieures.&nbsp;<\/p>\n<p style=\"text-align: justify;\">Pour peu qu\u2019un rayon de soleil vienne caresser l\u2019herbe fra\u00eeche, nous sommes transport\u00e9s.&nbsp;&nbsp; &nbsp; &nbsp; &nbsp; &nbsp; &nbsp; &nbsp; &nbsp; &nbsp; &nbsp;&nbsp;<\/p>\n<p style=\"text-align: justify;\">Une roseraie, un potager, un belv\u00e9d\u00e8re et des toits-terrasses viennent compl\u00e9ter ces espaces ext\u00e9rieurs.&nbsp;<\/p>\n<h2 style=\"text-align: left;\"><span style=\"color: #ea6e76;\">La Villa Cavrois, une b\u00e2tisse aux&nbsp; nombreuses vies :&nbsp;<\/span><\/h2>\n<p style=\"text-align: justify;\">3 ans auront \u00e9t\u00e9 n\u00e9cessaires, de <strong>1929 \u00e0 1932<\/strong>, pour concevoir et b\u00e2tir ce b\u00e2timent.&nbsp;Le mariage de Genevi\u00e8ve, la fille a\u00een\u00e9e du couple Cavrois, le 5 juillet 1932 marquera l\u2019inauguration de la villa.&nbsp;<\/p>\n<p style=\"text-align: justify;\">D\u2019autres dates viendront marquer l\u2019histoire de cette b\u00e2tisse\u2026<\/p>\n<ul>\n<li style=\"text-align: justify;\">\n<h3>1940-1944, la face sombre :<\/h3>\n<\/li>\n<\/ul>\n<p style=\"text-align: justify;\">Pendant la Seconde Guerre Mondiale, le b\u00e2timent fut r\u00e9quisitionn\u00e9 par les troupes allemandes et transform\u00e9 en caserne. La fin des combats causa de nombreux dommages.&nbsp;<\/p>\n<p style=\"text-align: justify;\">La <strong>famille Cavrois repris possession de sa villa en 1947<\/strong> apr\u00e8s de nouveaux am\u00e9nagements et y habita jusqu\u2019en 1985. <br \/>\nC\u2019est le d\u00e9c\u00e8s de Lucie Cavrois cette m\u00eame ann\u00e9e qui scellera la vente de la propri\u00e9t\u00e9 \u00e0 un promoteur immobilier souhaitant la transformer en lotissement. Mais tout ne se passa pas comme pr\u00e9vu puisqu&rsquo;une association emp\u00eacha la d\u00e9molition de la maison\u2026 &nbsp;<\/p>\n<ul>\n<li style=\"text-align: justify;\">\n<h3>2015, la Villa Cavrois rena\u00eet de ses cendres :<\/h3>\n<\/li>\n<\/ul>\n<p style=\"text-align: justify;\">Pendant plus de 13 ans la propri\u00e9t\u00e9 f\u00fbt livr\u00e9e \u00e0 elle m\u00eame et laiss\u00e9e en proie aux pillages et au vandalisme.&nbsp;<br \/>\nC\u2019est donc une maison bien d\u00e9labr\u00e9e que l\u2019<strong>Etat a achet\u00e9 en 2001<\/strong> malgr\u00e9 son <strong>classement au titre des monuments historiques en 1990<\/strong>.&nbsp;<\/p>\n<p style=\"text-align: justify;\">S\u2019en suivit un long et fastidieux travail de ravalement et de restauration orchestr\u00e9 par le <span style=\"text-decoration: underline;\"><strong><a href=\"http:\/\/www.monuments-nationaux.fr\" target=\"_blank\" rel=\"noopener\">Centre des Monuments Nationaux<\/a><\/strong><\/span>.&nbsp;<\/p>\n<p>Pour preuve de l\u2019\u00e9tat de d\u00e9labrement dans lequel la villa a \u00e9t\u00e9 retrouv\u00e9e, une pi\u00e8ce au 2<sup>e<\/sup> \u00e9tage a \u00e9t\u00e9 laiss\u00e9e tel quel.&nbsp;<\/p>\n<h2><span style=\"color: #ea6e76;\">Dans un d\u00e9cor digne de&nbsp;James Bond !<\/span><\/h2>\n<p style=\"text-align: justify;\">En visitant la Villa vous ressentirez peut-\u00eatre cette <strong>ambiance propre aux films de 007<\/strong>.&nbsp;<\/p>\n<p style=\"text-align: justify;\">Les points communs ? Une \u00e9l\u00e9gance certaine, un mobilier design et \u00e9pur\u00e9, d&rsquo;\u00e9paisses&nbsp;moquettes, des gadgets improbables,&nbsp;de grands espaces.<br \/>\nNostalgie quand tu nous tiens&#8230;<\/p>\n<p>&nbsp;<\/p>\n<p>Alors si vous passez dans la r\u00e9gion lilloise prochainement, n\u2019h\u00e9sitez pas \u00e0 faire un d\u00e9tour par cette&nbsp;<strong>villa singuli\u00e8re<\/strong>.&nbsp;<\/p>\n<p>Et pour en savoir plus sur son histoire, ses horaires, son&nbsp;plan d&rsquo;acc\u00e8s et autres informations pratiques, rendez-vous sur :&nbsp;<br \/>\n<span style=\"text-decoration: underline;\"><strong><a href=\"http:\/\/www.villa-cavrois.fr\" target=\"_blank\" rel=\"noopener\">www.villa-cavrois.fr<\/a><\/strong><\/span><\/p>\n","protected":false},"excerpt":{"rendered":"<p>A Croix, petite commune de 21 000 habitants \u00e0 quelques encablures de Lille, se trouve une villa pas comme les autres\u2026 Nich\u00e9e dans un quartier r\u00e9sidentiel et bourgeois, cette b\u00e2tisse atypique a v\u00e9cu bien des [&hellip;]<\/p>\n","protected":false},"author":2,"featured_media":0,"comment_status":"open","ping_status":"closed","sticky":false,"template":"","format":"standard","meta":{"ngg_post_thumbnail":0},"categories":[4],"tags":[],"_links":{"self":[{"href":"https:\/\/www.mamaisonmonjardin.com\/blog\/wp-json\/wp\/v2\/posts\/2662"}],"collection":[{"href":"https:\/\/www.mamaisonmonjardin.com\/blog\/wp-json\/wp\/v2\/posts"}],"about":[{"href":"https:\/\/www.mamaisonmonjardin.com\/blog\/wp-json\/wp\/v2\/types\/post"}],"author":[{"embeddable":true,"href":"https:\/\/www.mamaisonmonjardin.com\/blog\/wp-json\/wp\/v2\/users\/2"}],"replies":[{"embeddable":true,"href":"https:\/\/www.mamaisonmonjardin.com\/blog\/wp-json\/wp\/v2\/comments?post=2662"}],"version-history":[{"count":0,"href":"https:\/\/www.mamaisonmonjardin.com\/blog\/wp-json\/wp\/v2\/posts\/2662\/revisions"}],"wp:attachment":[{"href":"https:\/\/www.mamaisonmonjardin.com\/blog\/wp-json\/wp\/v2\/media?parent=2662"}],"wp:term":[{"taxonomy":"category","embeddable":true,"href":"https:\/\/www.mamaisonmonjardin.com\/blog\/wp-json\/wp\/v2\/categories?post=2662"},{"taxonomy":"post_tag","embeddable":true,"href":"https:\/\/www.mamaisonmonjardin.com\/blog\/wp-json\/wp\/v2\/tags?post=2662"}],"curies":[{"name":"wp","href":"https:\/\/api.w.org\/{rel}","templated":true}]}}