{"id":3785,"date":"2016-09-04T06:14:26","date_gmt":"2016-09-04T04:14:26","guid":{"rendered":"http:\/\/www.mamaisonmonjardin.com\/blog\/?p=3785"},"modified":"2023-07-13T17:30:50","modified_gmt":"2023-07-13T15:30:50","slug":"maison-des-beckham-en-provence-un-petit-tour-et-puis-sen-vont","status":"publish","type":"post","link":"https:\/\/www.mamaisonmonjardin.com\/blog\/maison-des-beckham-en-provence-un-petit-tour-et-puis-sen-vont\/","title":{"rendered":"Maison des Beckham en Provence, un petit tour et puis s\u2019en vont !"},"content":{"rendered":"<p style=\"text-align: justify;\">Imaginez la r\u00e9action des habitants du petit village proven\u00e7al de <a href=\"https:\/\/www.google.fr\/maps\/place\/83830+Bargemon\/@43.6344007,6.26371,10z\/data=!4m5!3m4!1s0x12cc02935f8c15bf:0xbef76ca86bad5547!8m2!3d43.619399!4d6.551421\"><strong>Bargemon<\/strong><\/a> quand ils ont appris, en 2003, que le c\u00e9l\u00e8bre couple form\u00e9 par <strong>David et Victoria Beckham<\/strong> (ex chanteuse des Spice Girls s\u2019il faut le rappeler !) allait acheter le Domaine Saint-Vincent et ses 80 hectares.&nbsp;<br \/>\n<!--more--><\/p>\n<p style=\"text-align: justify;\">Si certains ont d\u00fb se r\u00e9jouir \u00e0 l\u2019id\u00e9e de pouvoir profiter de la plastique all\u00e9chante des 2 stars \u00e0 la boulangerie le matin, d\u2019autres ont d\u00fb craindre la fr\u00e9n\u00e9sie qu\u2019engendre chacun de leur d\u00e9placement : des badauds en qu\u00eate d\u2019autographes, des paparazzis aux clich\u00e9s affut\u00e9s et des gardes du corps sur le qui-vive.&nbsp;<\/p>\n<p style=\"text-align: justify;\">Et au final ? Rien de tout \u00e7a. Apr\u00e8s quelques rares apparitions en Provence, les Beckham ont d\u00e9cid\u00e9 de se s\u00e9parer de leur <strong>demeure situ\u00e9e entre Draguignan et Cannes<\/strong>.&nbsp;<\/p>\n<p style=\"text-align: justify;\">Si David avait l\u2019habitude de r\u00e9aliser de tr\u00e8s belles op\u00e9rations financi\u00e8res quand il \u00e9tait footballeur, cette fois-ci on peut dire que la vente de leur propri\u00e9t\u00e9 ne fut pas gagnante.&nbsp;<\/p>\n<p style=\"text-align: justify;\">Achet\u00e9e la bagatelle de <strong>1,7 millions d\u2019Euros en 2003<\/strong>, le couple avait tout de m\u00eame investi la somme pharaonique de 4 millions en travaux et r\u00e9novation ! Faut dire que la maison comporte 6 chambres, 4 salles de bain, de nombreuses d\u00e9pendances, 3 salles de r\u00e9ception pour recevoir en toute simplicit\u00e9 ses amis, le tout sur une <strong>surface de 600m<sup>2<\/sup><\/strong>\u2026<\/p>\n<p style=\"text-align: justify;\">Apr\u00e8s plus d\u2019un an d\u2019attente, la famille Beckham a enfin trouv\u00e9 acqu\u00e9reur\u2026 pour seulement <strong>2,7 millions d\u2019Euros<\/strong>, soit une perte s\u00e8che de plus de 4 millions d\u2019Euros.&nbsp;<\/p>\n<p style=\"text-align: justify;\">On ne lancerait pas une campagne de crowdfunding pour aider David et Victoria \u00e0 terminer le mois ?!&nbsp; \ud83d\ude44&nbsp;<\/p>\n<p style=\"text-align: justify;\">Bof si on en juge les derni\u00e8res news, le couple aurait craqu\u00e9 en 2015 pour une <strong>petite bicoque dans les Cotswolds en Angleterre pour 37 millions d\u2019Euros<\/strong> !!! On est large \u263a<\/p>\n","protected":false},"excerpt":{"rendered":"<p>Imaginez la r\u00e9action des habitants du petit village proven\u00e7al de Bargemon quand ils ont appris, en 2003, que le c\u00e9l\u00e8bre couple form\u00e9 par David et Victoria Beckham (ex chanteuse des Spice Girls s\u2019il faut le [&hellip;]<\/p>\n","protected":false},"author":2,"featured_media":0,"comment_status":"open","ping_status":"closed","sticky":false,"template":"","format":"standard","meta":{"ngg_post_thumbnail":0},"categories":[4],"tags":[],"_links":{"self":[{"href":"https:\/\/www.mamaisonmonjardin.com\/blog\/wp-json\/wp\/v2\/posts\/3785"}],"collection":[{"href":"https:\/\/www.mamaisonmonjardin.com\/blog\/wp-json\/wp\/v2\/posts"}],"about":[{"href":"https:\/\/www.mamaisonmonjardin.com\/blog\/wp-json\/wp\/v2\/types\/post"}],"author":[{"embeddable":true,"href":"https:\/\/www.mamaisonmonjardin.com\/blog\/wp-json\/wp\/v2\/users\/2"}],"replies":[{"embeddable":true,"href":"https:\/\/www.mamaisonmonjardin.com\/blog\/wp-json\/wp\/v2\/comments?post=3785"}],"version-history":[{"count":0,"href":"https:\/\/www.mamaisonmonjardin.com\/blog\/wp-json\/wp\/v2\/posts\/3785\/revisions"}],"wp:attachment":[{"href":"https:\/\/www.mamaisonmonjardin.com\/blog\/wp-json\/wp\/v2\/media?parent=3785"}],"wp:term":[{"taxonomy":"category","embeddable":true,"href":"https:\/\/www.mamaisonmonjardin.com\/blog\/wp-json\/wp\/v2\/categories?post=3785"},{"taxonomy":"post_tag","embeddable":true,"href":"https:\/\/www.mamaisonmonjardin.com\/blog\/wp-json\/wp\/v2\/tags?post=3785"}],"curies":[{"name":"wp","href":"https:\/\/api.w.org\/{rel}","templated":true}]}}