{"id":3836,"date":"2017-01-21T09:00:11","date_gmt":"2017-01-21T08:00:11","guid":{"rendered":"http:\/\/www.mamaisonmonjardin.com\/blog\/?p=3836"},"modified":"2016-09-27T18:48:17","modified_gmt":"2016-09-27T16:48:17","slug":"labri-de-jardin-une-solution-pour-stocker-son-mobilier-dexterieur-lhiver","status":"publish","type":"post","link":"https:\/\/www.mamaisonmonjardin.com\/blog\/labri-de-jardin-une-solution-pour-stocker-son-mobilier-dexterieur-lhiver\/","title":{"rendered":"L&rsquo;abri de jardin : une solution pour stocker son mobilier d&rsquo;ext\u00e9rieur en hiver"},"content":{"rendered":"<p style=\"text-align: justify;\">L&rsquo;hiver. Son ciel grisailleux, son soleil fain\u00e9ant, sa couverture de gel et ses matins obscurs. Son froid, surtout, qui p\u00e9trifie les jardins dans des postures grotesques, fait fumer les haleines endormies\u2026 et se carapater fauteuils, chaises et transats \u00e0 l&rsquo;int\u00e9rieur, o\u00f9 trouver un chou\u00efa de chaleur.\u00a0<!--more--><\/p>\n<p style=\"text-align: justify;\">Et oui, en janvier, on a souvent cette p\u00e9nible impression d&rsquo;avoir d\u00e9finitivement oubli\u00e9 ce qu&rsquo;est\u00a0une bronzette impromptue au bord de la piscine ou dans un bain de soleil. Enfin, oubli\u00e9\u2026 Pas compl\u00e8tement.<\/p>\n<p style=\"text-align: justify;\">Il faut dire que vos garages et cagibis sont remplis de ce mobilier de jardin encombrant qui supporte mal l&rsquo;hiver. <strong>Si certaines chaises et tables de jardin peuvent \u00eatre laiss\u00e9es en place, sur la terrasse, en toute saison<\/strong>, il est souvent <strong>n\u00e9cessaire de plier ce petit monde pour le stocker dans un endroit abrit\u00e9<\/strong> des intemp\u00e9ries.\u00a0<\/p>\n<h3 style=\"text-align: justify;\">L&rsquo;abri de jardin, une solution de rangement id\u00e9al pour le mobilier d&rsquo;ext\u00e9rieur<\/h3>\n<p style=\"text-align: justify;\">Quel endroit abrit\u00e9 ? C&rsquo;est tout le probl\u00e8me. Certains remiseront leur mobilier dans <strong>le garage<\/strong>, quitte \u00e0 s&rsquo;y sentir un peu \u00e0 l&rsquo;\u00e9troit durant quelques mois. D&rsquo;autres privil\u00e9gieront <strong>la cave<\/strong> &#8211; <strong>le grenier<\/strong> ? -, malgr\u00e9 les soucis d&rsquo;humidit\u00e9 et le d\u00e9m\u00e9nagement engendr\u00e9.\u00a0<\/p>\n<p style=\"text-align: justify;\">Mais il existe une alternative id\u00e9ale, pour laquelle, vous l&rsquo;aurez compris, milite <span style=\"color: #ff6600;\"><a style=\"color: #ff6600;\" href=\"http:\/\/www.mamaisonmonjardin.com\/\" target=\"_blank\">Ma Maison Mon Jardin<\/a><\/span> : l&rsquo;abri. L&rsquo;abri de jardin. Croyez-nous,<strong> avec un petit abri de jardin install\u00e9 \u00e0 l&rsquo;ext\u00e9rieur, vous aurez enfin un espace parfaitement con\u00e7u pour\u00a0ranger votre mobilier de jardin<\/strong>.<\/p>\n<p style=\"text-align: justify;\">Petit Top 3 des cabanons de jardin pour le stockage du mobilier.\u00a0<\/p>\n<h2 style=\"text-align: justify;\"><a href=\"http:\/\/www.mamaisonmonjardin.com\/437-abri-de-jardin-bois-19-mm-210-x-202-m.html\" target=\"_blank\"><br \/>??? ABRI DE JARDIN BOIS 19MM : 2.10 X 2.02M<\/a><\/h2>\n<p style=\"text-align: justify;\"><a href=\"http:\/\/www.mamaisonmonjardin.com\/437-abri-de-jardin-bois-19-mm-210-x-202-m.html\"><img decoding=\"async\" loading=\"lazy\" class=\"alignleft wp-image-3837\" title=\"Stockez votre mobilier de jardin dans ce bel abri de jardin en bois peint !\" src=\"https:\/\/www.mamaisonmonjardin.com\/blog\/wp-content\/uploads\/2016\/09\/abri-MMMJ-1.jpg\" alt=\"abri de jardin en bois peint pour stocker mobilier ext\u00e9rieur\" width=\"318\" height=\"220\" srcset=\"https:\/\/www.mamaisonmonjardin.com\/blog\/wp\/wp-content\/uploads\/2016\/09\/abri-MMMJ-1.jpg 1157w, https:\/\/www.mamaisonmonjardin.com\/blog\/wp\/wp-content\/uploads\/2016\/09\/abri-MMMJ-1-300x207.jpg 300w, https:\/\/www.mamaisonmonjardin.com\/blog\/wp\/wp-content\/uploads\/2016\/09\/abri-MMMJ-1-768x531.jpg 768w, https:\/\/www.mamaisonmonjardin.com\/blog\/wp\/wp-content\/uploads\/2016\/09\/abri-MMMJ-1-1024x708.jpg 1024w\" sizes=\"(max-width: 318px) 100vw, 318px\" \/><\/a>Vous \u00eates sensible \u00e0 l&rsquo;esth\u00e9tique de votre ext\u00e9rieur et craignez qu&rsquo;un abri install\u00e9 dans votre jardin brise son harmonie, son agencement travaill\u00e9 ? <strong>Rassurez-vous. Il existe autant d&rsquo;abris de jardin que de jardins diff\u00e9rents.<\/strong> Les formes, les dimensions, les toits, les ouvertures, sans parler des mat\u00e9riaux employ\u00e9s et des finitions\u2026 Les propositions d&rsquo;abris sont pl\u00e9thoriques et il en existe forc\u00e9ment qui seront plus adapt\u00e9s \u00e0 l&rsquo;am\u00e9nagement de votre jardin.<\/p>\n<p style=\"text-align: justify;\"><span style=\"color: #ff6600;\"><a style=\"color: #ff6600;\" href=\"http:\/\/www.mamaisonmonjardin.com\/\" target=\"_blank\">Ma Maison Mon Jardin<\/a><\/span> vous propose <span style=\"color: #ff6600;\"><a style=\"color: #ff6600;\" href=\"http:\/\/www.mamaisonmonjardin.com\/114-abri-jardin\" target=\"_blank\">une petite s\u00e9lection rassemblant des produits esth\u00e9tiques<\/a><\/span>. Parmi eux, <span style=\"color: #ff6600;\"><a style=\"color: #ff6600;\" href=\"http:\/\/www.mamaisonmonjardin.com\/437-abri-de-jardin-bois-19-mm-210-x-202-m.html\" target=\"_blank\">cet\u00a0abri de jardin en bois peint, sobre et plut\u00f4t moderne<\/a><\/span>, qui saura se fondre au milieu des arbres et s&rsquo;agr\u00e9mentera plaisamment de plantes grimpantes sur sa fa\u00e7ade. <strong>Le genre d&rsquo;abris qui, clairement, poss\u00e8de toutes les qualit\u00e9s pour pr\u00e9server, voire valoriser votre jardin.<\/strong>\u00a0<\/p>\n<h3 style=\"text-align: justify;\">Un abri en bois peint qui pr\u00e9serve l&rsquo;esth\u00e9tique du jardin<\/h3>\n<p style=\"text-align: justify;\">Par ailleurs, il s&rsquo;av\u00e8re \u00e9galement tr\u00e8s pratique. Avec sa double porte qui ouvre sur une surface de 4 m\u00b2, il accueillera sans probl\u00e8me des chaises de jardin, une petite table, des jeux pour la piscine\u2026 <strong>\u00c0 vous d&rsquo;en optimiser les 9 m\u00b3 int\u00e9rieurs pour y stocker un maximum de mobilier\u00a0!<\/strong>\u00a0<\/p>\n<p style=\"text-align: justify;\">Notez \u00e9galement qu&rsquo;il est nanti de quatre fen\u00eatres permettant une belle luminosit\u00e9 int\u00e9rieure et d&rsquo;une serrure pour assurer la s\u00e9curit\u00e9 du rangement.\u00a0<\/p>\n<p style=\"text-align: justify;\"><span style=\"text-decoration: underline;\"><strong>Attention, n\u00e9anmoins :<\/strong><\/span> cet abri con\u00e7u en panneaux de bois naturel de 19 mm d&rsquo;\u00e9paisseur r\u00e9clame un certain entretien. Il sera probablement n\u00e9cessaire de le traiter tous les trois ou quatre ans afin de le prot\u00e9ger contre les agressions biologiques (insectes, humidit\u00e9\u2026).<\/p>\n<h2 style=\"text-align: justify;\"><a href=\"http:\/\/www.mamaisonmonjardin.com\/426-abri-resine-deco-49-242-x-202-m.html\" target=\"_blank\">?? ABRI JARDIN\u00a0PVC D\u00c9CO 4,9 : 2,42 X 2,02M<\/a><\/h2>\n<p style=\"text-align: justify;\">Pour vous \u00e9viter des soucis d&rsquo;entretien, <span style=\"color: #ff6600;\"><a style=\"color: #ff6600;\" href=\"http:\/\/www.mamaisonmonjardin.com\/\" target=\"_blank\">Ma Maison Mon Jardin<\/a><\/span> vous conseille<span style=\"color: #ff6600;\"> <a style=\"color: #ff6600;\" href=\"http:\/\/www.mamaisonmonjardin.com\/426-abri-resine-deco-49-242-x-202-m.html\" target=\"_blank\">cet abri en PVC<\/a><\/span>. Certes, un abri en PVC est forc\u00e9ment moins naturel et esth\u00e9tique qu&rsquo;un bel abri en bois. Mais <strong>il faut reconna\u00eetre que les finitions PVC s&rsquo;am\u00e9liorent de plus en plus avec des looks de petites maisonnettes<\/strong> qui se marient tr\u00e8s bien dans des ext\u00e9rieurs paysag\u00e9s.\u00a0<\/p>\n<p style=\"text-align: justify;\">Un toit double pente, une double porte avec fen\u00eatres \u00e0\u00a0croisillons\u2026 Ce petit cabanon de jardin a <strong>toutes les qualit\u00e9s, en plus de pouvoir se pr\u00e9valoir d&rsquo;un charme certain<\/strong> !<a href=\"http:\/\/www.mamaisonmonjardin.com\/426-abri-resine-deco-49-242-x-202-m.html\"><img decoding=\"async\" loading=\"lazy\" class=\"aligncenter wp-image-3838\" title=\"Les abris de jardin en PVC sont aussi d'excellents choix pour le rangement du mobilier de jardin\" src=\"https:\/\/www.mamaisonmonjardin.com\/blog\/wp-content\/uploads\/2016\/09\/abri-MMMJ-2.jpg\" alt=\"un abri jardin PVC pour ranger son mobilier de jardin \" width=\"469\" height=\"324\" srcset=\"https:\/\/www.mamaisonmonjardin.com\/blog\/wp\/wp-content\/uploads\/2016\/09\/abri-MMMJ-2.jpg 1157w, https:\/\/www.mamaisonmonjardin.com\/blog\/wp\/wp-content\/uploads\/2016\/09\/abri-MMMJ-2-300x207.jpg 300w, https:\/\/www.mamaisonmonjardin.com\/blog\/wp\/wp-content\/uploads\/2016\/09\/abri-MMMJ-2-768x531.jpg 768w, https:\/\/www.mamaisonmonjardin.com\/blog\/wp\/wp-content\/uploads\/2016\/09\/abri-MMMJ-2-1024x708.jpg 1024w\" sizes=\"(max-width: 469px) 100vw, 469px\" \/><\/a><\/p>\n<p style=\"text-align: justify;\">4,88 m\u00b2, 11,5\u00a0m\u00b3\u2026De quoi stocker pas mal de mobilier l&rsquo;hiver, ou d&rsquo;am\u00e9nager un petit atelier de travail o\u00f9 bricoler et ranger des outils et produits d&rsquo;entretien.<\/p>\n<h3 style=\"text-align: justify;\">L&rsquo;abri de jardin en PVC, c&rsquo;est z\u00e9ro entretien !<\/h3>\n<p style=\"text-align: justify;\"><strong>L&rsquo;avantage du PVC, c&rsquo;est \u00e9videmment son autonomie parfaite.<\/strong> Un petit coup de jet d&rsquo;eau de temps en temps pour nettoyer les salissures\u2026 et le tour est jou\u00e9 ! Sans parler des facilit\u00e9s de montage et du traitement anti-ultraviolets du PVC qui \u00e9vitera les d\u00e9formations et d\u00e9colorations habituelles pour du mat\u00e9riel de mauvaise qualit\u00e9.<\/p>\n<h2 style=\"text-align: justify;\"><a href=\"http:\/\/www.mamaisonmonjardin.com\/165-garage-metal-bi-color-.html\" target=\"_blank\">?\u00a0GARAGE M\u00c9TAL BI-COLORE 3,07 X 5,88M<\/a><\/h2>\n<p style=\"text-align: justify;\">Vous cherchez un abri pratique avant toute chose ? Vous privil\u00e9giez l&rsquo;utilitaire \u00e0\u00a0l&rsquo;esth\u00e9tique ? N&rsquo;h\u00e9sitez plus : <span style=\"color: #ff6600;\"><a style=\"color: #ff6600;\" href=\"http:\/\/www.mamaisonmonjardin.com\/165-garage-metal-bi-color-.html\" target=\"_blank\">ce garage m\u00e9tal est fait pour vous<\/a><\/span>. \u00c9videmment, qui dit m\u00e9tal dit souvent apparence tr\u00e8s\u2026 m\u00e9tallique. Mais <strong>ce mod\u00e8le sort du lot avec son duo de couleur beige et vert<\/strong>.<\/p>\n<p style=\"text-align: justify;\">Mais il fait surtout la diff\u00e9rence par ses caract\u00e9ristiques techniques : pouvant \u00eatre employ\u00e9 en garage,<strong> il propose une surface de stockage importante, 18m\u00b2, pour un volume de 36\u00a0m\u00b3<\/strong>. Autant dire que votre mobilier de jardin, jusque dans ses pi\u00e8ces les plus volumineuses, y prendra place ais\u00e9ment.\u00a0<\/p>\n<h3 style=\"text-align: justify;\"><a href=\"http:\/\/www.mamaisonmonjardin.com\/165-garage-metal-bi-color-.html\"><img decoding=\"async\" loading=\"lazy\" class=\"wp-image-3839 alignright\" title=\"L'abri ou garage m\u00e9tallique : la solution la moins esth\u00e9tique\u2026 mais la plus pratique !\" src=\"https:\/\/www.mamaisonmonjardin.com\/blog\/wp-content\/uploads\/2016\/09\/abri-MMMJ-3.jpg\" alt=\"Abri de jardin m\u00e9tal ou garage m\u00e9tal : le mobilier d'ext\u00e9rieur \u00e0 l'abri, au jardin !\" width=\"279\" height=\"193\" srcset=\"https:\/\/www.mamaisonmonjardin.com\/blog\/wp\/wp-content\/uploads\/2016\/09\/abri-MMMJ-3.jpg 1157w, https:\/\/www.mamaisonmonjardin.com\/blog\/wp\/wp-content\/uploads\/2016\/09\/abri-MMMJ-3-300x207.jpg 300w, https:\/\/www.mamaisonmonjardin.com\/blog\/wp\/wp-content\/uploads\/2016\/09\/abri-MMMJ-3-768x531.jpg 768w, https:\/\/www.mamaisonmonjardin.com\/blog\/wp\/wp-content\/uploads\/2016\/09\/abri-MMMJ-3-1024x708.jpg 1024w\" sizes=\"(max-width: 279px) 100vw, 279px\" \/><\/a>Le m\u00e9tal, un choix d&rsquo;abri de jardin qui vise la long\u00e9vit\u00e9<\/h3>\n<p style=\"text-align: justify;\"><strong>L&rsquo;atout principal des mod\u00e8les en acier galvanis\u00e9, c&rsquo;est \u00e9videmment leur long\u00e9vit\u00e9<\/strong> : le m\u00e9tal employ\u00e9 ici est un m\u00e9tal de qualit\u00e9 qui permettra \u00e0 votre abri de traverser les ann\u00e9es sans soucis, ni craindre les intemp\u00e9ries. En greffant un verrou \u00e0 sa double porte, vous assurerez en outre sa s\u00e9curit\u00e9. Que demander de plus ?<\/p>\n<p style=\"text-align: justify;\">Une dalle en b\u00e9ton. C&rsquo;est tout ce qu&rsquo;on pourrait ajouter. <strong>Cette dalle vous permettra de fixer correctement l&rsquo;abri au sol<\/strong>, d&rsquo;en renforcer la stabilit\u00e9 et la r\u00e9sistance au vent, tout en assurant l&rsquo;\u00e9tanch\u00e9it\u00e9 du sol. \u00c0 vous de jouer !<\/p>\n<p style=\"text-align: justify;\">\u00a0<\/p>\n<p>&nbsp;<\/p>\n","protected":false},"excerpt":{"rendered":"<p>L&rsquo;hiver. Son ciel grisailleux, son soleil fain\u00e9ant, sa couverture de gel et ses matins obscurs. Son froid, surtout, qui p\u00e9trifie les jardins dans des postures grotesques, fait fumer les haleines endormies\u2026 et se carapater fauteuils, [&hellip;]<\/p>\n","protected":false},"author":2,"featured_media":3841,"comment_status":"open","ping_status":"closed","sticky":false,"template":"","format":"standard","meta":{"ngg_post_thumbnail":0},"categories":[9],"tags":[],"_links":{"self":[{"href":"https:\/\/www.mamaisonmonjardin.com\/blog\/wp-json\/wp\/v2\/posts\/3836"}],"collection":[{"href":"https:\/\/www.mamaisonmonjardin.com\/blog\/wp-json\/wp\/v2\/posts"}],"about":[{"href":"https:\/\/www.mamaisonmonjardin.com\/blog\/wp-json\/wp\/v2\/types\/post"}],"author":[{"embeddable":true,"href":"https:\/\/www.mamaisonmonjardin.com\/blog\/wp-json\/wp\/v2\/users\/2"}],"replies":[{"embeddable":true,"href":"https:\/\/www.mamaisonmonjardin.com\/blog\/wp-json\/wp\/v2\/comments?post=3836"}],"version-history":[{"count":0,"href":"https:\/\/www.mamaisonmonjardin.com\/blog\/wp-json\/wp\/v2\/posts\/3836\/revisions"}],"wp:featuredmedia":[{"embeddable":true,"href":"https:\/\/www.mamaisonmonjardin.com\/blog\/wp-json\/wp\/v2\/media\/3841"}],"wp:attachment":[{"href":"https:\/\/www.mamaisonmonjardin.com\/blog\/wp-json\/wp\/v2\/media?parent=3836"}],"wp:term":[{"taxonomy":"category","embeddable":true,"href":"https:\/\/www.mamaisonmonjardin.com\/blog\/wp-json\/wp\/v2\/categories?post=3836"},{"taxonomy":"post_tag","embeddable":true,"href":"https:\/\/www.mamaisonmonjardin.com\/blog\/wp-json\/wp\/v2\/tags?post=3836"}],"curies":[{"name":"wp","href":"https:\/\/api.w.org\/{rel}","templated":true}]}}