{"id":4090,"date":"2017-11-13T06:06:20","date_gmt":"2017-11-13T05:06:20","guid":{"rendered":"http:\/\/www.mamaisonmonjardin.com\/blog\/?p=4090"},"modified":"2017-10-24T18:58:52","modified_gmt":"2017-10-24T16:58:52","slug":"les-tendances-de-labri-de-jardin-pour-2018-22","status":"publish","type":"post","link":"https:\/\/www.mamaisonmonjardin.com\/blog\/les-tendances-de-labri-de-jardin-pour-2018-22\/","title":{"rendered":"Les tendances de l&rsquo;abri de jardin pour 2018 (2\/2)"},"content":{"rendered":"<p style=\"text-align: justify;\"><strong>Les tendances sont \u00e0 l&rsquo;ext\u00e9rieur, au bon air, au soin de soi et de son int\u00e9rieur, au choix assum\u00e9s et personnalis\u00e9s\u2026 L&rsquo;am\u00e9nagement des jardins ne d\u00e9roge pas \u00e0 la r\u00e8gle. Et, pour s&rsquo;inscrire dans chacune de ces tendances, un abri semble se d\u00e9marquer\u2026 Tour d&rsquo;horizon avec Ma Maison Mon Jardin.<\/strong><!--more--><\/p>\n<h2 style=\"text-align: justify;\">L&rsquo;abri personnalisable en bois : l&rsquo;ossature bois<\/h2>\n<p style=\"text-align: justify;\">Cette \u00e9poque est \u00e0 la personnalisation &#8211; et c&rsquo;est peu de le dire. Il s&rsquo;agit, en tout, de trouver l&rsquo;exclusivit\u00e9 sans qu&rsquo;elle ne touche \u00e0 une bizarre originalit\u00e9 qui \u00e9loignerait de la communaut\u00e9. \u00c9tonner sans effrayer. Diff\u00e9rencier sans \u00eatre parfaitement inconnu. En ce sens, parmi tous les abris du catalogue de Ma Maison Mon Jardin ou des r\u00e9f\u00e9rences comme FRANCEABRIS.com, une cat\u00e9gorie se d\u00e9tache : les ossatures bois.&nbsp;<\/p>\n<h3>Le principe d&rsquo;une charpente en bois<\/h3>\n<p style=\"text-align: justify;\">Ces derni\u00e8res suivent un principe assez simple : vous achetez un squelette de carport, d&rsquo;abri voiture ou d&rsquo;abri terrasse en kit, ses poteaux, sa charpente et ses fixations. Et c&rsquo;est vous, de votre c\u00f4t\u00e9, qui choisissez et faites l&rsquo;acquisition de la couverture. Vous pouvez donc opter pour des tuiles, du shingle, de la t\u00f4le, du bac acier\u2026 selon vos crit\u00e8res pr\u00e9f\u00e9rentiels : prix, esth\u00e9tique, isolation\u2026<\/p>\n<h3>\u00c0 vous de finaliser votre carport voiture<\/h3>\n<p style=\"text-align: justify;\">Vous revient \u00e9galement le choix de certains \u00e9l\u00e9ments de finition, puisque ces structures bois assez simples peuvent \u00eatre am\u00e9nag\u00e9es comme vous le souhaitez. Vous pourrez ajouter des bardages, des bacs \u00e0 fleurs, greffer un coffre d&rsquo;ext\u00e9rieur ou du mobilier pour optimiser votre utilisation de l&rsquo;abri.<\/p>\n<figure id=\"attachment_4098\" aria-describedby=\"caption-attachment-4098\" style=\"width: 472px\" class=\"wp-caption aligncenter\"><img decoding=\"async\" loading=\"lazy\" class=\"wp-image-4098 size-full\" style=\"border: 1px solid #000000;\" src=\"https:\/\/www.mamaisonmonjardin.com\/blog\/wp-content\/uploads\/2017\/10\/ossature-bois-douglas-a.jpg\" alt=\"Ossature en bois Douglas\" width=\"472\" height=\"315\" srcset=\"https:\/\/www.mamaisonmonjardin.com\/blog\/wp\/wp-content\/uploads\/2017\/10\/ossature-bois-douglas-a.jpg 472w, https:\/\/www.mamaisonmonjardin.com\/blog\/wp\/wp-content\/uploads\/2017\/10\/ossature-bois-douglas-a-300x200.jpg 300w\" sizes=\"(max-width: 472px) 100vw, 472px\" \/><figcaption id=\"caption-attachment-4098\" class=\"wp-caption-text\">Une ossature en bois Douglas disponible sur FRANCEABRIS.COM (id 2862).<\/figcaption><\/figure>\n<h3>Du personnalisable en kit<\/h3>\n<p style=\"text-align: justify;\">La vari\u00e9t\u00e9 de ces carports en kit, les dimensions exhaustives, les charpentes pr\u00e9vues pour toits plats, deux pentes ou monopent offrent un panel de mod\u00e8les tr\u00e8s important, r\u00e9pondant \u00e0 toutes les situations et toutes les exigences. Ainsi, pour le choix de votre abri, vous pouvez vous offrir une structure en kit personnalisable. Dans l&rsquo;air du temps, non ?<\/p>\n<ul style=\"text-align: justify;\">\n<li><span style=\"color: #ff6600;\"><a href=\"http:\/\/www.franceabris.com\/109-abri-bois\" target=\"_blank\" rel=\"noopener\">Toutes les gammes d&rsquo;ossatures en bois Douglas sur le site de r\u00e9f\u00e9rence FRANCEABRIS.com.<\/a><\/span><\/li>\n<\/ul>\n<h2 style=\"text-align: justify;\">L&rsquo;abri terrasse design : tout pour le farniente !<\/h2>\n<p style=\"text-align: justify;\">En 2018, on ne prend pas beaucoup de risque \u00e0 imaginer qu&rsquo;on ait toujours autant de plaisir \u00e0 prendre l&rsquo;ap\u00e9ro en ext\u00e9rieur, \u00e0 profiter du jardin, \u00e0 savourer les beaux jours. De la m\u00eame fa\u00e7on, on suppose ais\u00e9ment que le design et ses am\u00e9nagements aux lignes travaill\u00e9es fera toujours autant recette. Surtout, on peut d&rsquo;ores-et-d\u00e9j\u00e0 imaginer que la polyvalence, la r\u00e9utilisation, les secondes vies du recyclage demeureront parmi les priorit\u00e9s.<\/p>\n<h3>Du design pour valoriser la maison&nbsp;<\/h3>\n<p style=\"text-align: justify;\">\u00c0 ce titre, nul besoin d&rsquo;\u00eatre devin pour affirmer que les abris terrasse design de Ma Maison Mon Jardin continueront \u00e0 rencontrer un grand succ\u00e8s. Leur silhouette sait s\u00e9duire ann\u00e9es apr\u00e8s ann\u00e9es, \u00e9l\u00e9gante, a\u00e9rienne, valorisant qui la fa\u00e7ade de la maison, qui la terrasse en teck, qui la piscine \u00e0 c\u00f4t\u00e9\u2026<\/p>\n<figure id=\"attachment_4097\" aria-describedby=\"caption-attachment-4097\" style=\"width: 704px\" class=\"wp-caption aligncenter\"><img decoding=\"async\" loading=\"lazy\" class=\"wp-image-4097 size-full\" style=\"border: 1px solid #000000;\" src=\"https:\/\/www.mamaisonmonjardin.com\/blog\/wp-content\/uploads\/2017\/10\/abri-terrasse-tendances-2018-1.jpg\" alt=\"Abri terrasse design pour le jardin\" width=\"704\" height=\"487\" srcset=\"https:\/\/www.mamaisonmonjardin.com\/blog\/wp\/wp-content\/uploads\/2017\/10\/abri-terrasse-tendances-2018-1.jpg 704w, https:\/\/www.mamaisonmonjardin.com\/blog\/wp\/wp-content\/uploads\/2017\/10\/abri-terrasse-tendances-2018-1-300x208.jpg 300w\" sizes=\"(max-width: 704px) 100vw, 704px\" \/><figcaption id=\"caption-attachment-4097\" class=\"wp-caption-text\">Un abri terrasse design pour une extension de votre salon en ext\u00e9rieur.<\/figcaption><\/figure>\n<h3>Un toit terrasse autonome<\/h3>\n<p style=\"text-align: justify;\">Ces structures de toit terrasse sont con\u00e7ues en aluminium peint. En r\u00e9sulte une r\u00e9sistance plus que pouss\u00e9e face \u00e0 la corrosion. C&rsquo;est ainsi que ces abris brillent par leur dur\u00e9e de vie et leur autonomie. Non seulement ils sont g\u00e9n\u00e9ralement couverts par une garantie courant sur dix ann\u00e9es ou mieux, mais ils ne n\u00e9cessitent, en plus, aucun entretien particulier au quotidien. Pas de traitement, pas de bichonnage obligatoire\u2026 \u00c9ventuellement un passage au jet d&rsquo;eau pour nettoyer les salissures dues aux caprices de la m\u00e9t\u00e9o.<\/p>\n<p style=\"text-align: justify;\">Alors\u2026 par\u00e9 pour 2018 ?<\/p>\n<ul style=\"text-align: justify;\">\n<li style=\"text-align: justify;\"><a href=\"http:\/\/www.mamaisonmonjardin.com\/150-abri-terrasse-design\" target=\"_blank\" rel=\"noopener\">Des abris terrasse design en aluminium peint sur Ma Maison Mon Jardin.<\/a><\/li>\n<\/ul>\n","protected":false},"excerpt":{"rendered":"<p>Les tendances sont \u00e0 l&rsquo;ext\u00e9rieur, au bon air, au soin de soi et de son int\u00e9rieur, au choix assum\u00e9s et personnalis\u00e9s\u2026 L&rsquo;am\u00e9nagement des jardins ne d\u00e9roge pas \u00e0 la r\u00e8gle. Et, pour s&rsquo;inscrire dans chacune [&hellip;]<\/p>\n","protected":false},"author":2,"featured_media":4095,"comment_status":"open","ping_status":"closed","sticky":false,"template":"","format":"standard","meta":{"ngg_post_thumbnail":0},"categories":[4],"tags":[],"_links":{"self":[{"href":"https:\/\/www.mamaisonmonjardin.com\/blog\/wp-json\/wp\/v2\/posts\/4090"}],"collection":[{"href":"https:\/\/www.mamaisonmonjardin.com\/blog\/wp-json\/wp\/v2\/posts"}],"about":[{"href":"https:\/\/www.mamaisonmonjardin.com\/blog\/wp-json\/wp\/v2\/types\/post"}],"author":[{"embeddable":true,"href":"https:\/\/www.mamaisonmonjardin.com\/blog\/wp-json\/wp\/v2\/users\/2"}],"replies":[{"embeddable":true,"href":"https:\/\/www.mamaisonmonjardin.com\/blog\/wp-json\/wp\/v2\/comments?post=4090"}],"version-history":[{"count":0,"href":"https:\/\/www.mamaisonmonjardin.com\/blog\/wp-json\/wp\/v2\/posts\/4090\/revisions"}],"wp:featuredmedia":[{"embeddable":true,"href":"https:\/\/www.mamaisonmonjardin.com\/blog\/wp-json\/wp\/v2\/media\/4095"}],"wp:attachment":[{"href":"https:\/\/www.mamaisonmonjardin.com\/blog\/wp-json\/wp\/v2\/media?parent=4090"}],"wp:term":[{"taxonomy":"category","embeddable":true,"href":"https:\/\/www.mamaisonmonjardin.com\/blog\/wp-json\/wp\/v2\/categories?post=4090"},{"taxonomy":"post_tag","embeddable":true,"href":"https:\/\/www.mamaisonmonjardin.com\/blog\/wp-json\/wp\/v2\/tags?post=4090"}],"curies":[{"name":"wp","href":"https:\/\/api.w.org\/{rel}","templated":true}]}}