{"id":4268,"date":"2021-04-15T21:47:45","date_gmt":"2021-04-15T19:47:45","guid":{"rendered":"https:\/\/www.mamaisonmonjardin.com\/blog\/?p=4268"},"modified":"2021-04-15T21:57:00","modified_gmt":"2021-04-15T19:57:00","slug":"quand-les-professions-liberales-installent-leur-cabinet-dans-un-bureau-de-jardin","status":"publish","type":"post","link":"https:\/\/www.mamaisonmonjardin.com\/blog\/quand-les-professions-liberales-installent-leur-cabinet-dans-un-bureau-de-jardin\/","title":{"rendered":"Quand les professions lib\u00e9rales installent leur cabinet dans un bureau de jardin !"},"content":{"rendered":"<p style=\"text-align: justify;\">Avec la pand\u00e9mie, les habitudes de travail sont chamboul\u00e9es&#8230; jusqu&rsquo;aux professions lib\u00e9rales qui, pour certaines, choisissent de d\u00e9localiser leur activit\u00e9 pour se simplifier la vie. Cela passe par l&rsquo;installation d&rsquo;un abri en kit bien sp\u00e9cifique : le bureau de jardin. Explications.<!--more--><\/p>\n<p style=\"text-align: justify;\">Le bureau de jardin. Derri\u00e8re ce nom tr\u00e8s vague se cache une petite r\u00e9volution pour de nombreux professionnels. Dont les professions lib\u00e9rales sp\u00e9cialis\u00e9es dans le param\u00e9dical et les m\u00e9decines alternatives ! Touch\u00e9es ou non dans leur activit\u00e9 par ce contexte de pand\u00e9mie mondiale, elles sont, quoi qu&rsquo;il en soit, confront\u00e9es \u00e0 un quotidien complexifi\u00e9, comme n&rsquo;importe qui. Les enfants \u00e0 la maison en p\u00e9riode de confinement, le compagnon en t\u00e9l\u00e9travail, mais qui r\u00e9clame du calme&#8230; ou, au contraire, en d\u00e9placement ext\u00e9rieur, ce qui laisse les charges quotidiennes peser sur le parent qui reste ! <strong>Avec un bureau de jardin install\u00e9 en ext\u00e9rieur, tout devient plus simple&#8230;<\/strong><\/p>\n<ul>\n<li style=\"text-align: justify;\"><em>D\u00e9couvrez tous les kits de<\/em> <a href=\"https:\/\/www.mamaisonmonjardin.com\/256-bureau-de-jardin\" target=\"_blank\" rel=\"noopener noreferrer\">notre gamme bureau de jardin sur le site Ma Maison Mon Jardin<\/a> !&nbsp;<\/li>\n<\/ul>\n<h2 style=\"text-align: justify;\">Le bureau de jardin permet aux professions lib\u00e9rales de transformer leur activit\u00e9 dans ce contexte de pand\u00e9mie. Et d&rsquo;installer leur cabinet \u00e0 domicile ! Une solution pratique au quotidien.<\/h2>\n<h3 style=\"text-align: justify;\">Pourquoi installer son cabinet dans un bureau de jardin ?<\/h3>\n<p style=\"text-align: justify;\">Il y a bien des situations diff\u00e9rentes. Pour autant, un certain nombre d&rsquo;entre elles peuvent trouver des \u00e9l\u00e9ments de r\u00e9ponse <strong>dans un abri en kit bien sp\u00e9cifique : le bureau de jardin<\/strong>. Du c\u00f4t\u00e9 des professions lib\u00e9rales pratiquant une activit\u00e9 relevant du param\u00e9dical et d&rsquo;approches th\u00e9rapeutiques vari\u00e9es, il est g\u00e9n\u00e9ralement n\u00e9cessaire d&rsquo;avoir un cabinet, un espace o\u00f9 l&rsquo;on re\u00e7oit ses patients et ses clients. Une n\u00e9cessit\u00e9 que la pand\u00e9mie est parfois venue perturber&#8230; Comment ?<\/p>\n<ul>\n<li style=\"text-align: justify;\">Avec des enfants \u00e0 garder \u00e0 domicile d&rsquo;une fa\u00e7on ou d&rsquo;une autre dans des p\u00e9riodes allant du confinement \u00e0 la rel\u00e2che totale, en passant par le d\u00e9confinement.&nbsp;<\/li>\n<li style=\"text-align: justify;\">Avec des complications financi\u00e8res rendant difficile l&rsquo;entretien d&rsquo;un cabinet ind\u00e9pendant.&nbsp;<\/li>\n<li style=\"text-align: justify;\">Une obligation \u00e0 \u00eatre pr\u00e8s de chez soi pour des questions d&rsquo;organisation familiale et la volont\u00e9 de gagner du temps au quotidien.<\/li>\n<li style=\"text-align: justify;\">L&rsquo;envie de pouvoir travailler de chez soi, certes, mais en cr\u00e9ant une bulle ind\u00e9pendante et au calme essentielle.<\/li>\n<\/ul>\n<figure id=\"attachment_4271\" aria-describedby=\"caption-attachment-4271\" style=\"width: 640px\" class=\"wp-caption aligncenter\"><img decoding=\"async\" loading=\"lazy\" class=\"wp-image-4271 size-full\" style=\"border: 1px solid #000000;\" src=\"https:\/\/www.mamaisonmonjardin.com\/blog\/wp-content\/uploads\/2021\/04\/physiotherapy-2133286_640.jpg\" alt=\"profession lib\u00e9rale param\u00e9dicale\" width=\"640\" height=\"426\" srcset=\"https:\/\/www.mamaisonmonjardin.com\/blog\/wp\/wp-content\/uploads\/2021\/04\/physiotherapy-2133286_640.jpg 640w, https:\/\/www.mamaisonmonjardin.com\/blog\/wp\/wp-content\/uploads\/2021\/04\/physiotherapy-2133286_640-300x200.jpg 300w\" sizes=\"(max-width: 640px) 100vw, 640px\" \/><figcaption id=\"caption-attachment-4271\" class=\"wp-caption-text\">Pour des soins ou un accompagnement du patient ou du client, il est possible de pratiquer dans un bureau ind\u00e9pendant adapt\u00e9.<\/figcaption><\/figure>\n<p style=\"text-align: justify;\">Pour apporter des r\u00e9ponses \u00e0 ces probl\u00e9matiques, de nombreuses professions lib\u00e9rales choisissent de d\u00e9localiser leur local ou leur cabinet chez elles, \u00e0 domicile,<strong> dans un abri \u00e0 part sp\u00e9cifiquement con\u00e7u et pleinement d\u00e9di\u00e9<\/strong>. Avec toujours le m\u00eame retour <em>a posteriori<\/em> : un gain tr\u00e8s important en qualit\u00e9 de vie et un quotidien formidablement simplifi\u00e9 &#8211; ce qui est d&rsquo;autant plus important dans cette p\u00e9riode si particuli\u00e8re. Alors, certes, le bureau de jardin n&rsquo;est pas une panac\u00e9e&#8230; Tous les contextes ne s&rsquo;y pr\u00eatent pas, certains professionnels souhaitant clairement s\u00e9parer vie pro et vie personnelle, tout en \u00e9vitant d&rsquo;inviter des patients chez eux, \u00e0 leur propre domicile. Une volont\u00e9 l\u00e9gitime ; tout d\u00e9pend du p\u00e9rim\u00e8tre d&rsquo;activit\u00e9, des personnes crois\u00e9es, de la patient\u00e8le et de l&rsquo;activit\u00e9 lib\u00e9rale elle-m\u00eame.<\/p>\n<h3 style=\"text-align: justify;\">Qu&rsquo;est-ce qu&rsquo;un bon bureau de jardin ?<\/h3>\n<p style=\"text-align: justify;\">Pas facile de s&rsquo;y retrouver <strong>parmi les tr\u00e8s nombreux abris de jardin<\/strong> propos\u00e9s sur Ma Maison Mon Jardin. Il y a <a href=\"https:\/\/www.mamaisonmonjardin.com\/254-chalet-de-jardin\" target=\"_blank\" rel=\"noopener noreferrer\">une gamme rassemblant bureaux et chalets de jardin<\/a>&#8230; Qui ne vous en dit pas plus sur les crit\u00e8res qu&rsquo;il vous faut privil\u00e9gier pour opter pour LE bon mod\u00e8le ! Ce dernier ne peut se d\u00e9nicher qu&rsquo;apr\u00e8s avoir \u00e9tabli un bon \u00e9tat des lieux : quelles sont vos exigences ? quelles sont vos envies ? vos contraintes physiques, g\u00e9ographiques et budg\u00e9taires ? qu&rsquo;est-ce que votre activit\u00e9 n\u00e9cessite tout particuli\u00e8rement ? et qu&rsquo;est-ce qui vous semble important \u00e0 la fois pour votre vie professionnelle et pour votre votre environnement personnel ?<\/p>\n<figure id=\"attachment_4272\" aria-describedby=\"caption-attachment-4272\" style=\"width: 705px\" class=\"wp-caption aligncenter\"><a href=\"https:\/\/www.mamaisonmonjardin.com\/135-abri-jardin-bois\"><img decoding=\"async\" loading=\"lazy\" class=\"wp-image-4272 size-full\" src=\"https:\/\/www.mamaisonmonjardin.com\/blog\/wp-content\/uploads\/2021\/04\/2066-bureau-de-jardin-pro-liberal.jpg\" alt=\"bureau de jardin\" width=\"705\" height=\"487\" srcset=\"https:\/\/www.mamaisonmonjardin.com\/blog\/wp\/wp-content\/uploads\/2021\/04\/2066-bureau-de-jardin-pro-liberal.jpg 705w, https:\/\/www.mamaisonmonjardin.com\/blog\/wp\/wp-content\/uploads\/2021\/04\/2066-bureau-de-jardin-pro-liberal-300x207.jpg 300w\" sizes=\"(max-width: 705px) 100vw, 705px\" \/><\/a><figcaption id=\"caption-attachment-4272\" class=\"wp-caption-text\">Disponible sous la r\u00e9f\u00e9rence ID2066 sur notre site, ce bureau de jardin propose 15 m\u00b2 \u00e0 d\u00e9dier \u00e0 votre activit\u00e9 professionnelle. Modernisme et haut niveau de qualit\u00e9, un choix parfait !<\/figcaption><\/figure>\n<h4 style=\"text-align: center;\">Un abri pro en madriers de bois<\/h4>\n<p style=\"text-align: justify;\">Au-del\u00e0 de ces interrogations qui trouveront des r\u00e9ponses qui leur sont propres, l&rsquo;on peut tout de m\u00eame d\u00e9finir des grandes lignes&#8230; Ainsi, un cabinet pourra d&rsquo;autant plus s&rsquo;am\u00e9nager dans un bureau de jardin si ce dernier est assez vaste et bien organis\u00e9. Cela peut signifier un espace divis\u00e9 en deux pi\u00e8ces, permettant d&rsquo;en am\u00e9nager une pour la consultation et une autre pour les soins pratiqu\u00e9s. L&rsquo;on conseille souvent les mod\u00e8les offrant un maximum de luminosit\u00e9 naturelle : des ouvertures en nombre, couvertes pour certaines, si n\u00e9cessaire, d&rsquo;une vitrauphanie garantissant un peu de confidentialit\u00e9. Un bon moyen de se sentir \u00e0 l&rsquo;aise avec son th\u00e9rapeute, son coach, son praticien&#8230;&nbsp; Autre point que vous aurez d\u00e9j\u00e0 remarqu\u00e9 : <strong>l&rsquo;abri doit \u00eatre en bois et muni de madriers les plus \u00e9pais possibles<\/strong>. Une bonne r\u00e9gulation thermique et l&rsquo;\u00e9lectricit\u00e9 en appoint &#8211; comment s&rsquo;en passer ?! &#8211; pour de petits radiateurs selon les saisons&#8230; Et vous voil\u00e0 par\u00e9 ! Ne reste plus que la question de la s\u00e9curit\u00e9, mais nos bureaux de jardin sont \u00e9videmment \u00e9quip\u00e9s sur ce plan-l\u00e0.<\/p>\n<h3 style=\"text-align: justify;\">Une naturopathe is\u00e9roise conquise !<\/h3>\n<p style=\"text-align: justify;\">Rien ne vaut l&rsquo;exemple pour illustrer une situation ! Derni\u00e8rement, c&rsquo;est une <a href=\"https:\/\/france-naturopathe.com\/\" target=\"_blank\" rel=\"noopener noreferrer\">naturopathe install\u00e9e pr\u00e8s de Vienne, en Is\u00e8re<\/a>, qui nous a contact\u00e9s pour envisager<strong> l&rsquo;installation d&rsquo;un bureau de jardin servant de cabinet chez elle<\/strong>. La naturopathie se pr\u00eate tr\u00e8s bien \u00e0 un projet de ce genre. Un mod\u00e8le comme celui pr\u00e9sent\u00e9 ci-dessous pourrait remporter ses suffrages : de la lumi\u00e8re et beaucoup de confort, un espace d&rsquo;une quinzaine de m\u00e8tres carr\u00e9s&#8230; En outre, mont\u00e9 dans le jardin, un tel abri pourra toujours \u00eatre transform\u00e9 dans le futur \u00e0 des fins personnelles ! Un choix de tr\u00e8s grande qualit\u00e9.&nbsp;<\/p>\n<figure id=\"attachment_4270\" aria-describedby=\"caption-attachment-4270\" style=\"width: 750px\" class=\"wp-caption aligncenter\"><img decoding=\"async\" loading=\"lazy\" class=\"wp-image-4270 size-full\" style=\"border: 1px solid #000000;\" src=\"https:\/\/www.mamaisonmonjardin.com\/blog\/wp-content\/uploads\/2021\/04\/chalet-de-jardin.jpg\" alt=\"bureau d'ext\u00e9rieur pour une naturopathe\" width=\"750\" height=\"400\" srcset=\"https:\/\/www.mamaisonmonjardin.com\/blog\/wp\/wp-content\/uploads\/2021\/04\/chalet-de-jardin.jpg 750w, https:\/\/www.mamaisonmonjardin.com\/blog\/wp\/wp-content\/uploads\/2021\/04\/chalet-de-jardin-300x160.jpg 300w\" sizes=\"(max-width: 750px) 100vw, 750px\" \/><figcaption id=\"caption-attachment-4270\" class=\"wp-caption-text\">Lumi\u00e8re, confort et tranquillit\u00e9 : un bureau parfait pour une naturopathe. Avec, en prime, le d\u00e9bord de toiture id\u00e9al pour les jours de pluie !<\/figcaption><\/figure>\n","protected":false},"excerpt":{"rendered":"<p>Avec la pand\u00e9mie, les habitudes de travail sont chamboul\u00e9es&#8230; jusqu&rsquo;aux professions lib\u00e9rales qui, pour certaines, choisissent de d\u00e9localiser leur activit\u00e9 pour se simplifier la vie. Cela passe par l&rsquo;installation d&rsquo;un abri en kit bien sp\u00e9cifique [&hellip;]<\/p>\n","protected":false},"author":2,"featured_media":4269,"comment_status":"open","ping_status":"closed","sticky":false,"template":"","format":"standard","meta":{"ngg_post_thumbnail":0},"categories":[4,23],"tags":[],"_links":{"self":[{"href":"https:\/\/www.mamaisonmonjardin.com\/blog\/wp-json\/wp\/v2\/posts\/4268"}],"collection":[{"href":"https:\/\/www.mamaisonmonjardin.com\/blog\/wp-json\/wp\/v2\/posts"}],"about":[{"href":"https:\/\/www.mamaisonmonjardin.com\/blog\/wp-json\/wp\/v2\/types\/post"}],"author":[{"embeddable":true,"href":"https:\/\/www.mamaisonmonjardin.com\/blog\/wp-json\/wp\/v2\/users\/2"}],"replies":[{"embeddable":true,"href":"https:\/\/www.mamaisonmonjardin.com\/blog\/wp-json\/wp\/v2\/comments?post=4268"}],"version-history":[{"count":0,"href":"https:\/\/www.mamaisonmonjardin.com\/blog\/wp-json\/wp\/v2\/posts\/4268\/revisions"}],"wp:featuredmedia":[{"embeddable":true,"href":"https:\/\/www.mamaisonmonjardin.com\/blog\/wp-json\/wp\/v2\/media\/4269"}],"wp:attachment":[{"href":"https:\/\/www.mamaisonmonjardin.com\/blog\/wp-json\/wp\/v2\/media?parent=4268"}],"wp:term":[{"taxonomy":"category","embeddable":true,"href":"https:\/\/www.mamaisonmonjardin.com\/blog\/wp-json\/wp\/v2\/categories?post=4268"},{"taxonomy":"post_tag","embeddable":true,"href":"https:\/\/www.mamaisonmonjardin.com\/blog\/wp-json\/wp\/v2\/tags?post=4268"}],"curies":[{"name":"wp","href":"https:\/\/api.w.org\/{rel}","templated":true}]}}