{"id":4321,"date":"2021-08-30T06:06:02","date_gmt":"2021-08-30T04:06:02","guid":{"rendered":"https:\/\/www.mamaisonmonjardin.com\/blog\/?p=4321"},"modified":"2021-08-26T17:02:11","modified_gmt":"2021-08-26T15:02:11","slug":"lezarder-rime-avec-pergola-bioclimatique-motorisee","status":"publish","type":"post","link":"https:\/\/www.mamaisonmonjardin.com\/blog\/lezarder-rime-avec-pergola-bioclimatique-motorisee\/","title":{"rendered":"L\u00e9zarder rime avec\u2026 pergola bioclimatique motoris\u00e9e !"},"content":{"rendered":"<p style=\"text-align: justify;\">Chez Ma Maison Mon Jardin, on aime les belles installations, les belles r\u00e9alisations&#8230; et c&rsquo;est le cas de cette superbe pergola bioclimatique motoris\u00e9e. Un ajout d&rsquo;agr\u00e9ment pour la terrasse qui donne sa pleine mesure l&rsquo;\u00e9t\u00e9 venu, lorsque le soleil n&rsquo;incite plus qu&rsquo;\u00e0 une activit\u00e9 : l\u00e9zarder&#8230;<!--more--><\/p>\n<p style=\"text-align: justify;\">Il faut dire qu&rsquo;il n&rsquo;y a pas grand-chose de plus agr\u00e9able et sympa<strong> que la pergola bioclimatique quand on a la chance d&rsquo;avoir une belle terrasse<\/strong> ou un jardin paysag\u00e9. Ces kits prennent une forme simple : quatre poteaux, une couverture faite de lames en aluminium orientable et un syst\u00e8me \u00e9lectrique permettant d&rsquo;incliner les lames afin d&rsquo;obtenir la juste orientation et l&rsquo;ensoleillement souhait\u00e9 \u00e0 l&rsquo;instant T. En plus d&rsquo;\u00eatre particuli\u00e8rement esth\u00e9tique, cette pergola &#8211; ici, un mod\u00e8le disponible<a href=\"https:\/\/www.mamaisonmonjardin.com\/239-tonnelle-bioclimatique\" target=\"_blank\" rel=\"noopener noreferrer\"> sous la r\u00e9f\u00e9rence ID2345 sur notre site<\/a> &#8211; offre tout un panel de fonctionnalit\u00e9s facilitant le quotidien. Un petit concentr\u00e9 de bonheur pour bien profiter de son ext\u00e9rieur !<\/p>\n<h2>La pergola bioclimatique motoris\u00e9e est un investissement s\u00fbr. Un investissement qui offre un confort assez unique sur la terrasse ou dans le jardin&#8230; Et qui permet de profiter du soleil, de l&rsquo;\u00e9t\u00e9 et des amis !<\/h2>\n<p style=\"padding-left: 160px; text-align: justify;\"><a href=\"https:\/\/www.mamaisonmonjardin.com\/239-tonnelle-bioclimatique\" target=\"_blank\" rel=\"noopener noreferrer\">Une pergola bioclimatique motoris\u00e9e<\/a> <em>comme le mod\u00e8le disponible sous la r\u00e9f\u00e9rence ID2345 sur Ma Maison Mon Jardin peut s&rsquo;installer sur la terrasse comme au milieu du jardin ou \u00e0 proximit\u00e9 de la piscine. Il s&rsquo;agit d&rsquo;une tr\u00e8s belle installation qui permet de profiter toujours plus de son ext\u00e9rieur !<\/em><\/p>\n<h3 style=\"text-align: justify;\">Ce qu&rsquo;on aime dans la pergola bioclimatique motoris\u00e9e<\/h3>\n<p style=\"text-align: justify;\">Beaucoup de choses, \u00e9videmment ! Esth\u00e9tiquement, d\u00e9j\u00e0, les pergolas bioclimatiques brillent et constituent<strong> de v\u00e9ritables am\u00e9nagements ext\u00e9rieurs<\/strong>. Am\u00e9nagements fonctionnels et visuels ! L&rsquo;aluminium est en effet un mat\u00e9riau qui se colore facilement ; thermolaqu\u00e9, il permet de cr\u00e9er une belle harmonie entre l&rsquo;habitation et la pergola. Le design est souvent fin, \u00e9pur\u00e9, plut\u00f4t moderne, m\u00eame s&rsquo;il existe des mod\u00e8les bioclimatiques classiques en bois. Et l&rsquo;ensemble se marie superbement avec les salons de jardin que l&rsquo;on peut aujourd&rsquo;hui trouver dans le commerce.&nbsp;<\/p>\n<figure id=\"attachment_4325\" aria-describedby=\"caption-attachment-4325\" style=\"width: 596px\" class=\"wp-caption aligncenter\"><a href=\"https:\/\/www.mamaisonmonjardin.com\/239-tonnelle-bioclimatique\"><img decoding=\"async\" loading=\"lazy\" class=\"wp-image-4325 size-full\" style=\"border: 1px solid #000000;\" src=\"https:\/\/www.mamaisonmonjardin.com\/blog\/wp-content\/uploads\/2021\/08\/2345-pergola-motorisee-2.jpg\" alt=\"Pergola motoris\u00e9e en aluminium\" width=\"596\" height=\"435\" srcset=\"https:\/\/www.mamaisonmonjardin.com\/blog\/wp\/wp-content\/uploads\/2021\/08\/2345-pergola-motorisee-2.jpg 596w, https:\/\/www.mamaisonmonjardin.com\/blog\/wp\/wp-content\/uploads\/2021\/08\/2345-pergola-motorisee-2-300x219.jpg 300w\" sizes=\"(max-width: 596px) 100vw, 596px\" \/><\/a><figcaption id=\"caption-attachment-4325\" class=\"wp-caption-text\">Cette pergola bioclimatique en alu est motoris\u00e9e. Elle est disponible sous la r\u00e9f\u00e9rence ID2345 sur notre site. Un tr\u00e8s beau kit, esth\u00e9tique et particuli\u00e8rement ergonomique !<\/figcaption><\/figure>\n<h4>A l&rsquo;esth\u00e9tique se greffent des fonctionnalit\u00e9s pratiques<\/h4>\n<p style=\"text-align: justify;\">Mais, vous vous en doutez bien, c&rsquo;est sur le plan pratique que ces kits finissent de nous s\u00e9duire. Au point que les autres solutions paraissent quasi-<em>has been<\/em> ! Il y a le store-banne dont il faut manipuler la manivelle et qu&rsquo;il est n\u00e9cessaire de refermer lorsque le vent se fait trop insistant. Il y a l&rsquo;abri terrasse qui offre une protection plus solide, permanente, mais sans adaptation. Il y a la pergola simple, toujours appr\u00e9ci\u00e9e, qui se customise avec des ajouts pratiques, mais qui ne peut pr\u00e9tendre \u00e0 vivre r\u00e9ellement au rythme du soleil&#8230; A l&rsquo;inverse, oui, de<strong> la pergola bioclimatique, sp\u00e9cifiquement con\u00e7ue pour accompagner vos envies<\/strong> et l&rsquo;\u00e9volution m\u00e9t\u00e9o de la journ\u00e9e. Besoin de soleil ? On ouvre la couverture. Besoin d&rsquo;ombre ? On la referme ! Sans parler des infinit\u00e9s d&rsquo;adaptations interm\u00e9diaires.&nbsp;<\/p>\n<h4>Motorisation de la pergola bioclimatique, stores lat\u00e9raux&#8230;<\/h4>\n<p style=\"text-align: justify;\"><strong>La motorisation apporte en outre une note technique et ergonomique.<\/strong> Pas besoin d&rsquo;effort, il suffit d&rsquo;appuyer sur le petit bouton d\u00e9di\u00e9 et de l&rsquo;arr\u00eater \u00e0 l&rsquo;inclinaison recherch\u00e9e&#8230; avant de se rallonger sur son bain de soleil ! Mais ce n&rsquo;est pas la seule option disponible, puisque certains kits proposent, en compl\u00e9ment, des stores lat\u00e9raux manuels. Des stores qui apportent encore plus de confort, puisqu&rsquo;ils permettent : 1\/ de se prot\u00e9ger des regards indiscrets et de son \u00e9ventuel vis-\u00e0-vis ; 2\/ d&rsquo;\u00e9viter les rayons rasants du soleil contre lesquels la couverture ne peut rien ; 3\/ de se pr\u00e9munir un peu du vent lorsque ce dernier souffle.<\/p>\n<p>G\u00e9nial, non ?<\/p>\n<figure id=\"attachment_4327\" aria-describedby=\"caption-attachment-4327\" style=\"width: 700px\" class=\"wp-caption aligncenter\"><a href=\"https:\/\/www.mamaisonmonjardin.com\/239-tonnelle-bioclimatique\"><img decoding=\"async\" loading=\"lazy\" class=\"wp-image-4327 size-full\" style=\"border: 1px solid #000000;\" src=\"https:\/\/www.mamaisonmonjardin.com\/blog\/wp-content\/uploads\/2021\/08\/2345-Pergola.jpeg\" alt=\"Pergola bioclimatique avec stores\" width=\"700\" height=\"525\" srcset=\"https:\/\/www.mamaisonmonjardin.com\/blog\/wp\/wp-content\/uploads\/2021\/08\/2345-Pergola.jpeg 700w, https:\/\/www.mamaisonmonjardin.com\/blog\/wp\/wp-content\/uploads\/2021\/08\/2345-Pergola-300x225.jpeg 300w\" sizes=\"(max-width: 700px) 100vw, 700px\" \/><\/a><figcaption id=\"caption-attachment-4327\" class=\"wp-caption-text\">Les stores lat\u00e9raux sont bien visibles sur ce kit ID2345. Ce n\u2019est pas un petit ajout anodin, mais vraiment un confort suppl\u00e9mentaire au quotidien.<\/figcaption><\/figure>\n<h3 style=\"text-align: justify;\">Et les mat\u00e9riaux ? L&rsquo;alu, \u00e9videmment !<\/h3>\n<p style=\"text-align: justify;\"><strong>L&rsquo;alu est LE mat\u00e9riau phare des pergolas bioclimatiques.<\/strong> Il s&rsquo;agit d&rsquo;un m\u00e9tal l\u00e9ger, mais r\u00e9sistant, qui ne craint rien des intemp\u00e9ries. Forc\u00e9ment, pour une installation amen\u00e9e \u00e0 supporter des conditions ext\u00e9rieures, cet aspect s&rsquo;av\u00e8re d\u00e9cisif. Le vent, la pluie, le soleil n&rsquo;ont pas ou peu d&rsquo;impact sur les structures alu. La coloration tient bien dans le temps et seul un nettoyage au jet d&rsquo;eau, une fois de temps, peut \u00eatre r\u00e9clam\u00e9 lorsque l&rsquo;on souhaite rendre son lustre initial \u00e0 son abri. Avec, toutefois, un l\u00e9ger b\u00e9mol : la motorisation du syst\u00e8me bioclimatique implique in\u00e9vitablement un souci d&rsquo;entretien pour le petit moteur. Rien de terrible, bien entendu, car, avec une pergola m\u00e9tallique, l&rsquo;on peut g\u00e9n\u00e9ralement dormir sur ses deux oreilles !<\/p>\n","protected":false},"excerpt":{"rendered":"<p>Chez Ma Maison Mon Jardin, on aime les belles installations, les belles r\u00e9alisations&#8230; et c&rsquo;est le cas de cette superbe pergola bioclimatique motoris\u00e9e. Un ajout d&rsquo;agr\u00e9ment pour la terrasse qui donne sa pleine mesure l&rsquo;\u00e9t\u00e9 [&hellip;]<\/p>\n","protected":false},"author":2,"featured_media":4322,"comment_status":"open","ping_status":"closed","sticky":false,"template":"","format":"standard","meta":{"ngg_post_thumbnail":0},"categories":[9],"tags":[],"_links":{"self":[{"href":"https:\/\/www.mamaisonmonjardin.com\/blog\/wp-json\/wp\/v2\/posts\/4321"}],"collection":[{"href":"https:\/\/www.mamaisonmonjardin.com\/blog\/wp-json\/wp\/v2\/posts"}],"about":[{"href":"https:\/\/www.mamaisonmonjardin.com\/blog\/wp-json\/wp\/v2\/types\/post"}],"author":[{"embeddable":true,"href":"https:\/\/www.mamaisonmonjardin.com\/blog\/wp-json\/wp\/v2\/users\/2"}],"replies":[{"embeddable":true,"href":"https:\/\/www.mamaisonmonjardin.com\/blog\/wp-json\/wp\/v2\/comments?post=4321"}],"version-history":[{"count":0,"href":"https:\/\/www.mamaisonmonjardin.com\/blog\/wp-json\/wp\/v2\/posts\/4321\/revisions"}],"wp:featuredmedia":[{"embeddable":true,"href":"https:\/\/www.mamaisonmonjardin.com\/blog\/wp-json\/wp\/v2\/media\/4322"}],"wp:attachment":[{"href":"https:\/\/www.mamaisonmonjardin.com\/blog\/wp-json\/wp\/v2\/media?parent=4321"}],"wp:term":[{"taxonomy":"category","embeddable":true,"href":"https:\/\/www.mamaisonmonjardin.com\/blog\/wp-json\/wp\/v2\/categories?post=4321"},{"taxonomy":"post_tag","embeddable":true,"href":"https:\/\/www.mamaisonmonjardin.com\/blog\/wp-json\/wp\/v2\/tags?post=4321"}],"curies":[{"name":"wp","href":"https:\/\/api.w.org\/{rel}","templated":true}]}}