{"id":4359,"date":"2021-11-10T06:06:19","date_gmt":"2021-11-10T05:06:19","guid":{"rendered":"https:\/\/www.mamaisonmonjardin.com\/blog\/?p=4359"},"modified":"2021-11-10T11:41:31","modified_gmt":"2021-11-10T10:41:31","slug":"focus-produit-le-garage-metal-a-porte-motorisee","status":"publish","type":"post","link":"https:\/\/www.mamaisonmonjardin.com\/blog\/focus-produit-le-garage-metal-a-porte-motorisee\/","title":{"rendered":"Focus produit : le garage m\u00e9tal \u00e0 porte motoris\u00e9e"},"content":{"rendered":"<p style=\"text-align: justify;\">Aujourd&rsquo;hui, focus sur le garage m\u00e9tal ! Il faut dire que Ma Maison Mon Jardin vous propose tout un panel d&rsquo;abris et de garages pour am\u00e9nager votre ext\u00e9rieur. Le choix est vaste avec des produits r\u00e9pondant \u00e0 toutes les attentes et \u00e0 tous les budgets. Suivez le guide pour y voir plus clair et trouver l&rsquo;abri qui r\u00e9pondra \u00e0 vos attentes !&nbsp;<\/p>\n<p style=\"text-align: justify;\"><!--more--><\/p>\n<p style=\"text-align: justify;\">Ajouter un garage \u00e0 votre maison n\u2019est pas forc\u00e9ment synonyme de gros travaux longs et fastidieux. M\u00eame si celui-ci n\u2019a pas \u00e9t\u00e9 pr\u00e9vu lors de la construction de votre espace de vie, il est tout \u00e0 fait possible et facile d\u2019y rem\u00e9dier. Pourquoi ne pas choisir un mod\u00e8le en acier pour prot\u00e9ger votre v\u00e9hicule&nbsp;?<\/p>\n<p style=\"text-align: justify;\">\u00c0 quoi ressemble un garage en m\u00e9tal ? A premi\u00e8re vue et dans l&rsquo;esprit du tout venant&#8230; \u00e0 un petit conteneur ! Pratique, certes, mais pas forc\u00e9ment tr\u00e8s esth\u00e9tique ! Chassez les id\u00e9es re\u00e7ues avec notre <strong>garage m\u00e9tallique \u00e0 porte motoris\u00e9e. <\/strong>Ce kit, que vous retrouverez sous les r\u00e9f\u00e9rences <strong>ID2223<\/strong> et <strong>ID2227<\/strong> (version avec parois int\u00e9rieures), s\u00e9duira \u00e0 coup s\u00fbr les amateurs de design.<\/p>\n<p style=\"text-align: justify;\"><em>Vous trouverez dans notre<span style=\"color: #ff9900;\"><a style=\"color: #ff9900;\" href=\"https:\/\/www.mamaisonmonjardin.com\/49-garage-en-metal\" target=\"_blank\" rel=\"noopener noreferrer\"> gamme garage m\u00e9tal<\/a><\/span> , plusieurs mod\u00e8les r\u00e9pondant \u00e0 tous les usages. Rapport qualit\u00e9\/prix, esth\u00e9tique, robustesse, montage rapide, grand volume ou hauteur sp\u00e9cifique notre catalogue est vaste. Nos produits sauront r\u00e9pondre \u00e0 toutes les exigences.&nbsp;<\/em><\/p>\n<h2 style=\"text-align: justify;\">Focus sur le garage m\u00e9tal en acier galvanis\u00e9. Un abri contemporain, personnalisable et s\u00e9curis\u00e9 livr\u00e9 en kit. Ses nombreux atouts sauront vous s\u00e9duire !<\/h2>\n<h3 style=\"text-align: justify;\"><strong>Comment se pr\u00e9sente le garage m\u00e9tal en kit ?<\/strong><\/h3>\n<p style=\"text-align: justify;\">Bien loin des st\u00e9r\u00e9otypes de l\u2019abri de chantier branlant et rudimentaire, le garage m\u00e9tal nouvelle g\u00e9n\u00e9ration va vous \u00e9tonner par son look \u00e9pur\u00e9 et ses finitions soign\u00e9es. Oubliez la baraque industrielle purement pratique et d\u00e9couvrez en d\u00e9tails votre parking moderne et personnalis\u00e9.<\/p>\n<figure id=\"attachment_4362\" aria-describedby=\"caption-attachment-4362\" style=\"width: 1050px\" class=\"wp-caption aligncenter\"><img decoding=\"async\" loading=\"lazy\" class=\"wp-image-4362 size-full\" src=\"https:\/\/www.mamaisonmonjardin.com\/blog\/wp-content\/uploads\/2021\/10\/02200-Garage-Eleganto-3654-Porte-sectionnelle-Avec-Parois-intC\u0327rieures-Blanc-Anthracite_LD.jpg\" alt=\"garage m\u00e9tal en acier\" width=\"1050\" height=\"591\" srcset=\"https:\/\/www.mamaisonmonjardin.com\/blog\/wp\/wp-content\/uploads\/2021\/10\/02200-Garage-Eleganto-3654-Porte-sectionnelle-Avec-Parois-intC\u0327rieures-Blanc-Anthracite_LD.jpg 1050w, https:\/\/www.mamaisonmonjardin.com\/blog\/wp\/wp-content\/uploads\/2021\/10\/02200-Garage-Eleganto-3654-Porte-sectionnelle-Avec-Parois-intC\u0327rieures-Blanc-Anthracite_LD-300x169.jpg 300w, https:\/\/www.mamaisonmonjardin.com\/blog\/wp\/wp-content\/uploads\/2021\/10\/02200-Garage-Eleganto-3654-Porte-sectionnelle-Avec-Parois-intC\u0327rieures-Blanc-Anthracite_LD-1024x576.jpg 1024w, https:\/\/www.mamaisonmonjardin.com\/blog\/wp\/wp-content\/uploads\/2021\/10\/02200-Garage-Eleganto-3654-Porte-sectionnelle-Avec-Parois-intC\u0327rieures-Blanc-Anthracite_LD-768x432.jpg 768w\" sizes=\"(max-width: 1050px) 100vw, 1050px\" \/><figcaption id=\"caption-attachment-4362\" class=\"wp-caption-text\">ID2223 : c&rsquo;est la r\u00e9f\u00e9rence du garage m\u00e9tallique \u00e0 l&rsquo;honneur aujourd&rsquo;hui. Un produit coup de c\u0153ur avec ses lignes contemporaines et sa structure robuste et s\u00e9curis\u00e9e.<\/figcaption><\/figure>\n<p style=\"text-align: justify;\">L\u2019\u00e9difice forme une grande pi\u00e8ce avec une surface utile de 16,92 m<sup>2<\/sup> permettant d\u2019accueillir une voiture de taille moyenne. L\u2019entr\u00e9e se fait dans le sens de la longueur par une porte motoris\u00e9e. Une fois le v\u00e9hicule gar\u00e9, vous sortez du box par une porte de service situ\u00e9e \u00e0 l\u2019arri\u00e8re du b\u00e2timent.<\/p>\n<p style=\"text-align: justify;\">Optimisation et solidit\u00e9 sont les ma\u00eetres mots de la construction de ce garage m\u00e9tal. Les \u00e9l\u00e9ments pr\u00e9fabriqu\u00e9s s\u2019agencent et s\u2019emboitent les uns dans les autres tr\u00e8s facilement. Une armature m\u00e9tallique forme le squelette sur lequel viennent ensuite prendre place les plaques qui forment les parois. Le montage est ainsi ais\u00e9 et enti\u00e8rement d\u00e9taill\u00e9 pas \u00e0 pas dans les notices, aucun risque de vous tromper !<\/p>\n<figure id=\"attachment_4363\" aria-describedby=\"caption-attachment-4363\" style=\"width: 1018px\" class=\"wp-caption aligncenter\"><img decoding=\"async\" loading=\"lazy\" class=\"wp-image-4363 size-full\" src=\"https:\/\/www.mamaisonmonjardin.com\/blog\/wp-content\/uploads\/2021\/10\/02400-Garage-Eleganto-3654-Porte-sectionnelle-Avec-Parois-intC\u0327rieures-Gris-clair_DC\u0327tourC\u0327_LD.jpg\" alt=\"garage m\u00e9tal en acier \" width=\"1018\" height=\"591\" srcset=\"https:\/\/www.mamaisonmonjardin.com\/blog\/wp\/wp-content\/uploads\/2021\/10\/02400-Garage-Eleganto-3654-Porte-sectionnelle-Avec-Parois-intC\u0327rieures-Gris-clair_DC\u0327tourC\u0327_LD.jpg 1018w, https:\/\/www.mamaisonmonjardin.com\/blog\/wp\/wp-content\/uploads\/2021\/10\/02400-Garage-Eleganto-3654-Porte-sectionnelle-Avec-Parois-intC\u0327rieures-Gris-clair_DC\u0327tourC\u0327_LD-300x174.jpg 300w, https:\/\/www.mamaisonmonjardin.com\/blog\/wp\/wp-content\/uploads\/2021\/10\/02400-Garage-Eleganto-3654-Porte-sectionnelle-Avec-Parois-intC\u0327rieures-Gris-clair_DC\u0327tourC\u0327_LD-768x446.jpg 768w\" sizes=\"(max-width: 1018px) 100vw, 1018px\" \/><figcaption id=\"caption-attachment-4363\" class=\"wp-caption-text\">Craquez pour la version bicolore du garage ID2223. Les parois gris clair sont soulign\u00e9es par un gris anthracite tr\u00e8s chic qui apporte du contraste tout en sobri\u00e9t\u00e9 !<\/figcaption><\/figure>\n<h3 style=\"text-align: justify;\"><strong>Des \u00e9quipements ergonomiques pens\u00e9s pour vous faciliter la vie&nbsp;<\/strong><\/h3>\n<p style=\"text-align: justify;\">Qui n\u2019a jamais connu ce moment d\u00e9sagr\u00e9able o\u00f9 il faut sortir de son v\u00e9hicule, sous la pluie, tout en prenant garde de ne pas se bloquer le dos en tentant d\u2019ouvrir un portail lourd et salissant ? S\u00e9same, ouvre-toi ! Sans h\u00e9siter, ce probl\u00e8me est r\u00e9gl\u00e9 gr\u00e2ce \u00e0 la porte sectionnelle motoris\u00e9e. Vous l&rsquo;actionnez depuis votre voiture \u00e0 l\u2019aide d\u2019une t\u00e9l\u00e9commande.<\/p>\n<p style=\"text-align: justify;\">C\u00f4t\u00e9 jardin, une entr\u00e9e pi\u00e9tonne a \u00e9galement \u00e9t\u00e9 pr\u00e9vue avec une solide porte vitr\u00e9e verrouillable \u00e0 cl\u00e9 pour une parfaite s\u00e9curit\u00e9. Cette sortie commun\u00e9ment appel\u00e9e \u00ab&nbsp;porte de service&nbsp;\u00bb permet d\u2019entrer et sortir facilement du garage avec les sacs de courses ou les caisses \u00e0 outils par exemple.<\/p>\n<h3 style=\"text-align: justify;\"><strong>Un garage ultramoderne aux \u00e9quipements techniques mais aussi esth\u00e9tiques<\/strong><\/h3>\n<ul style=\"list-style-type: disc; text-align: justify;\">\n<li>Le rev\u00eatement <strong>acier galvanis\u00e9 \u00e0 chaud doubl\u00e9 de zinc<\/strong> assure une protection presque infaillible contre la rouille et la corrosion.<\/li>\n<li>La toiture est compos\u00e9e de panneaux sandwich qui apportent non seulement une parfaite isolation, mais qui r\u00e9sistent aussi particuli\u00e8rement bien \u00e0 la charge de neige. Jusqu&rsquo;\u00e0 150 kg\/m<sup>2 !<\/sup><\/li>\n<li>Ce garage est d\u00e9clin\u00e9 en diff\u00e9rents coloris monochromes ou bicolores. Choisissez ainsi la sobri\u00e9t\u00e9 d&rsquo;un gris anthracite uni. Ou optez pour l&rsquo;originalit\u00e9 avec des panneaux blancs encadr\u00e9s d&rsquo;une couleur plus fonc\u00e9e !<\/li>\n<\/ul>\n<h4 style=\"text-align: justify;\"><strong>L\u2019acier, un mat\u00e9riau r\u00e9sistant aux propri\u00e9t\u00e9s m\u00e9caniques incroyables<\/strong><\/h4>\n<figure id=\"attachment_4364\" aria-describedby=\"caption-attachment-4364\" style=\"width: 609px\" class=\"wp-caption aligncenter\"><img decoding=\"async\" loading=\"lazy\" class=\"size-full wp-image-4364\" src=\"https:\/\/www.mamaisonmonjardin.com\/blog\/wp-content\/uploads\/2021\/10\/garage-metal-acier-2223.jpg\" alt=\"garage m\u00e9tal en acier\" width=\"609\" height=\"428\" srcset=\"https:\/\/www.mamaisonmonjardin.com\/blog\/wp\/wp-content\/uploads\/2021\/10\/garage-metal-acier-2223.jpg 609w, https:\/\/www.mamaisonmonjardin.com\/blog\/wp\/wp-content\/uploads\/2021\/10\/garage-metal-acier-2223-300x211.jpg 300w\" sizes=\"(max-width: 609px) 100vw, 609px\" \/><figcaption id=\"caption-attachment-4364\" class=\"wp-caption-text\">ID2223 : vue en coupe des meilleures technologies de pointe, ici utilis\u00e9es pour proposer un garage m\u00e9tallique durable et r\u00e9sistant.<\/figcaption><\/figure>\n<p style=\"text-align: justify;\">Alliage m\u00e9tallique constitu\u00e9 de fer et de carbone, les atouts de l\u2019acier ne sont plus \u00e0 d\u00e9montrer. Son incroyable r\u00e9sistance le rend plus dur que le fer; il est ainsi prot\u00e9g\u00e9 contre les d\u00e9formations, les ruptures et les chocs. Ce n\u2019est donc pas un hasard si ce mat\u00e9riau est certainement le plus utilis\u00e9 dans le monde pour les travaux d\u2019ing\u00e9nierie et de construction !<\/p>\n<p style=\"text-align: justify;\">Dans le cas pr\u00e9cis de notre abri garage, l\u2019acier utilis\u00e9 subit une galvanisation \u00e0 chaud. Cela lui permet de se doubler d\u2019une couche de zinc, un m\u00e9tal l\u00e9ger et tr\u00e8s mall\u00e9able ! Ce proc\u00e9d\u00e9 r\u00e9alis\u00e9 en usine prot\u00e8ge le produit de la rouille et de la corrosion, et ce pour toujours ! Une <strong>long\u00e9vit\u00e9 maximale<\/strong> donc, pour un mat\u00e9riau r\u00e9solument tourn\u00e9 vers l\u2019avenir.<\/p>\n<p style=\"text-align: justify;\">Afin de convaincre les plus \u00e9colos d\u2019entre nous, sachez \u00e9galement qu&rsquo;une <strong>garantie 20 ans <\/strong>couvre ce garage. Votre investissement sera donc compl\u00e8tement amorti dans la dur\u00e9e. Cette structure est aussi 100 % recyclable et l\u00e9g\u00e8re. Mieux, elle arrive chez vous en kit. R\u00e9sultat ? L&rsquo;espace de chargement dans les camions s&rsquo;en trouve optimis\u00e9. D&rsquo;o\u00f9 un transport efficace&#8230; et des \u00e9missions de CO2 r\u00e9duites !<\/p>\n<p style=\"text-align: justify;\">Pratique, durable, esth\u00e9tique, solide, le garage m\u00e9tallique en acier \u00e0 porte motoris\u00e9e ne demande qu&rsquo;\u00e0 s&rsquo;installer dans votre jardin. Qu&rsquo;attendez-vous pour sauter le pas ?<\/p>\n","protected":false},"excerpt":{"rendered":"<p>Aujourd&rsquo;hui, focus sur le garage m\u00e9tal ! Il faut dire que Ma Maison Mon Jardin vous propose tout un panel d&rsquo;abris et de garages pour am\u00e9nager votre ext\u00e9rieur. Le choix est vaste avec des produits [&hellip;]<\/p>\n","protected":false},"author":2,"featured_media":4361,"comment_status":"open","ping_status":"closed","sticky":false,"template":"","format":"standard","meta":{"ngg_post_thumbnail":0},"categories":[9],"tags":[],"_links":{"self":[{"href":"https:\/\/www.mamaisonmonjardin.com\/blog\/wp-json\/wp\/v2\/posts\/4359"}],"collection":[{"href":"https:\/\/www.mamaisonmonjardin.com\/blog\/wp-json\/wp\/v2\/posts"}],"about":[{"href":"https:\/\/www.mamaisonmonjardin.com\/blog\/wp-json\/wp\/v2\/types\/post"}],"author":[{"embeddable":true,"href":"https:\/\/www.mamaisonmonjardin.com\/blog\/wp-json\/wp\/v2\/users\/2"}],"replies":[{"embeddable":true,"href":"https:\/\/www.mamaisonmonjardin.com\/blog\/wp-json\/wp\/v2\/comments?post=4359"}],"version-history":[{"count":0,"href":"https:\/\/www.mamaisonmonjardin.com\/blog\/wp-json\/wp\/v2\/posts\/4359\/revisions"}],"wp:featuredmedia":[{"embeddable":true,"href":"https:\/\/www.mamaisonmonjardin.com\/blog\/wp-json\/wp\/v2\/media\/4361"}],"wp:attachment":[{"href":"https:\/\/www.mamaisonmonjardin.com\/blog\/wp-json\/wp\/v2\/media?parent=4359"}],"wp:term":[{"taxonomy":"category","embeddable":true,"href":"https:\/\/www.mamaisonmonjardin.com\/blog\/wp-json\/wp\/v2\/categories?post=4359"},{"taxonomy":"post_tag","embeddable":true,"href":"https:\/\/www.mamaisonmonjardin.com\/blog\/wp-json\/wp\/v2\/tags?post=4359"}],"curies":[{"name":"wp","href":"https:\/\/api.w.org\/{rel}","templated":true}]}}