{"id":4396,"date":"2022-01-11T19:12:28","date_gmt":"2022-01-11T18:12:28","guid":{"rendered":"https:\/\/www.mamaisonmonjardin.com\/blog\/?p=4396"},"modified":"2022-01-12T09:41:38","modified_gmt":"2022-01-12T08:41:38","slug":"taxe-damenagement-mode-demploi","status":"publish","type":"post","link":"https:\/\/www.mamaisonmonjardin.com\/blog\/taxe-damenagement-mode-demploi\/","title":{"rendered":"Taxe d&rsquo;am\u00e9nagement : mode d&#8217;emploi"},"content":{"rendered":"<p style=\"text-align: justify;\"><strong>Taxe abri de jardin, taxe d&rsquo;am\u00e9nagement&#8230;<\/strong> Peu importe le nom qu&rsquo;on lui donne, elle fait souvent partie des obligations du propri\u00e9taire lorsque ce dernier souhaite installer un abri de jardin.<!--more--><\/p>\n<p style=\"text-align: justify;\">Une obligation qui n&rsquo;est, certes, pas la plus agr\u00e9able, puisqu&rsquo;elle implique de d\u00e9bourser une certaine somme d&rsquo;argent calcul\u00e9e selon des modalit\u00e9s assez complexes. Une somme qui d\u00e9pend de votre localisation, d&rsquo;une part, et de la surface de plancher de votre d\u00e9pendance, d&rsquo;autre part. Explications.<\/p>\n<h2 style=\"text-align: justify;\">Chaque ann\u00e9e, elle fait parler d&rsquo;elle : la taxe d&rsquo;am\u00e9nagement ou taxe abris de jardin voit ses montants forfaitaires recalcul\u00e9s et mis \u00e0 jour avec le passage du nouvel an. Quelle est-elle ? Pourquoi doit-on la payer ? Comment ?<\/h2>\n<p style=\"text-align: justify;\"><strong>Votre construction a r\u00e9clam\u00e9 une autorisation d&rsquo;urbanisme ?<\/strong> Ne vous posez pas plus de questions : vous \u00eates redevables de la taxe d&rsquo;am\u00e9nagement, souvent nomm\u00e9e taxe abris de jardin. D\u00e8s lors que votre projet n\u00e9cessite une d\u00e9claration pr\u00e9alable de travaux ou un permis de construire, il est th\u00e9oriquement soumis \u00e0 cette taxe, cet imp\u00f4t suppl\u00e9mentaire qu&rsquo;il vous faudra r\u00e9gler une unique fois en fin d&rsquo;ann\u00e9e ou l&rsquo;ann\u00e9e d&rsquo;apr\u00e8s. Ce que dit <a href=\"https:\/\/www.service-public.fr\/professionnels-entreprises\/vosdroits\/F23263\" target=\"_blank\" rel=\"noopener\">le site du Service Public<\/a> ?<\/p>\n<blockquote>\n<p style=\"text-align: justify;\">La taxe d&rsquo;am\u00e9nagement s&rsquo;applique \u00e0 toutes les op\u00e9rations soumises \u00e0 autorisation d&rsquo;urbanisme : construction, reconstruction et agrandissement de b\u00e2timents, am\u00e9nagement et installation de toute nature. Elle s&rsquo;applique \u00e9galement aux changements de destination: Il existe 5 types de destinations : exploitation agricole et foresti\u00e8re, habitation, commerce et activit\u00e9s de service, \u00e9quipements d&rsquo;int\u00e9r\u00eat collectif et services publics, autres activit\u00e9s des secteurs secondaire ou tertiaire. Il y a changement de destination lorsque l&rsquo;on passe d&rsquo;une cat\u00e9gorie \u00e0 une autre. des locaux agricoles. Elle est due par le b\u00e9n\u00e9ficiaire de l&rsquo;autorisation de construire ou d&rsquo;am\u00e9nager ou par le responsable d&rsquo;une construction ill\u00e9gale.<\/p>\n<\/blockquote>\n<figure id=\"attachment_4376\" aria-describedby=\"caption-attachment-4376\" style=\"width: 592px\" class=\"wp-caption aligncenter\"><img decoding=\"async\" loading=\"lazy\" class=\"wp-image-4376 size-full\" style=\"border: 1px solid #000000;\" src=\"https:\/\/www.mamaisonmonjardin.com\/blog\/wp-content\/uploads\/2021\/10\/1548-pergola-alu.jpg\" alt=\"Taxe abri de jardin et pergola\" width=\"592\" height=\"428\" srcset=\"https:\/\/www.mamaisonmonjardin.com\/blog\/wp\/wp-content\/uploads\/2021\/10\/1548-pergola-alu.jpg 592w, https:\/\/www.mamaisonmonjardin.com\/blog\/wp\/wp-content\/uploads\/2021\/10\/1548-pergola-alu-300x217.jpg 300w\" sizes=\"(max-width: 592px) 100vw, 592px\" \/><figcaption id=\"caption-attachment-4376\" class=\"wp-caption-text\">Cette pergola, disponible sous la r\u00e9f\u00e9rence ID1548 sur Ma Maison Mon Jardin, est exon\u00e9r\u00e9e de taxe d&rsquo;am\u00e9nagement : elle est couverte, mais non close. Ouf !<\/figcaption><\/figure>\n<p style=\"text-align: justify;\">Ainsi, lorsque vous avez en t\u00eate d&rsquo;installer un abri de jardin ou un carport, il vous faut en tenir compte. Si votre structure couvre moins de 5 m\u00b2 de surface de plancher ou d&#8217;emprise au sol, vous n&rsquo;aurez probablement pas \u00e0 vous pr\u00e9occuper de cette taxe. En revanche, d\u00e8s que vous d\u00e9passerez les 5 m\u00b2, vous ne pourrez l&rsquo;\u00e9viter : tout b\u00e2timent de plus de 5 m\u00b2 de surface de plancher a besoin d&rsquo;une autorisation d&rsquo;urbanisme. Pis, en zone prot\u00e9g\u00e9e ou \u00e0 proximit\u00e9 de monuments historiques, l&rsquo;autorisation peut \u00eatre r\u00e9clam\u00e9e d\u00e8s le premier m\u00e8tre carr\u00e9. Un seul moyen d&rsquo;\u00eatre s\u00fbr de votre coup : <strong>vous renseigner aupr\u00e8s de votre Mairie<\/strong>.<\/p>\n<h3 style=\"text-align: justify;\">Taxe d&rsquo;am\u00e9nagement : son calcul<\/h3>\n<p style=\"text-align: justify;\">Une fois que vous savez si, oui ou non, votre abri ou votre carport est soumis \u00e0 une d\u00e9claration ou un permis, vous pouvez vous pencher sur la taxe elle-m\u00eame. Cette derni\u00e8re<strong> devra \u00eatre r\u00e9gl\u00e9e une fois par b\u00e2timent<\/strong> dans les 12 mois (vous b\u00e9n\u00e9ficiez d&rsquo;un peu plus de d\u00e9lai en cas de somme sup\u00e9rieure \u00e0 1500\u20ac et de la possibilit\u00e9 de r\u00e9gler en deux fois).&nbsp;<\/p>\n<p style=\"text-align: justify;\">La taxe abri de jardin est compos\u00e9e de deux parts distinctes : <strong>celle qui est due \u00e0 la commune ou \u00e0 l&rsquo;intercommunalit\u00e9 ; et celle qui est due au d\u00e9partement<\/strong>. Un taux, g\u00e9n\u00e9ralement entre 1 et 5%, est d\u00e9fini par l&rsquo;autorit\u00e9 communale ou intercommunale d&rsquo;un c\u00f4t\u00e9 et par le conseil d\u00e9partemental de l&rsquo;autre. Et une valeur forfaitaire est mise en face, valeur r\u00e9vis\u00e9e chaque ann\u00e9e selon l&rsquo;\u00e9volution de l&rsquo;Indice du Co\u00fbt de la Construction.&nbsp;<\/p>\n<p>S&rsquo;ensuit un calcul clair, bas\u00e9 sur la formule suivante :<\/p>\n<blockquote><p>(surface taxable x valeur forfaitaire x taux communal ou intercommunal) + (surface taxable x valeur forfaitaire x taux d\u00e9partemental)<\/p><\/blockquote>\n<p style=\"text-align: justify;\">La surface taxable correspondant \u00e0 <em>\u00ab\u00a0la somme des surfaces closes et couvertes calcul\u00e9e \u00e0 partir du nu int\u00e9rieur des fa\u00e7ades\u00a0\u00bb<\/em>, sans tenir compte, donc, de l&rsquo;\u00e9paisseur des murs. Pour un abri de jardin, c&rsquo;est, en soi, ce qu&rsquo;on pourrait appeler la surface de plancher. Attention : pensez que toutes <strong>les surfaces pr\u00e9sentant une hauteur sous plafond de moins d&rsquo;1,8 m sont exclues du calcul<\/strong>&#8230; Un point \u00e0 retenir ! Par ailleurs, ne sont pas concern\u00e9s les surfaces non closes et \/ ou d\u00e9couvertes&#8230; comme les tonnelles ou les pergolas. L\u00e0 encore, un aspect positif \u00e0 ne surtout pas oublier au moment de r\u00e9fl\u00e9chir \u00e0 ses am\u00e9nagements ext\u00e9rieurs.&nbsp;<\/p>\n<p style=\"text-align: justify;\">Pour 2022, la valeur forfaitaire a \u00e9t\u00e9 fix\u00e9e \u00e0 <strong>929\u20ac par m\u00b2 en Ile-de-France et 820\u20ac par m\u00b2 en province<\/strong>. Un chiffre en hausse nette, puisqu&rsquo;il \u00e9tait respectivement de 870\u20ac et 767\u20ac par m\u00b2 en 2021&#8230; Une explication ? La crise sanitaire a provoqu\u00e9 une importante hausse des co\u00fbts de la construction. Fort heureusement, les communes peuvent choisir, en conseil municipal, de ne pas r\u00e9clamer leur d\u00fb&#8230; A moins qu&rsquo;elles ne pr\u00e9f\u00e8rent augmenter leur taux ?<\/p>\n<figure id=\"attachment_4337\" aria-describedby=\"caption-attachment-4337\" style=\"width: 598px\" class=\"wp-caption aligncenter\"><a href=\"https:\/\/www.mamaisonmonjardin.com\/48-garage-bois\"><img decoding=\"async\" loading=\"lazy\" class=\"wp-image-4337 size-full\" style=\"border: 1px solid #000000;\" src=\"https:\/\/www.mamaisonmonjardin.com\/blog\/wp-content\/uploads\/2021\/09\/1458-garage-bois-brut.jpg\" alt=\"garage bois brut\" width=\"598\" height=\"429\" srcset=\"https:\/\/www.mamaisonmonjardin.com\/blog\/wp\/wp-content\/uploads\/2021\/09\/1458-garage-bois-brut.jpg 598w, https:\/\/www.mamaisonmonjardin.com\/blog\/wp\/wp-content\/uploads\/2021\/09\/1458-garage-bois-brut-300x215.jpg 300w\" sizes=\"(max-width: 598px) 100vw, 598px\" \/><\/a><figcaption id=\"caption-attachment-4337\" class=\"wp-caption-text\">Ce garage couvre environ 13 m\u00b2 de surface de plancher. Il r\u00e9clame \u00e9videmment le r\u00e8glement de la taxe d&rsquo;am\u00e9nagement. Fort heureusement, il s&rsquo;agit d&rsquo;un mod\u00e8le disponible \u00e0 \u00e0 peine plus de 1000 euros&#8230; Cela compense !<\/figcaption><\/figure>\n<p style=\"text-align: justify;\">&nbsp;<\/p>\n<h2 style=\"text-align: justify;\">Un exemple : montage d&rsquo;un abri de jardin de 10 m\u00b2 dans la commune de Miribel, dans l&rsquo;Ain.&nbsp;<\/h2>\n<p style=\"text-align: justify;\">Monsieur Jandon veut installer <strong>un abri de jardin de 10 m\u00b2<\/strong> dans sa propri\u00e9t\u00e9, \u00e0 Miribel, dans l&rsquo;Ain. Dans cette commune, le taux appliqu\u00e9 est plut\u00f4t important, 4,5%. Dans l&rsquo;Ain, en revanche, il est de 2,5%. Sa taxe d&rsquo;am\u00e9nagement devrait donc lui co\u00fbter :<\/p>\n<blockquote>\n<p>(surface taxable : <strong>10<\/strong> x valeur forfaitaire : <strong>820<\/strong> x taux communal : <strong>4,5%<\/strong>) + (surface taxable : <strong>10<\/strong> x valeur forfaitaire : <strong>820<\/strong> x taux d\u00e9partemental : <strong>2,5%<\/strong>)<\/p>\n<\/blockquote>\n<p style=\"text-align: justify;\">Soit <strong>369 + 205, ou 574\u20ac<\/strong> au total. Une somme non n\u00e9gligeable qu&rsquo;il vaut mieux avoir pr\u00e9alablement provisionn\u00e9 !&nbsp;<\/p>\n<h3 style=\"text-align: justify;\">Attention : la taxe abri de jardin en&nbsp; Ile-de-France, pour la construction d&rsquo;une piscine&#8230;<\/h3>\n<ul>\n<li style=\"text-align: justify;\"><strong>En Ile-de-France, il faut aussi ajouter un taux r\u00e9gional.<\/strong> Ainsi, \u00e0 Clamart, en plus du taux communal \u00e0 5%, il faut ajouter le taux d\u00e9partemental \u00e0 2,3% et le taux r\u00e9gional \u00e0 1%. Soit, pour un abri de jardin de 10 m\u00b2 comme celui qui a \u00e9t\u00e9 pr\u00e9c\u00e9demment d\u00e9crit : (10 x 929 x 5%) + (10 x 929 x 2,3%) + (10 x 929 x 1%) = 771\u20ac. A Meudon, en revanche, la commune avait derni\u00e8rement d\u00e9cid\u00e9 de ne pas appliquer sont taux communal.&nbsp;<\/li>\n<li style=\"text-align: justify;\">La taxe d&rsquo;am\u00e9nagement est aussi valable pour <strong>la construction de piscines<\/strong>, de panneaux photovolta\u00efques au sol, d&rsquo;aires de stationnement&#8230; Le tout, selon des modalit\u00e9s de calcul diff\u00e9rentes, bien entendu.&nbsp;<\/li>\n<\/ul>\n","protected":false},"excerpt":{"rendered":"<p>Taxe abri de jardin, taxe d&rsquo;am\u00e9nagement&#8230; Peu importe le nom qu&rsquo;on lui donne, elle fait souvent partie des obligations du propri\u00e9taire lorsque ce dernier souhaite installer un abri de jardin.<\/p>\n","protected":false},"author":2,"featured_media":4397,"comment_status":"open","ping_status":"closed","sticky":false,"template":"","format":"standard","meta":{"ngg_post_thumbnail":0},"categories":[9],"tags":[],"_links":{"self":[{"href":"https:\/\/www.mamaisonmonjardin.com\/blog\/wp-json\/wp\/v2\/posts\/4396"}],"collection":[{"href":"https:\/\/www.mamaisonmonjardin.com\/blog\/wp-json\/wp\/v2\/posts"}],"about":[{"href":"https:\/\/www.mamaisonmonjardin.com\/blog\/wp-json\/wp\/v2\/types\/post"}],"author":[{"embeddable":true,"href":"https:\/\/www.mamaisonmonjardin.com\/blog\/wp-json\/wp\/v2\/users\/2"}],"replies":[{"embeddable":true,"href":"https:\/\/www.mamaisonmonjardin.com\/blog\/wp-json\/wp\/v2\/comments?post=4396"}],"version-history":[{"count":0,"href":"https:\/\/www.mamaisonmonjardin.com\/blog\/wp-json\/wp\/v2\/posts\/4396\/revisions"}],"wp:featuredmedia":[{"embeddable":true,"href":"https:\/\/www.mamaisonmonjardin.com\/blog\/wp-json\/wp\/v2\/media\/4397"}],"wp:attachment":[{"href":"https:\/\/www.mamaisonmonjardin.com\/blog\/wp-json\/wp\/v2\/media?parent=4396"}],"wp:term":[{"taxonomy":"category","embeddable":true,"href":"https:\/\/www.mamaisonmonjardin.com\/blog\/wp-json\/wp\/v2\/categories?post=4396"},{"taxonomy":"post_tag","embeddable":true,"href":"https:\/\/www.mamaisonmonjardin.com\/blog\/wp-json\/wp\/v2\/tags?post=4396"}],"curies":[{"name":"wp","href":"https:\/\/api.w.org\/{rel}","templated":true}]}}