{"id":4399,"date":"2022-01-20T06:06:19","date_gmt":"2022-01-20T05:06:19","guid":{"rendered":"https:\/\/www.mamaisonmonjardin.com\/blog\/?p=4399"},"modified":"2022-01-13T16:50:43","modified_gmt":"2022-01-13T15:50:43","slug":"abri-terrasse-pour-preparer-lete","status":"publish","type":"post","link":"https:\/\/www.mamaisonmonjardin.com\/blog\/abri-terrasse-pour-preparer-lete\/","title":{"rendered":"Abri terrasse : pour pr\u00e9parer l&rsquo;\u00e9t\u00e9 !"},"content":{"rendered":"<p style=\"text-align: justify;\"><strong>Abri terrasse&#8230; pour pr\u00e9parer l&rsquo;\u00e9t\u00e9<\/strong> : cela peut para\u00eetre \u00e9tonnant de le revendiquer en plein hiver alors que le gel s&rsquo;invite dans nos jardins tous les matins et que le froid semble figer le moindre de nos brins d&rsquo;herbe. Et pourtant, anticiper reste souvent le meilleur moyen de ne pas \u00eatre pris au d\u00e9pourvu.<!--more--><\/p>\n<p style=\"text-align: justify;\">Car, avouons-le, il serait dommage de s&rsquo;attaquer au chantier de ses am\u00e9nagements ext\u00e9rieurs au retour des beaux jours, lorsqu&rsquo;on n&rsquo;a qu&rsquo;une envie&#8230; l\u00e9zarder et profiter du soleil. Pour bien accueillir ce dernier, on ne peut donc que vous conseiller de r\u00e9fl\u00e9chir d\u00e8s maintenant \u00e0 ce que vous pouvez amender chez vous. Et cela passe peut-\u00eatre par l&rsquo;installation d&rsquo;un abri terrasse ! Et oui, ce dernier s&rsquo;impose comme une n\u00e9cessit\u00e9 dans bien des maisons, chez bien des clients. Pourquoi ? Parce qu&rsquo;il offre une formidable et qualitative alternative au traditionnel store-banne, trop contraignant. Alors&#8230; il n&rsquo;y a plus \u00e0 h\u00e9siter !<\/p>\n<h2 style=\"text-align: justify;\">L&rsquo;abri terrasse demeure l&rsquo;un des am\u00e9nagements phares de nos ext\u00e9rieurs au retour des beaux jours. Pourquoi ? \u00c9l\u00e9ments d&rsquo;explications.<\/h2>\n<p style=\"text-align: justify;\"><span style=\"color: #ff9900;\"><a style=\"color: #ff9900;\" href=\"https:\/\/www.mamaisonmonjardin.com\/211-abri-terrasse\" target=\"_blank\" rel=\"noopener\">L&rsquo;abri terrasse<\/a><\/span>, chez Ma Maison Mon Jardin, prend g\u00e9n\u00e9ralement une forme simple : il s&rsquo;agit d&rsquo;un toit, mont\u00e9 sur un ensemble de poteaux ou de pieds, qui vient se fixer dans la fa\u00e7ade de la maison, s&rsquo;y adosser, s&rsquo;y accoler. Ce toit couvre ce faisant les abords de<strong> la maison. Et se positionne traditionnellement au-dessus de la terrasse<\/strong>, bien que rien ne vous contraigne dans le choix de vos emplacements. Cet abri revendique une esth\u00e9tique travaill\u00e9e et s\u00e9duisante, afin de s&rsquo;int\u00e9grer correctement \u00e0 ces environnements pens\u00e9s pour le plaisir et la d\u00e9tente.<\/p>\n<h3 style=\"text-align: justify;\">L&rsquo;abri terrasse, pour remplacer le store banne ou le traditionnel parasol<\/h3>\n<p style=\"text-align: justify;\">Lorsqu&rsquo;on a une terrasse, arrive forc\u00e9ment le moment o\u00f9 l&rsquo;on doit r\u00e9fl\u00e9chir \u00e0 la fa\u00e7on dont on peut la pr\u00e9server du soleil. Pour une raison tr\u00e8s simple : si l&rsquo;on appr\u00e9cie les rayons ultraviolets lorsqu&rsquo;on s&rsquo;offre une s\u00e9ance de bronzage, ceux-ci se montrent particuli\u00e8rement inconfortables lorsqu&rsquo;on d\u00e9jeune \u00e0 table, voire lorsqu&rsquo;on veut s&rsquo;offrir une petite sieste au bon air. Une maison blanche, une exposition au sud, et vous constaterez vite \u00e0 quel point une protection s&rsquo;av\u00e8re n\u00e9cessaire ! Celle-ci prend souvent deux formes pour commencer : le parasol, int\u00e9ressant en ce qu&rsquo;il est l&rsquo;investissement le plus rapide et le plus accessible ; et le store banne. <strong>Le parasol, qu&rsquo;il soit droit ou d\u00e9port\u00e9, garde d&rsquo;ailleurs toute sa l\u00e9gitimit\u00e9 dans un jardin<\/strong> ou au bord d&rsquo;une piscine : il offre une ombre mobile forc\u00e9ment appr\u00e9ciable. En revanche, le store-banne pose un souci technique. Car si, oui, il permet d&rsquo;abriter une bonne portion de votre terrasse, il ne peut g\u00e9n\u00e9ralement pas \u00eatre d\u00e9ploy\u00e9 lorsque le vent souffle trop fort.&nbsp;<\/p>\n<p style=\"text-align: justify;\">Un probl\u00e8me ! Car, en journ\u00e9e, il \u00e9vite aussi que le soleil ne frappe directement vos baies vitr\u00e9es et vos fen\u00eatres&#8230; S&rsquo;il devient inutilisable \u00e0 la moindre bourrasque un peu forte, il vaut peut-\u00eatre mieux envisager une solution plus permanente.<\/p>\n<p style=\"text-align: justify;\"><strong>Cette derni\u00e8re se nomme donc abri terrasse.<\/strong> Un abri qui prend appui contre la fa\u00e7ade de la maison, d\u00e9ployant sa structure bois, alu ou acier et sa couverture adapt\u00e9e.&nbsp;<\/p>\n<figure id=\"attachment_4405\" aria-describedby=\"caption-attachment-4405\" style=\"width: 594px\" class=\"wp-caption aligncenter\"><a href=\"https:\/\/www.mamaisonmonjardin.com\/211-abri-terrasse\"><img decoding=\"async\" loading=\"lazy\" class=\"wp-image-4405 size-full\" style=\"border: 1px solid #000000;\" src=\"https:\/\/www.mamaisonmonjardin.com\/blog\/wp-content\/uploads\/2022\/01\/abri-terrasse-adosse.jpg\" alt=\"abri terrasse bois\" width=\"594\" height=\"429\" srcset=\"https:\/\/www.mamaisonmonjardin.com\/blog\/wp\/wp-content\/uploads\/2022\/01\/abri-terrasse-adosse.jpg 594w, https:\/\/www.mamaisonmonjardin.com\/blog\/wp\/wp-content\/uploads\/2022\/01\/abri-terrasse-adosse-300x217.jpg 300w\" sizes=\"(max-width: 594px) 100vw, 594px\" \/><\/a><figcaption id=\"caption-attachment-4405\" class=\"wp-caption-text\">Cet abri terrasse en bois est disponible sous la r\u00e9f\u00e9rence ID2165 sur notre site. Con\u00e7u en bois massif lamell\u00e9 coll\u00e9, il abrite 16 m\u00b2 sous sa couverture en polycarbonate alv\u00e9olaire trait\u00e9e anti UV.<\/figcaption><\/figure>\n<h3 style=\"text-align: justify;\">Les atouts du toit pour la terrasse<\/h3>\n<p style=\"text-align: justify;\">Ils sont nombreux, mais le premier d&rsquo;entre eux, la raison pour laquelle on s&rsquo;oriente vers un abri plut\u00f4t que vers une solution souple, c&rsquo;est la r\u00e9sistance. Qu&rsquo;il soit en bois, en acier galvanis\u00e9, en aluminium,<strong> l&rsquo;abri terrasse s&rsquo;ancre au sol dans le b\u00e9ton et dans la fa\u00e7ade de la maison<\/strong>. R\u00e9sultat : le vent n&rsquo;est plus un souci. Quelle que soit la m\u00e9t\u00e9o, votre protection est en place, potentiellement utilisable. La permanence de l&rsquo;installation vous ennuie ? Optez pour un abri terrasse avec une couverture r\u00e9tractable ou un syst\u00e8me bioclimatique. Vous pourrez passer, au choix, d&rsquo;une configuration tonnelle ouverte \u00e0 une autre terrasse couverte.&nbsp;<\/p>\n<h4 style=\"text-align: justify;\">Un ajout design \u00e0 la maison<\/h4>\n<p style=\"text-align: justify;\">Mais ce n&rsquo;est pas tout : <strong>l&rsquo;abri terrasse est pens\u00e9 et con\u00e7u pour s&rsquo;int\u00e9grer \u00e0 la maison<\/strong>, en formant comme une excroissance naturelle. Son look, son design, sa silhouette sont \u00e9videmment travaill\u00e9s et ouvrag\u00e9s afin de valoriser l&rsquo;ensemble de votre propri\u00e9t\u00e9. Rien \u00e0 voir avec le store dont la toile finit invariablement par se noircir \u00e0 force d&rsquo;intemp\u00e9ries ! Certains ouvrages de toits terrasse revendiquent m\u00eame un positionnement r\u00e9solument design &#8211; et certains des mod\u00e8les que nous vous proposons ont, d&rsquo;ailleurs, \u00e9t\u00e9 prim\u00e9s sur ce point-l\u00e0. Se pr\u00e9server des UV et valoriser sa propri\u00e9t\u00e9&#8230; Quand on peut faire les deux \u00e0 la fois, pourquoi s&rsquo;en priver !<\/p>\n<figure id=\"attachment_4407\" aria-describedby=\"caption-attachment-4407\" style=\"width: 590px\" class=\"wp-caption aligncenter\"><a href=\"https:\/\/www.mamaisonmonjardin.com\/211-abri-terrasse\"><img decoding=\"async\" loading=\"lazy\" class=\"wp-image-4407 size-full\" style=\"border: 1px solid #000000;\" src=\"https:\/\/www.mamaisonmonjardin.com\/blog\/wp-content\/uploads\/2022\/01\/abri-terrasse-bioclimatique.jpg\" alt=\"abri terrasse alu bioclimatique\" width=\"590\" height=\"428\" srcset=\"https:\/\/www.mamaisonmonjardin.com\/blog\/wp\/wp-content\/uploads\/2022\/01\/abri-terrasse-bioclimatique.jpg 590w, https:\/\/www.mamaisonmonjardin.com\/blog\/wp\/wp-content\/uploads\/2022\/01\/abri-terrasse-bioclimatique-300x218.jpg 300w\" sizes=\"(max-width: 590px) 100vw, 590px\" \/><\/a><figcaption id=\"caption-attachment-4407\" class=\"wp-caption-text\">Ce superbe abri terrasse bioclimatique est disponible sous la r\u00e9f\u00e9rence ID2476. Design tout autant que pratique et fonctionnel, il participe pleinement \u00e0 la valorisation de votre maison et de son ext\u00e9rieur.<\/figcaption><\/figure>\n<h4 style=\"text-align: justify;\">Des options pour personnaliser son abri adoss\u00e9<\/h4>\n<p style=\"text-align: justify;\">Avec, en outre, un aspect tr\u00e8s appr\u00e9ci\u00e9 de nos clients : parmi les structures que nous proposons, nombreuses sont celles qui proposent des d\u00e9clinaisons et des options pour accro\u00eetre encore plus les fonctionnalit\u00e9s possibles. Il y a ainsi l&rsquo;abri terrasse dont les poteaux s&rsquo;ajustent en largeur et en hauteur, ce qui permet de travailler l&rsquo;implantation du kit et de l&rsquo;adapter aux sp\u00e9cificit\u00e9s de son environnement. <strong>Il y a le toit r\u00e9tractable ou bioclimatique<\/strong>, qui s&rsquo;ouvre et se ferme \u00e0 l&rsquo;envie, en fonction de l&rsquo;ensoleillement souhait\u00e9. Celui qui propose l&rsquo;ajout de stores lat\u00e9raux pour offrir une protection suppl\u00e9mentaire, contre le vent et les regards indiscrets&nbsp; notamment. Voire l&rsquo;abri qui peut se transformer en quasi-v\u00e9randa en fonction de la situation !<\/p>\n<p style=\"text-align: justify;\">Un am\u00e9nagement de tr\u00e8s haut-niveau, c&rsquo;est l&rsquo;\u00e9vidence !<\/p>\n","protected":false},"excerpt":{"rendered":"<p>Abri terrasse&#8230; pour pr\u00e9parer l&rsquo;\u00e9t\u00e9 : cela peut para\u00eetre \u00e9tonnant de le revendiquer en plein hiver alors que le gel s&rsquo;invite dans nos jardins tous les matins et que le froid semble figer le moindre [&hellip;]<\/p>\n","protected":false},"author":2,"featured_media":4409,"comment_status":"open","ping_status":"closed","sticky":false,"template":"","format":"standard","meta":{"ngg_post_thumbnail":0},"categories":[9],"tags":[],"_links":{"self":[{"href":"https:\/\/www.mamaisonmonjardin.com\/blog\/wp-json\/wp\/v2\/posts\/4399"}],"collection":[{"href":"https:\/\/www.mamaisonmonjardin.com\/blog\/wp-json\/wp\/v2\/posts"}],"about":[{"href":"https:\/\/www.mamaisonmonjardin.com\/blog\/wp-json\/wp\/v2\/types\/post"}],"author":[{"embeddable":true,"href":"https:\/\/www.mamaisonmonjardin.com\/blog\/wp-json\/wp\/v2\/users\/2"}],"replies":[{"embeddable":true,"href":"https:\/\/www.mamaisonmonjardin.com\/blog\/wp-json\/wp\/v2\/comments?post=4399"}],"version-history":[{"count":0,"href":"https:\/\/www.mamaisonmonjardin.com\/blog\/wp-json\/wp\/v2\/posts\/4399\/revisions"}],"wp:featuredmedia":[{"embeddable":true,"href":"https:\/\/www.mamaisonmonjardin.com\/blog\/wp-json\/wp\/v2\/media\/4409"}],"wp:attachment":[{"href":"https:\/\/www.mamaisonmonjardin.com\/blog\/wp-json\/wp\/v2\/media?parent=4399"}],"wp:term":[{"taxonomy":"category","embeddable":true,"href":"https:\/\/www.mamaisonmonjardin.com\/blog\/wp-json\/wp\/v2\/categories?post=4399"},{"taxonomy":"post_tag","embeddable":true,"href":"https:\/\/www.mamaisonmonjardin.com\/blog\/wp-json\/wp\/v2\/tags?post=4399"}],"curies":[{"name":"wp","href":"https:\/\/api.w.org\/{rel}","templated":true}]}}