{"id":4410,"date":"2022-01-20T12:37:03","date_gmt":"2022-01-20T11:37:03","guid":{"rendered":"https:\/\/www.mamaisonmonjardin.com\/blog\/?p=4410"},"modified":"2022-01-20T12:41:40","modified_gmt":"2022-01-20T11:41:40","slug":"focus-produit-le-bureau-de-jardin-design-avec-terrasse","status":"publish","type":"post","link":"https:\/\/www.mamaisonmonjardin.com\/blog\/focus-produit-le-bureau-de-jardin-design-avec-terrasse\/","title":{"rendered":"Focus produit : le bureau de jardin design avec terrasse"},"content":{"rendered":"<p style=\"text-align: justify;\"><strong>Aujourd&rsquo;hui, partons \u00e0 la d\u00e9couverte du&#8230; bureau de jardin design avec terrasse !<\/strong> Car il se d\u00e9couvre, ce chalet design \u00e9tonnant par ses lignes \u00e9pur\u00e9es et son look affirm\u00e9. Impossible de ne pas \u00eatre s\u00e9duit, d&rsquo;autant que son utilit\u00e9 s&rsquo;inscrit plus que jamais dans l&rsquo;air du temps !<!--more--><\/p>\n<p style=\"text-align: justify;\">Il y a ce massif parall\u00e9l\u00e9pip\u00e8de avec ses imposantes planches de rives qui participent \u00e0 l&rsquo;effet esth\u00e9tique en masquant les goutti\u00e8res et la toiture. Il y a cette terrasse ombrag\u00e9e par de superbes claires-voies, qui laisse supposer de belles heures &#8211; de travail, \u00e9videmment &#8211; au soleil. Et il y a cette installation qui, dans son ensemble, valorise un jardin, une maison, une propri\u00e9t\u00e9 en offrant de nouvelles perspectives \u00e0 son propri\u00e9taire.&nbsp;<\/p>\n<p style=\"text-align: justify;\">Voil\u00e0 de quoi imaginer de belles choses en sa compagnie !<\/p>\n<h2 style=\"text-align: justify;\">Bureau de jardin design avec terrasse : le chalet bois \u00e0 investir pour r\u00e9inventer le home office. Quand t\u00e9l\u00e9travailler devient r\u00e9ellement un plaisir !<\/h2>\n<p style=\"text-align: justify;\">Ce bureau de jardin design avec terrasse, r\u00e9f\u00e9rence ID2677, fait partie <span style=\"color: #ff9900;\"><a style=\"color: #ff9900;\" href=\"https:\/\/www.mamaisonmonjardin.com\/309-bureau-de-jardin-design\" target=\"_blank\" rel=\"noopener\">de notre gamme bureau de jardin design<\/a><\/span>, qui rassemble des chalets en kit de haut standing, dont l&rsquo;esth\u00e9tique est sp\u00e9cifiquement travaill\u00e9e. Prestations haut de gamme, environnement incomparable et finitions offrant le meilleur des conforts : voil\u00e0 de quoi donner envie de t\u00e9l\u00e9travailler ou de d\u00e9couvrir le <em>home office<\/em>.<\/p>\n<h3 style=\"text-align: justify;\">Le kit : un bureau de jardin design avec terrasse ombrag\u00e9e et baies vitr\u00e9es<\/h3>\n<p style=\"text-align: justify;\"><strong>Ce qui se d\u00e9gage de ce bureau de jardin design avec terrasse<\/strong>, de prime abord&#8230; C&rsquo;est un sentiment d&rsquo;ouverture, d&rsquo;espace et de lumi\u00e8re. Un effet renforc\u00e9, d&rsquo;une part, par les vastes baies vitr\u00e9es dont il est \u00e9quip\u00e9 ; d&rsquo;autre part, par cette couverture de terrasse qui donne le sentiment d&rsquo;\u00eatre \u00e0 et dans l&rsquo;abri tout en n&rsquo;y \u00e9tant plus&#8230; Cette terrasse, elle fait environ 15 m\u00b2, ce qui laisse la possibilit\u00e9 d&rsquo;y disposer une table de travail ext\u00e9rieure et des fauteuils suffisamment confortables. Un bon moyen de s&rsquo;offrir une ambiance, une atmosph\u00e8re, un environnement de t\u00e9l\u00e9travail un tantinet diff\u00e9rent de celui que l&rsquo;on a au bureau ! A l&rsquo;int\u00e9rieur, ce sont 13 m\u00b2 \u00e0 investir avec pr\u00e8s de 6,5 m de baies ouvrant vers le jardin.&nbsp;<\/p>\n<figure id=\"attachment_4411\" aria-describedby=\"caption-attachment-4411\" style=\"width: 595px\" class=\"wp-caption aligncenter\"><a href=\"https:\/\/www.mamaisonmonjardin.com\/309-bureau-de-jardin-design\"><img decoding=\"async\" loading=\"lazy\" class=\"wp-image-4411 size-full\" style=\"border: 1px solid #000000;\" src=\"https:\/\/www.mamaisonmonjardin.com\/blog\/wp-content\/uploads\/2022\/01\/bureau-de-jardin-design-avec-terrasse-2677.jpg\" alt=\"bureau de jardin design avec terrasse\" width=\"595\" height=\"403\" srcset=\"https:\/\/www.mamaisonmonjardin.com\/blog\/wp\/wp-content\/uploads\/2022\/01\/bureau-de-jardin-design-avec-terrasse-2677.jpg 595w, https:\/\/www.mamaisonmonjardin.com\/blog\/wp\/wp-content\/uploads\/2022\/01\/bureau-de-jardin-design-avec-terrasse-2677-300x203.jpg 300w\" sizes=\"(max-width: 595px) 100vw, 595px\" \/><\/a><figcaption id=\"caption-attachment-4411\" class=\"wp-caption-text\">R\u00e9f\u00e9rence ID2677 : un bureau de jardin d&rsquo;exception, formidablement agr\u00e9able gr\u00e2ce \u00e0 ses baies vitr\u00e9es et \u00e0 sa tonnelle de terrasse ombrag\u00e9e.<\/figcaption><\/figure>\n<h4>Les vastes baies vitr\u00e9es en verre securit<\/h4>\n<p style=\"text-align: justify;\">C&rsquo;est l&rsquo;une des particularit\u00e9s de ce bureau : <strong>les baies vitr\u00e9es offrent une lumi\u00e8re naturelle maximale<\/strong>. En r\u00e9fl\u00e9chissant soigneusement \u00e0 l&rsquo;exposition de son chalet, il est possible d&rsquo;en maximiser l&rsquo;effet, que ce soit sur la luminosit\u00e9 ou sur la chaleur \u00e0 l&rsquo;int\u00e9rieur. Nanties de cadres en aluminium couleur anthracite avec rails soutenant trois et cinq panneaux de 82 cm en verre s\u00e9curit tremp\u00e9 et poli de 10 mm d&rsquo;\u00e9paisseur, elles assurent un niveau de qualit\u00e9 v\u00e9ritablement sup\u00e9rieur. Pour une isolation et une s\u00e9curit\u00e9 optimales !&nbsp;<\/p>\n<h4>Une couverture en EPDM<\/h4>\n<p style=\"text-align: justify;\">La couverture en EPDM et la tr\u00e8s l\u00e9g\u00e8re pente du toit garantissent, l\u00e0 aussi, une belle tranquillit\u00e9 d&rsquo;esprit. L&rsquo;\u00e9vacuation des eaux se fait sans souci et l&rsquo;entretien reste minimaliste. Le tout profite d&rsquo;une dur\u00e9e de vie maximale : r\u00e9sistant aux ultraviolets ou aux pluies acides, <strong>l&rsquo;EPDM est r\u00e9put\u00e9 pour tenir au moins une cinquantaine d&rsquo;ann\u00e9es<\/strong>, m\u00eame si l&rsquo;on manque encore de recul sur sa long\u00e9vit\u00e9&#8230; Autant dire que, s&rsquo;il faut toujours se soucier de l&rsquo;\u00e9tat de ses madriers dans le cas d&rsquo;un bureau en bois, l&rsquo;on n&rsquo;a pas besoin de s&rsquo;interroger outre mesure quant \u00e0 celui de sa couverture lorsqu&rsquo;elle est con\u00e7ue dans ce mat\u00e9riau !&nbsp;<\/p>\n<h4>Des madriers, essentiels pour un chalet bois<\/h4>\n<p style=\"text-align: justify;\">Oui, <strong>car notre bureau design est con\u00e7u en bois<\/strong>. D&rsquo;\u00e9pais madriers brut en pin nordique, dont la fabrication est certifi\u00e9e KOMO, un v\u00e9ritable gage de qualit\u00e9. Ces madriers sont disponibles en format 33, 45 ou 56 mm, selon l&rsquo;\u00e9paisseur que l&rsquo;on souhaite. Avec un \u00e9l\u00e9ment \u00e0 garder \u00e0 l&rsquo;esprit : plus ils sont \u00e9pais, plus l&rsquo;isolation thermique \u00e0 l&rsquo;int\u00e9rieur est bonne. Sans que cela ne vous \u00e9vite d&rsquo;avoir \u00e0 compl\u00e9ter l&rsquo;isolation si vous souhaitez travailler dans le bureau en plein hiver : un radiateur, des isolants compl\u00e9mentaires&#8230; Des consid\u00e9rations qui, n\u00e9anmoins, d\u00e9pendent forc\u00e9ment de votre localisation g\u00e9ographique. Et du climat que vous rencontrez au quotidien !<\/p>\n<h3 style=\"text-align: justify;\">Le potentiel : un espace de t\u00e9l\u00e9travail&#8230; ou le futur salon de votre jardin ?<\/h3>\n<p style=\"text-align: justify;\">Pour l&rsquo;am\u00e9nagement d&rsquo;un bureau de jardin, <strong>ce chalet bois design s&rsquo;impose comme un formidable choix<\/strong>. A qui s&rsquo;adresse-t-il ? D\u00e9j\u00e0, \u00e0 ceux qui ont un important rythme de t\u00e9l\u00e9travail. Ceux qui sont certains d&rsquo;\u00eatre en <em>home office<\/em> plusieurs jours dans la semaine&#8230; parfois m\u00eame le week-end. Cela peut \u00eatre des salari\u00e9s ou des ind\u00e9pendants : une chose est s\u00fbre, il faut avoir en t\u00eate d&rsquo;y passer du temps. Car c&rsquo;est ce temps qui appelle ou non un confort n\u00e9cessaire, le confort qui permettra d&rsquo;\u00eatre efficace et performant sur le plan professionnel. Attention : ce bureau n&rsquo;a qu&rsquo;une unique pi\u00e8ce ; on y travaillera donc en solo ou \u00e0 deux. Pour un espace r\u00e9clamant d&rsquo;accueillir du public ou des clients, il faudra plut\u00f4t privil\u00e9gier un bureau deux ou trois pi\u00e8ces.&nbsp;<\/p>\n<figure id=\"attachment_4412\" aria-describedby=\"caption-attachment-4412\" style=\"width: 597px\" class=\"wp-caption aligncenter\"><a href=\"https:\/\/www.mamaisonmonjardin.com\/309-bureau-de-jardin-design\"><img decoding=\"async\" loading=\"lazy\" class=\"wp-image-4412 size-full\" style=\"border: 1px solid #000000;\" src=\"https:\/\/www.mamaisonmonjardin.com\/blog\/wp-content\/uploads\/2022\/01\/bureau-de-jardin-design-avec-terrasse-2677-2.jpg\" alt=\"chalet de jardin bois\" width=\"597\" height=\"303\" srcset=\"https:\/\/www.mamaisonmonjardin.com\/blog\/wp\/wp-content\/uploads\/2022\/01\/bureau-de-jardin-design-avec-terrasse-2677-2.jpg 597w, https:\/\/www.mamaisonmonjardin.com\/blog\/wp\/wp-content\/uploads\/2022\/01\/bureau-de-jardin-design-avec-terrasse-2677-2-300x152.jpg 300w\" sizes=\"(max-width: 597px) 100vw, 597px\" \/><\/a><figcaption id=\"caption-attachment-4412\" class=\"wp-caption-text\">Ce mod\u00e8le de chalet bois (ID2677 sur notre site) exploite le meilleur de ses mat\u00e9riaux. Sa couverture en EPDM notamment, appliqu\u00e9e sur une l\u00e9g\u00e8re pente de toit, qui garantit une tr\u00e8s longue dur\u00e9e de vie !<\/figcaption><\/figure>\n<h4>Un pari forc\u00e9ment gagnant<\/h4>\n<p style=\"text-align: justify;\">Ce que l&rsquo;on appr\u00e9cie tout particuli\u00e8rement dans ce mod\u00e8le, c&rsquo;est qu&rsquo;il constitue un am\u00e9nagement permanent qui n&rsquo;a pas \u00e0 \u00eatre d\u00e9di\u00e9 \u00e0 une unique activit\u00e9. L&rsquo;on prend ainsi peu de risque \u00e0 l&rsquo;installer chez soi. En effet, si le t\u00e9l\u00e9travail ne s&rsquo;impose plus pour des raisons contextuelles ou de trajectoires professionnelles, il suffira de l&rsquo;am\u00e9nager en salon de jardin pour en tirer le meilleur des partis. <strong>Salon d&rsquo;\u00e9t\u00e9, poolhouse&#8230;<\/strong> Son esth\u00e9tique, son design participent \u00e0 ses particularit\u00e9s. Et contribuent \u00e0 cr\u00e9er un environnement de travail favorable, dans lequel on se sent bien et qui inspire. Mais l&rsquo;un comme l&rsquo;autre offre tout autant de bonheur lorsqu&rsquo;ils sont \u00e0 l&rsquo;origine d&rsquo;un espace de d\u00e9tente et de r\u00e9ception, de chaleur tout simplement&#8230;&nbsp;<\/p>\n<p style=\"text-align: justify;\">Pariez sur l&rsquo;avenir !<\/p>\n","protected":false},"excerpt":{"rendered":"<p>Aujourd&rsquo;hui, partons \u00e0 la d\u00e9couverte du&#8230; bureau de jardin design avec terrasse ! Car il se d\u00e9couvre, ce chalet design \u00e9tonnant par ses lignes \u00e9pur\u00e9es et son look affirm\u00e9. Impossible de ne pas \u00eatre s\u00e9duit, [&hellip;]<\/p>\n","protected":false},"author":2,"featured_media":4413,"comment_status":"open","ping_status":"closed","sticky":false,"template":"","format":"standard","meta":{"ngg_post_thumbnail":0},"categories":[9],"tags":[],"_links":{"self":[{"href":"https:\/\/www.mamaisonmonjardin.com\/blog\/wp-json\/wp\/v2\/posts\/4410"}],"collection":[{"href":"https:\/\/www.mamaisonmonjardin.com\/blog\/wp-json\/wp\/v2\/posts"}],"about":[{"href":"https:\/\/www.mamaisonmonjardin.com\/blog\/wp-json\/wp\/v2\/types\/post"}],"author":[{"embeddable":true,"href":"https:\/\/www.mamaisonmonjardin.com\/blog\/wp-json\/wp\/v2\/users\/2"}],"replies":[{"embeddable":true,"href":"https:\/\/www.mamaisonmonjardin.com\/blog\/wp-json\/wp\/v2\/comments?post=4410"}],"version-history":[{"count":0,"href":"https:\/\/www.mamaisonmonjardin.com\/blog\/wp-json\/wp\/v2\/posts\/4410\/revisions"}],"wp:featuredmedia":[{"embeddable":true,"href":"https:\/\/www.mamaisonmonjardin.com\/blog\/wp-json\/wp\/v2\/media\/4413"}],"wp:attachment":[{"href":"https:\/\/www.mamaisonmonjardin.com\/blog\/wp-json\/wp\/v2\/media?parent=4410"}],"wp:term":[{"taxonomy":"category","embeddable":true,"href":"https:\/\/www.mamaisonmonjardin.com\/blog\/wp-json\/wp\/v2\/categories?post=4410"},{"taxonomy":"post_tag","embeddable":true,"href":"https:\/\/www.mamaisonmonjardin.com\/blog\/wp-json\/wp\/v2\/tags?post=4410"}],"curies":[{"name":"wp","href":"https:\/\/api.w.org\/{rel}","templated":true}]}}