{"id":4482,"date":"2022-03-28T06:06:16","date_gmt":"2022-03-28T04:06:16","guid":{"rendered":"https:\/\/www.mamaisonmonjardin.com\/blog\/?p=4482"},"modified":"2022-03-11T19:53:30","modified_gmt":"2022-03-11T18:53:30","slug":"garage-metal-et-urban-week-galerie-photos","status":"publish","type":"post","link":"https:\/\/www.mamaisonmonjardin.com\/blog\/garage-metal-et-urban-week-galerie-photos\/","title":{"rendered":"Garage m\u00e9tal et Urban Week : l&rsquo;\u00e9v\u00e9nement en chiffres et en photos"},"content":{"rendered":"<p style=\"text-align: justify;\">On vous en a d\u00e9j\u00e0 parl\u00e9 : Ma Maison Mon Jardin a fourni<span style=\"color: #ff9900;\"><a style=\"color: #ff9900;\" href=\"https:\/\/www.mamaisonmonjardin.com\/blog\/urban-week-a-paris-la-defense-labri-metallique-dans-un-festival-de-street-culture\/\" target=\"_blank\" rel=\"noopener\"> au festival Urban Week de Paris-La D\u00e9fense<\/a><\/span> son fameux <strong>garage m\u00e9tal au montage ultra-rapide<\/strong>. Des abris m\u00e9talliques qui ont ensuite servi \u00e0 accueillir les diff\u00e9rents exposants de la manifestation.&nbsp;<!--more--><\/p>\n<p style=\"text-align: justify;\">Ce festival s&rsquo;est d\u00e9roul\u00e9 au mois de septembre 2021, du 22 au 26. Ma Maison Mon Jardin avait \u00e9t\u00e9 sollicit\u00e9 pour ces structures m\u00e9talliques bien sp\u00e9cifiques, pens\u00e9es pour leur facilit\u00e9 d&rsquo;installation. Des structures qui devaient contribuer \u00e0 l&rsquo;ambiance urbaine, brute et industrielle de ce festival de <em>street culture<\/em>.&nbsp;<\/p>\n<h2 style=\"text-align: justify;\">Retour en images et en chiffres sur le festival Urban Week 2021 de Paris-La D\u00e9fense, o\u00f9 le garage m\u00e9tal montage rapide de Ma Maison Mon Jardin a \u00e9t\u00e9 utilis\u00e9 pour accueillir les stands des exposants.<\/h2>\n<p style=\"text-align: justify;\">D\u00e9couvrez nos diff\u00e9rentes d\u00e9clinaisons de <span style=\"color: #ff9900;\"><a style=\"color: #ff9900;\" href=\"https:\/\/www.mamaisonmonjardin.com\/49-garage-metal\" target=\"_blank\" rel=\"noopener\">ce garage m\u00e9tal montage rapide<\/a><\/span>, un garage id\u00e9al pour les professionnels puisqu&rsquo;il leur permet de monter et d\u00e9monter rapidement les divers stands. Et de les stocker ensuite en vue de la prochaine manifestation ! Pour les particuliers, ces abris garages sont forc\u00e9ment appr\u00e9ci\u00e9s pour ce temps de montage tr\u00e8s r\u00e9duit, une demi-heure montre en main. Et l&rsquo;autonomie de leurs structures en acier galvanis\u00e9 !<\/p>\n","protected":false},"excerpt":{"rendered":"<p>On vous en a d\u00e9j\u00e0 parl\u00e9 : Ma Maison Mon Jardin a fourni au festival Urban Week de Paris-La D\u00e9fense son fameux garage m\u00e9tal au montage ultra-rapide. Des abris m\u00e9talliques qui ont ensuite servi \u00e0 [&hellip;]<\/p>\n","protected":false},"author":2,"featured_media":4484,"comment_status":"open","ping_status":"closed","sticky":false,"template":"","format":"standard","meta":{"ngg_post_thumbnail":0},"categories":[23],"tags":[],"_links":{"self":[{"href":"https:\/\/www.mamaisonmonjardin.com\/blog\/wp-json\/wp\/v2\/posts\/4482"}],"collection":[{"href":"https:\/\/www.mamaisonmonjardin.com\/blog\/wp-json\/wp\/v2\/posts"}],"about":[{"href":"https:\/\/www.mamaisonmonjardin.com\/blog\/wp-json\/wp\/v2\/types\/post"}],"author":[{"embeddable":true,"href":"https:\/\/www.mamaisonmonjardin.com\/blog\/wp-json\/wp\/v2\/users\/2"}],"replies":[{"embeddable":true,"href":"https:\/\/www.mamaisonmonjardin.com\/blog\/wp-json\/wp\/v2\/comments?post=4482"}],"version-history":[{"count":0,"href":"https:\/\/www.mamaisonmonjardin.com\/blog\/wp-json\/wp\/v2\/posts\/4482\/revisions"}],"wp:featuredmedia":[{"embeddable":true,"href":"https:\/\/www.mamaisonmonjardin.com\/blog\/wp-json\/wp\/v2\/media\/4484"}],"wp:attachment":[{"href":"https:\/\/www.mamaisonmonjardin.com\/blog\/wp-json\/wp\/v2\/media?parent=4482"}],"wp:term":[{"taxonomy":"category","embeddable":true,"href":"https:\/\/www.mamaisonmonjardin.com\/blog\/wp-json\/wp\/v2\/categories?post=4482"},{"taxonomy":"post_tag","embeddable":true,"href":"https:\/\/www.mamaisonmonjardin.com\/blog\/wp-json\/wp\/v2\/tags?post=4482"}],"curies":[{"name":"wp","href":"https:\/\/api.w.org\/{rel}","templated":true}]}}