{"id":4502,"date":"2022-03-30T18:15:07","date_gmt":"2022-03-30T16:15:07","guid":{"rendered":"https:\/\/www.mamaisonmonjardin.com\/blog\/?p=4502"},"modified":"2022-03-30T18:19:53","modified_gmt":"2022-03-30T16:19:53","slug":"abri-jardin-metal-un-petit-volume-pour-de-petits-besoins","status":"publish","type":"post","link":"https:\/\/www.mamaisonmonjardin.com\/blog\/abri-jardin-metal-un-petit-volume-pour-de-petits-besoins\/","title":{"rendered":"Abri jardin m\u00e9tal : un petit volume pour de petits besoins"},"content":{"rendered":"<p style=\"text-align: justify;\">Il est peut-\u00eatre le parfait compl\u00e9ment de votre ext\u00e9rieur ! <strong>Cet abri jardin m\u00e9tal avec skylight<\/strong> offre un petit volume de stockage, id\u00e9al pour les petits besoins. Lorsqu&rsquo;on n&rsquo;a pas un grand ext\u00e9rieur, il faut trouver de quoi s&rsquo;\u00e9quiper !<!--more--><\/p>\n<p style=\"text-align: justify;\">Car on a toujours du mobilier ext\u00e9rieur \u00e0 ranger durant l&rsquo;hiver ; des v\u00e9los \u00e0 entreposer, que l&rsquo;on va ressortir au printemps ; du mat\u00e9riel pour entretenir son terrain, sa terrasse, ses menuiseries ; des jeux et des produits \u00e0 destination d&rsquo;une \u00e9ventuelle piscine&#8230; Bref, lorsqu&rsquo;on vit en maison, la cabane de rangement est presque une n\u00e9cessit\u00e9. S&rsquo;\u00e9quiper d&rsquo;un mod\u00e8le correctement dimensionn\u00e9 s&rsquo;impose ainsi comme une priorit\u00e9, une fois que l&rsquo;int\u00e9rieur de son habitation correspond \u00e0 ce qu&rsquo;on en attend.<\/p>\n<h2 style=\"text-align: justify;\">Le bon dimensionnement de son cabanon de rangement par rapport \u00e0 ses besoins est important. C&rsquo;est la raison pour laquelle Ma Maison Mon Jardin vous propose cet abri jardin m\u00e9tal de moins de 5 m\u00b2.<\/h2>\n<p style=\"text-align: justify;\">Notre <span style=\"color: #ff9900;\"><a style=\"color: #ff9900;\" href=\"https:\/\/www.mamaisonmonjardin.com\/200-abri-jardin-metal\" target=\"_blank\" rel=\"noopener\">abri jardin m\u00e9tal<\/a><\/span> de moins de 5 m\u00b2 du jour est un mod\u00e8le disponible sous la r\u00e9f\u00e9rence ID919. Ses panneaux en acier galvanis\u00e9 ne craignent pas grand-chose des intemp\u00e9ries. Et il est \u00e9quip\u00e9 d&rsquo;un astucieux skylight qui permet de maximiser la luminosit\u00e9 naturelle \u00e0 l&rsquo;int\u00e9rieur. Pratique \u00e0 l&rsquo;usage, croyez-nous !<\/p>\n<h3 style=\"text-align: justify;\">Moins de 5 m\u00b2 : un dimensionnement tr\u00e8s pratique pour un abri jardin m\u00e9tal<\/h3>\n<p style=\"text-align: justify;\">On a souvent tendance \u00e0 se laisser griser par les surfaces et les volumes des plus beaux et vastes chalets de jardin. Mais il ne faut pas sous-estimer l&rsquo;int\u00e9r\u00eat des petites structures. Surtout, si vous n&rsquo;avez pas un grand ext\u00e9rieur, mieux vaut vous \u00e9quiper d&rsquo;un petit mod\u00e8le, qui n&rsquo;occupera qu&rsquo;une place tr\u00e8s limit\u00e9e au sol et se glissera facilement o\u00f9 vous le souhaitez. D&rsquo;autant <strong>qu&rsquo;en optant pour un abri jardin m\u00e9tal comme celui que nous vous pr\u00e9sentons aujourd&rsquo;hui<\/strong> (ID919), vous vous d\u00e9barrassez de la question des autorisations. En effet, en-dessous de moins de 5 m\u00b2 de surface de plancher ou d&#8217;emprise au sol,<span style=\"color: #ff9900;\"><a style=\"color: #ff9900;\" href=\"https:\/\/www.mamaisonmonjardin.com\/blog\/autorisations-durbanisme-faut-il-un-permis-de-construire-pour-mon-abri-de-jardin\/\" target=\"_blank\" rel=\"noopener\"> vous n&rsquo;avez besoin d&rsquo;aucune autorisation de votre Mairie<\/a><\/span> pour installer votre cabane de rangement. A une exception pr\u00e8s : si vous vous situez dans un secteur prot\u00e9g\u00e9, class\u00e9, \u00e0 proximit\u00e9 d&rsquo;un monument historique&#8230; Renseignez-vous aupr\u00e8s de votre Mairie ; mais, g\u00e9n\u00e9ralement, petite surface est synonyme de z\u00e9ro d\u00e9marche !<\/p>\n<figure id=\"attachment_4506\" aria-describedby=\"caption-attachment-4506\" style=\"width: 641px\" class=\"wp-caption aligncenter\"><a href=\"https:\/\/www.mamaisonmonjardin.com\/200-abri-jardin-metal\"><img decoding=\"async\" loading=\"lazy\" class=\"wp-image-4506 size-full\" style=\"border: 1px solid #000000;\" src=\"https:\/\/www.mamaisonmonjardin.com\/blog\/wp-content\/uploads\/2022\/03\/id-8.jpg\" alt=\"abri jardin m\u00e9tal de petite taille\" width=\"641\" height=\"572\" srcset=\"https:\/\/www.mamaisonmonjardin.com\/blog\/wp\/wp-content\/uploads\/2022\/03\/id-8.jpg 641w, https:\/\/www.mamaisonmonjardin.com\/blog\/wp\/wp-content\/uploads\/2022\/03\/id-8-300x268.jpg 300w\" sizes=\"(max-width: 641px) 100vw, 641px\" \/><\/a><figcaption id=\"caption-attachment-4506\" class=\"wp-caption-text\">R\u00e9f\u00e9rence ID919 sur Ma Maison Mon Jardin. Notez que cet abri jardin m\u00e9tal est \u00e9quip\u00e9 d&rsquo;un tr\u00e8s sympathique skylight au-dessus de ses vantaux. Parfait pour profiter d&rsquo;une belle luminosit\u00e9 int\u00e9rieure !<\/figcaption><\/figure>\n<h3 style=\"text-align: justify;\">Des fonctionnalit\u00e9s qui facilitent la vie au quotidien<\/h3>\n<p style=\"text-align: justify;\">Deux particularit\u00e9s font de ce cabanon de stockage un ajout tr\u00e8s pratique pour votre ext\u00e9rieur. La premi\u00e8re ? Il n&rsquo;est pas \u00e9quip\u00e9 d&rsquo;une porte \u00e0 battants, comme c&rsquo;est souvent le cas. Mais plut\u00f4t <strong>de deux vantaux coulissants<\/strong> qui pr\u00e9sentent un double avantage : ils s&rsquo;av\u00e8rent parfaitement adapt\u00e9s aux situations o\u00f9 la place manque, aux environnement restreints ; et ils assurent une belle largeur de passage, d&rsquo;un peu plus d&rsquo;un m\u00e8tre, qui rend les man\u0153uvres de tondeuse ou de v\u00e9los forc\u00e9ment plus pratiques !&nbsp;<\/p>\n<h4 style=\"text-align: justify;\">Le skylight, un atout lumi\u00e8re !<\/h4>\n<p style=\"text-align: justify;\">Par ailleurs, cet abri <strong>se distingue aussi par son grand skylight<\/strong>. Situ\u00e9 sur la partie sup\u00e9rieure du pignon avant, mais aussi sur les c\u00f4t\u00e9s, sous le toit monopente, il permet, gr\u00e2ce \u00e0 ses panneaux translucides, de baigner l&rsquo;int\u00e9rieur de la cabane d&rsquo;une luminosit\u00e9 agr\u00e9able et naturelle. Cela peut vous sembler anodin ; pour autant, c&rsquo;est un moyen d&rsquo;\u00e9viter d&rsquo;avoir \u00e0 tirer l&rsquo;\u00e9lectricit\u00e9 jusqu&rsquo;\u00e0 votre abri. Ou d&rsquo;utiliser une lampe torche d\u00e8s que la lumi\u00e8re baisse et que vous avez \u00e0 farfouiller \u00e0 l&rsquo;int\u00e9rieur !&nbsp;<\/p>\n<figure id=\"attachment_4507\" aria-describedby=\"caption-attachment-4507\" style=\"width: 793px\" class=\"wp-caption aligncenter\"><a href=\"https:\/\/www.mamaisonmonjardin.com\/200-abri-jardin-metal\"><img decoding=\"async\" loading=\"lazy\" class=\"wp-image-4507 size-full\" style=\"border: 1px solid #000000;\" src=\"https:\/\/www.mamaisonmonjardin.com\/blog\/wp-content\/uploads\/2022\/03\/id-7.jpg\" alt=\"Les skylights de cette cabane de rangement m\u00e9tallique\" width=\"793\" height=\"571\" srcset=\"https:\/\/www.mamaisonmonjardin.com\/blog\/wp\/wp-content\/uploads\/2022\/03\/id-7.jpg 793w, https:\/\/www.mamaisonmonjardin.com\/blog\/wp\/wp-content\/uploads\/2022\/03\/id-7-300x216.jpg 300w, https:\/\/www.mamaisonmonjardin.com\/blog\/wp\/wp-content\/uploads\/2022\/03\/id-7-768x553.jpg 768w\" sizes=\"(max-width: 793px) 100vw, 793px\" \/><\/a><figcaption id=\"caption-attachment-4507\" class=\"wp-caption-text\">Une photo qui illustre parfaitement deux des atouts de cette cabane de rangement m\u00e9tallique. D&rsquo;une part, le grand skylight sur la partie sup\u00e9rieure de l&rsquo;abri. D&rsquo;autre part, les deux vantaux qui coulissent en fa\u00e7ade, \u00e9vitant les probl\u00e9matique de battants \u00e0 ouvrir.<\/figcaption><\/figure>\n<h3 style=\"text-align: justify;\">L&rsquo;acier galvanis\u00e9, pour rentabiliser son abri<\/h3>\n<p style=\"text-align: justify;\">C&rsquo;est le dernier point de cet article &#8211; mais pas le moins important. L&rsquo;abri jardin est con\u00e7u en panneaux m\u00e9talliques d&rsquo;un acier 33\/100 d&rsquo;\u00e9paisseur. Un acier galvanis\u00e9 \u00e0 chaud, bien entendu ! R\u00e9sultat :&nbsp;<\/p>\n<ul>\n<li style=\"text-align: justify;\">Un abri de jardin qui vous offrira une tr\u00e8s longue <strong>dur\u00e9e de vie<\/strong>. La raison pour laquelle il est garanti 15 ans&#8230;&nbsp;<\/li>\n<li style=\"text-align: justify;\">Qui ne r\u00e9clamera aucun <strong>entretien<\/strong> particulier. Pas de traitements insecticides n\u00e9cessaires, pas de renforcements contre les champignons.<\/li>\n<li style=\"text-align: justify;\">Qui ne craint rien des caprices de la <strong>m\u00e9t\u00e9o<\/strong>. En-dehors des bourrasques de vent les plus violentes ou de la neige que vous auriez laiss\u00e9e s&rsquo;accumuler sur la toiture, vous pouvez dormir sur vos deux oreilles avec une telle structure.&nbsp;<\/li>\n<li style=\"text-align: justify;\">Et qui est disponible \u00e0 un <strong>prix<\/strong> tr\u00e8s r\u00e9duit. D&rsquo;autant moins important que, si vous le rapportez au nombreuses ann\u00e9es d&rsquo;usage, vous l&rsquo;aurez tr\u00e8s largement amorti !<\/li>\n<\/ul>\n","protected":false},"excerpt":{"rendered":"<p>Il est peut-\u00eatre le parfait compl\u00e9ment de votre ext\u00e9rieur ! Cet abri jardin m\u00e9tal avec skylight offre un petit volume de stockage, id\u00e9al pour les petits besoins. Lorsqu&rsquo;on n&rsquo;a pas un grand ext\u00e9rieur, il faut [&hellip;]<\/p>\n","protected":false},"author":2,"featured_media":4503,"comment_status":"open","ping_status":"closed","sticky":false,"template":"","format":"standard","meta":{"ngg_post_thumbnail":0},"categories":[9],"tags":[],"_links":{"self":[{"href":"https:\/\/www.mamaisonmonjardin.com\/blog\/wp-json\/wp\/v2\/posts\/4502"}],"collection":[{"href":"https:\/\/www.mamaisonmonjardin.com\/blog\/wp-json\/wp\/v2\/posts"}],"about":[{"href":"https:\/\/www.mamaisonmonjardin.com\/blog\/wp-json\/wp\/v2\/types\/post"}],"author":[{"embeddable":true,"href":"https:\/\/www.mamaisonmonjardin.com\/blog\/wp-json\/wp\/v2\/users\/2"}],"replies":[{"embeddable":true,"href":"https:\/\/www.mamaisonmonjardin.com\/blog\/wp-json\/wp\/v2\/comments?post=4502"}],"version-history":[{"count":0,"href":"https:\/\/www.mamaisonmonjardin.com\/blog\/wp-json\/wp\/v2\/posts\/4502\/revisions"}],"wp:featuredmedia":[{"embeddable":true,"href":"https:\/\/www.mamaisonmonjardin.com\/blog\/wp-json\/wp\/v2\/media\/4503"}],"wp:attachment":[{"href":"https:\/\/www.mamaisonmonjardin.com\/blog\/wp-json\/wp\/v2\/media?parent=4502"}],"wp:term":[{"taxonomy":"category","embeddable":true,"href":"https:\/\/www.mamaisonmonjardin.com\/blog\/wp-json\/wp\/v2\/categories?post=4502"},{"taxonomy":"post_tag","embeddable":true,"href":"https:\/\/www.mamaisonmonjardin.com\/blog\/wp-json\/wp\/v2\/tags?post=4502"}],"curies":[{"name":"wp","href":"https:\/\/api.w.org\/{rel}","templated":true}]}}