{"id":4533,"date":"2022-04-22T06:06:28","date_gmt":"2022-04-22T04:06:28","guid":{"rendered":"https:\/\/www.mamaisonmonjardin.com\/blog\/?p=4533"},"modified":"2022-04-19T16:35:07","modified_gmt":"2022-04-19T14:35:07","slug":"abri-terrasse-alu-le-mariage-parfait-avec-la-maison","status":"publish","type":"post","link":"https:\/\/www.mamaisonmonjardin.com\/blog\/abri-terrasse-alu-le-mariage-parfait-avec-la-maison\/","title":{"rendered":"Abri terrasse alu : le mariage parfait avec la maison"},"content":{"rendered":"<p style=\"text-align: justify;\">Aujourd&rsquo;hui, partons \u00e0 la d\u00e9couverte d&rsquo;une tr\u00e8s belle installation&nbsp; :<strong> un abri terrasse alu design qui habille \u00e0 merveille la maison<\/strong> qui l&rsquo;accueille. Et qui illustre bien le r\u00f4le d&rsquo;abri terrasse&#8230;<!--more--><\/p>\n<p style=\"text-align: justify;\">&#8230; \u00e0 savoir un abri pr\u00e9vu pour faire corps avec la maison et couvrir la terrasse lorsque celle-ci est au plus proche de l&rsquo;habitation. L&rsquo;abri terrasse alu prend en effet appui contre la fa\u00e7ade. Adoss\u00e9 et non autoportant, il abrite les abords imm\u00e9diats de la maison. Ce faisant, mont\u00e9 en surplomb d&rsquo;une ouverture &#8211; qu&rsquo;il s&rsquo;agisse d&rsquo;une baie vitr\u00e9e ou d&rsquo;une porte-fen\u00eatre -, il joue le r\u00f4le d&rsquo;extension. Un peu comme si l&rsquo;int\u00e9rieur venait coloniser un peu du dehors&#8230; En \u00e9t\u00e9 comme en hiver, au printemps comme \u00e0 l&rsquo;automne, on a toujours l&rsquo;utilit\u00e9 d&rsquo;un abri de ce genre.<\/p>\n<p style=\"text-align: justify;\">C&rsquo;est ce qu&rsquo;a constat\u00e9 l&rsquo;un de nos clients qui en a mont\u00e9 un chez lui. Explications.<\/p>\n<h2 style=\"text-align: justify;\">Focus sur l&rsquo;installation d&rsquo;un client&#8230; Il a mont\u00e9 chez lui un abri terrasse alu du plus bel effet ! Une structure design, particuli\u00e8rement esth\u00e9tique, qui se marie parfaitement avec la maison.<\/h2>\n<p style=\"padding-left: 160px; text-align: justify;\">C&rsquo;est \u00e9videmment dans notre rubrique<span style=\"color: #ff9900;\"><a style=\"color: #ff9900;\" href=\"https:\/\/www.mamaisonmonjardin.com\/212-toit-terrasse-alu-discount\" target=\"_blank\" rel=\"noopener\"> abri terrasse alu<\/a><\/span> que vous retrouverez le mod\u00e8le de notre client, un kit disponible sous la r\u00e9f\u00e9rence ID552. 22 m\u00b2, une silhouette profil\u00e9e et ce d\u00e9licieux toit \u00e9lanc\u00e9&#8230; Comment ne pas l&rsquo;aimer ?!<\/p>\n<h3 style=\"text-align: justify;\">A l&rsquo;origine : faire oublier le store banne !<\/h3>\n<p style=\"text-align: justify;\">Le projet de notre client \u00e9tait simple : couvrir les abords de la maison. Une belle maison moderne, en L, avec un sol b\u00e9tonn\u00e9 accueillant une piscine&#8230; Les baies vitr\u00e9es du salon donnant sur le bassin, il fallait une couverture adapt\u00e9e !<strong> Il avait d\u00e9j\u00e0 un store banne manuel<\/strong> qui pr\u00e9sentait de nombreux inconv\u00e9nients : 1\/ la toile s&rsquo;\u00e9tait tr\u00e8s vite salie ; 2\/ lorsque le vent soufflait fort, impossible de le d\u00e9ployer ; 3\/ manuel, il r\u00e9clamait un peu d&rsquo;huile de coude pour remplir son office&#8230; Pis, les baies vitr\u00e9es du salon de notre client n&rsquo;ont pas de volets. R\u00e9sultat : lorsque le soleil tapait, il lui fallait esp\u00e9rer aussi peu de vent que possible pour pouvoir d\u00e9ployer son store et prodiguer l&rsquo;ombre recherch\u00e9e \u00e0 l&rsquo;int\u00e9rieur. Bref, vous l&rsquo;avez compris : notre client avait besoin d&rsquo;une solution plus convaincante et permanente. Et c&rsquo;est ce qu&rsquo;il a trouv\u00e9 avec son abri terrasse alu !<\/p>\n<figure id=\"attachment_4536\" aria-describedby=\"caption-attachment-4536\" style=\"width: 704px\" class=\"wp-caption aligncenter\"><a href=\"https:\/\/www.mamaisonmonjardin.com\/212-toit-terrasse-alu-discount\"><img decoding=\"async\" loading=\"lazy\" class=\"wp-image-4536 size-full\" style=\"border: 1px solid #000000;\" src=\"https:\/\/www.mamaisonmonjardin.com\/blog\/wp-content\/uploads\/2022\/04\/552-abri-terrasse-alu.webp\" alt=\"abri terrasse alu design\" width=\"704\" height=\"487\" srcset=\"https:\/\/www.mamaisonmonjardin.com\/blog\/wp\/wp-content\/uploads\/2022\/04\/552-abri-terrasse-alu.webp 704w, https:\/\/www.mamaisonmonjardin.com\/blog\/wp\/wp-content\/uploads\/2022\/04\/552-abri-terrasse-alu-300x208.webp 300w\" sizes=\"(max-width: 704px) 100vw, 704px\" \/><\/a><figcaption id=\"caption-attachment-4536\" class=\"wp-caption-text\">R\u00e9f\u00e9rence ID552 sur Ma Maison Mon Jardin. L&rsquo;abri terrasse alu couvre 22 m\u00b2 et permet d&rsquo;abriter un espace \u00e0 proximit\u00e9 de la piscine ou au-dessus d&rsquo;une terrasse. Ancr\u00e9 dans la fa\u00e7ade, il constitue une solution permanente tr\u00e8s efficace.<\/figcaption><\/figure>\n<h3 style=\"text-align: justify;\">L&rsquo;abri terrasse alu, une couverture permanente et toute saison<\/h3>\n<p style=\"text-align: justify;\">L&rsquo;abri terrasse alu que notre client a fini par choisir est une structure de belle envergure :<strong> un abri en aluminium thermolaqu\u00e9<\/strong> de 3,5 m par 6,38 m, couvrant environ 22 m\u00b2 de surface. C&rsquo;est vaste et cela permet bien des am\u00e9nagements ! On peut y dresser une grande et belle table \u00e0 manger, y glisser le barbecue&#8230; Mais aussi des bains de soleil pour profiter d&rsquo;un peu d&rsquo;ombre au bord de la piscine &#8211; ou prendre l&rsquo;ap\u00e9ro \u00e0 l&rsquo;abri. Garanti 10 ans, il offre une protection non seulement efficace, mais aussi durable. Nanti d&rsquo;une goutti\u00e8re, il am\u00e8ne un grand confort d&rsquo;utilisation en toute saison. Sa pente douce facilite en effet l&rsquo;entretien lorsque le temps se fait moins cl\u00e9ment et que les feuilles mortes ou la neige commencent \u00e0 s&rsquo;inviter au quotidien. La toiture est con\u00e7u en polycarbonate trait\u00e9 anti-UV, un mat\u00e9riau tout terrain, facile \u00e0 manier et peu on\u00e9reux. R\u00e9sistant ais\u00e9ment \u00e0 des vents allant jusqu&rsquo;\u00e0 145 km\/h, il peut aussi supporter 90 kg de neige par m\u00e8tre carr\u00e9. Une structure pleinement autonome, en somme !<\/p>\n<h3 style=\"text-align: justify;\">Les + : mat\u00e9riaux, dimensions et design&#8230;<\/h3>\n<p style=\"text-align: justify;\">Ils sont nombreux ! D&rsquo;abord, les mat\u00e9riaux. Ces derniers servent parfaitement les qualit\u00e9s de cet abri terrasse. Pourquoi ? Parce qu&rsquo;ils lui octroient justement ce que notre client &#8211; et d&rsquo;autres ! &#8211; cherchent en optant pour un abri terrasse adoss\u00e9 : la r\u00e9sistance ; et l&rsquo;autonomie. Ce toit terrasse est, en effet, un abri garanti 10 ans. <strong>Con\u00e7u en aluminium, il ne craint pas les caprices de la m\u00e9t\u00e9o.<\/strong> Ce genre de structures m\u00e9talliques affichent traditionnellement une dur\u00e9e de vie exceptionnelle&#8230; Le tout sans r\u00e9clamer d&rsquo;attention particuli\u00e8re. Et c&rsquo;est un atout, car on craint parfois les abris qui impliquent un entretien r\u00e9gulier et qui, lorsqu&rsquo;on rate le coche sur ce point-l\u00e0, se d\u00e9t\u00e9riorent rapidement.&nbsp;<\/p>\n<figure id=\"attachment_4535\" aria-describedby=\"caption-attachment-4535\" style=\"width: 704px\" class=\"wp-caption aligncenter\"><a href=\"https:\/\/www.mamaisonmonjardin.com\/212-toit-terrasse-alu-discount\"><img decoding=\"async\" loading=\"lazy\" class=\"wp-image-4535 size-full\" style=\"border: 1px solid #000000;\" src=\"https:\/\/www.mamaisonmonjardin.com\/blog\/wp-content\/uploads\/2022\/04\/552-abri-terrasse-aluminium.webp\" alt=\"abri terrasse m\u00e9tallique\" width=\"704\" height=\"487\" srcset=\"https:\/\/www.mamaisonmonjardin.com\/blog\/wp\/wp-content\/uploads\/2022\/04\/552-abri-terrasse-aluminium.webp 704w, https:\/\/www.mamaisonmonjardin.com\/blog\/wp\/wp-content\/uploads\/2022\/04\/552-abri-terrasse-aluminium-300x208.webp 300w\" sizes=\"(max-width: 704px) 100vw, 704px\" \/><\/a><figcaption id=\"caption-attachment-4535\" class=\"wp-caption-text\">Admirez l&rsquo;esth\u00e9tique travaill\u00e9e de cet abri terrasse. Il donne envie de passer ses soir\u00e9es en ext\u00e9rieur, seul ou entre amis, au bord de la piscine !<\/figcaption><\/figure>\n<h4 style=\"text-align: justify;\">Des dimensions tr\u00e8s pratiques !<\/h4>\n<p style=\"text-align: justify;\">Mais au rayon de ses atouts, on ne peut non plus manquer d&rsquo;\u00e9voquer sa tr\u00e8s jolie silhouette travaill\u00e9e. Ce toit se montre particulier en ce qu&rsquo;il n&rsquo;est pas droit, plat ou monopente, mais courbe et \u00e9l\u00e9gant. Ce n&rsquo;est pas anodin : un abri con\u00e7u pour le plaisir doit satisfaire son propri\u00e9taire sur le plan visuel. Il faut s&rsquo;y sentir bien &#8211; et son aspect y contribue largement !<\/p>\n<p style=\"text-align: justify;\"><strong>Enfin, ses dimensions constituent \u00e9galement un bel atout.<\/strong> Quand on a plus de 20 m\u00b2 \u00e0 disposition, on a quantit\u00e9 d&rsquo;options en mati\u00e8re d&rsquo;am\u00e9nagements. Mieux, comme notre client cherchait une structure qui puisse compenser l&rsquo;absence de volets, il peut compter sur les 22 m\u00b2 de son abri pour fournir une ombre permanente. Et \u00e9viter ainsi de voir son salon se transformer en four d\u00e8s le retour des beaux jours !<\/p>\n<p style=\"text-align: justify;\">C&rsquo;est ce qui s&rsquo;appelle une installation convaincante et r\u00e9ussie !<\/p>\n","protected":false},"excerpt":{"rendered":"<p>Aujourd&rsquo;hui, partons \u00e0 la d\u00e9couverte d&rsquo;une tr\u00e8s belle installation&nbsp; : un abri terrasse alu design qui habille \u00e0 merveille la maison qui l&rsquo;accueille. Et qui illustre bien le r\u00f4le d&rsquo;abri terrasse&#8230;<\/p>\n","protected":false},"author":2,"featured_media":4537,"comment_status":"open","ping_status":"closed","sticky":false,"template":"","format":"standard","meta":{"ngg_post_thumbnail":0},"categories":[9],"tags":[],"_links":{"self":[{"href":"https:\/\/www.mamaisonmonjardin.com\/blog\/wp-json\/wp\/v2\/posts\/4533"}],"collection":[{"href":"https:\/\/www.mamaisonmonjardin.com\/blog\/wp-json\/wp\/v2\/posts"}],"about":[{"href":"https:\/\/www.mamaisonmonjardin.com\/blog\/wp-json\/wp\/v2\/types\/post"}],"author":[{"embeddable":true,"href":"https:\/\/www.mamaisonmonjardin.com\/blog\/wp-json\/wp\/v2\/users\/2"}],"replies":[{"embeddable":true,"href":"https:\/\/www.mamaisonmonjardin.com\/blog\/wp-json\/wp\/v2\/comments?post=4533"}],"version-history":[{"count":0,"href":"https:\/\/www.mamaisonmonjardin.com\/blog\/wp-json\/wp\/v2\/posts\/4533\/revisions"}],"wp:featuredmedia":[{"embeddable":true,"href":"https:\/\/www.mamaisonmonjardin.com\/blog\/wp-json\/wp\/v2\/media\/4537"}],"wp:attachment":[{"href":"https:\/\/www.mamaisonmonjardin.com\/blog\/wp-json\/wp\/v2\/media?parent=4533"}],"wp:term":[{"taxonomy":"category","embeddable":true,"href":"https:\/\/www.mamaisonmonjardin.com\/blog\/wp-json\/wp\/v2\/categories?post=4533"},{"taxonomy":"post_tag","embeddable":true,"href":"https:\/\/www.mamaisonmonjardin.com\/blog\/wp-json\/wp\/v2\/tags?post=4533"}],"curies":[{"name":"wp","href":"https:\/\/api.w.org\/{rel}","templated":true}]}}