{"id":4670,"date":"2022-09-28T18:26:32","date_gmt":"2022-09-28T16:26:32","guid":{"rendered":"https:\/\/www.mamaisonmonjardin.com\/blog\/?p=4670"},"modified":"2022-09-28T18:28:10","modified_gmt":"2022-09-28T16:28:10","slug":"suggestion-du-mois-pavillon-bois-et-lelegance-du-cedre","status":"publish","type":"post","link":"https:\/\/www.mamaisonmonjardin.com\/blog\/suggestion-du-mois-pavillon-bois-et-lelegance-du-cedre\/","title":{"rendered":"Suggestion du mois : pavillon bois et l&rsquo;\u00e9l\u00e9gance du c\u00e8dre"},"content":{"rendered":"<p style=\"text-align: justify;\">Originalit\u00e9. \u00c9l\u00e9gance. Qualit\u00e9. Trois qualificatifs qui racontent bien ce qu&rsquo;est ce splendide <strong>pavillon bois en c\u00e8dre<\/strong>. Une essence de caract\u00e8re pour un abri qui n&rsquo;en manque pas !<!--more--><\/p>\n<p style=\"text-align: justify;\">Cette g\u00e9om\u00e9trie assum\u00e9e. Ce toit pyramidal. Ces \u00e9pais poteaux de bois, soutenant cette impressionnante charpente. C&rsquo;est ind\u00e9niable : ce pavillon en c\u00e8dre fait partie de ces abris qu&rsquo;on ne regrette pas, qu&rsquo;on n&rsquo;oublie pas et dont on ne manque jamais d&rsquo;appr\u00e9cier l&rsquo;installation. Alternative \u00e0 la pergola ou \u00e0 la traditionnelle tonnelle, il valorise son environnement imm\u00e9diat de son caract\u00e8re absolument inimitable. D\u00e9couverte.<\/p>\n<h2 style=\"text-align: justify;\">D\u00e9couvrez ce pavillon bois, con\u00e7u en c\u00e8dre, un abri offrant un caract\u00e8re absolument unique au jardin !<\/h2>\n<p style=\"padding-left: 160px; text-align: justify;\">Le <span style=\"color: #ff9900;\"><a style=\"color: #ff9900;\" href=\"https:\/\/www.mamaisonmonjardin.com\/214-tonnelle-pergola\" target=\"_blank\" rel=\"noopener\">pavillon bois<\/a><\/span> que nous vous pr\u00e9sentons aujourd&rsquo;hui est un abri disponible sous la r\u00e9f\u00e9rence ID2242 sur Ma Maison Mon Jardin.&nbsp;<\/p>\n<h3 style=\"text-align: justify;\">Marquer son originalit\u00e9 avec ce pavillon bois<\/h3>\n<p style=\"text-align: justify;\">C&rsquo;est probablement le premier point fort de ce pavillon bois : son <strong>originalit\u00e9<\/strong>. Une originalit\u00e9 teint\u00e9e de classicisme, bien que cela puisse sembler paradoxal&#8230; Il faut dire qu&rsquo;aujourd&rsquo;hui, les abris terrasse ou de jardin qui sont les plus appr\u00e9ci\u00e9s sont les pergolas bioclimatiques ou les toits m\u00e9talliques adoss\u00e9s \u00e0 la maison. On aime l&rsquo;alu thermolaqu\u00e9, on appr\u00e9cie sa l\u00e9g\u00e8ret\u00e9 et sa r\u00e9sistance et on go\u00fbte le look design et \u00e9pur\u00e9 de ces structures. Ce pavillon, disponible sous la r\u00e9f\u00e9rence ID2242, se distingue de cette tendance. Il revendique les massives lignes de son assise autoport\u00e9e, tout en mettant en valeur la solidit\u00e9 de sa charpente ouvrag\u00e9e. Enfin, son toit pyramidal n&rsquo;a pas grand-chose \u00e0 voir avec les toits plats tr\u00e8s courus en compl\u00e9ment d&rsquo;architectures modernes.<\/p>\n<p style=\"text-align: justify;\">En ce sens, ce pavillon bois affirme son originalit\u00e9. Et constitue, \u00e0 lui tout seul, une pi\u00e8ce remarquable au jardin.<\/p>\n<figure id=\"attachment_4673\" aria-describedby=\"caption-attachment-4673\" style=\"width: 599px\" class=\"wp-caption aligncenter\"><a href=\"https:\/\/www.mamaisonmonjardin.com\/214-tonnelle-pergola\"><img decoding=\"async\" loading=\"lazy\" class=\"wp-image-4673 size-full\" style=\"border: 1px solid #000000;\" src=\"https:\/\/www.mamaisonmonjardin.com\/blog\/wp-content\/uploads\/2022\/09\/2242-pavillon-bois.jpg\" alt=\"pavillon bois avec toit pyramidal\" width=\"599\" height=\"439\" srcset=\"https:\/\/www.mamaisonmonjardin.com\/blog\/wp\/wp-content\/uploads\/2022\/09\/2242-pavillon-bois.jpg 599w, https:\/\/www.mamaisonmonjardin.com\/blog\/wp\/wp-content\/uploads\/2022\/09\/2242-pavillon-bois-300x220.jpg 300w\" sizes=\"(max-width: 599px) 100vw, 599px\" \/><\/a><figcaption id=\"caption-attachment-4673\" class=\"wp-caption-text\">ID2242 sur Ma Maison Mon Jardin. Voyez les massifs poteaux en c\u00e8dre et ce tr\u00e8s joli toit pyramidal. L&rsquo;ouvrage est splendide !<\/figcaption><\/figure>\n<h3 style=\"text-align: justify;\">La qualit\u00e9 et la prestance du bois<\/h3>\n<p style=\"text-align: justify;\">Mais l&rsquo;\u00e9l\u00e9gance et l&rsquo;originalit\u00e9 ne sont rien si la qualit\u00e9 n&rsquo;est pas au rendez-vous. Et c&rsquo;est aussi sur ce point que ce pavillon fait la diff\u00e9rence. Il y a le bois, bien s\u00fbr&#8230; Car<strong> le c\u00e8dre est une essence merveilleuse<\/strong> pour les ouvrages ext\u00e9rieurs. Imputrescible, r\u00e9sistant aux insectes xylophage, il ne r\u00e9clame pas de traitement particulier, \u00e0 l&rsquo;inverse du sapin ou de l&rsquo;\u00e9pic\u00e9a. Ce pavillon rassure, d\u00e8s lors, quant \u00e0 son autonomie le temps passant. Sa couverture en aluminium anti-corrosion en fait de m\u00eame. Non seulement elle contribue \u00e0 l&rsquo;esth\u00e9tique de l&rsquo;abri, mais elle laisse imaginer de tr\u00e8s longues ann\u00e9es d&rsquo;usage sans craindre les intemp\u00e9ries.<\/p>\n<p style=\"text-align: justify;\">Une structure d&rsquo;un tel niveau se bichonne, bien s\u00fbr. Mais elle profitera aussi d&rsquo;une autonomie que l&rsquo;on saura appr\u00e9cier au quotidien gr\u00e2ce \u00e0 ces mat\u00e9riaux.<\/p>\n<figure id=\"attachment_4674\" aria-describedby=\"caption-attachment-4674\" style=\"width: 599px\" class=\"wp-caption aligncenter\"><a href=\"https:\/\/www.mamaisonmonjardin.com\/214-tonnelle-pergola\"><img decoding=\"async\" loading=\"lazy\" class=\"wp-image-4674 size-full\" style=\"border: 1px solid #000000;\" src=\"https:\/\/www.mamaisonmonjardin.com\/blog\/wp-content\/uploads\/2022\/09\/2242-couverture-pavillon.jpg\" alt=\"pavillon bois\" width=\"599\" height=\"438\" srcset=\"https:\/\/www.mamaisonmonjardin.com\/blog\/wp\/wp-content\/uploads\/2022\/09\/2242-couverture-pavillon.jpg 599w, https:\/\/www.mamaisonmonjardin.com\/blog\/wp\/wp-content\/uploads\/2022\/09\/2242-couverture-pavillon-300x219.jpg 300w\" sizes=\"(max-width: 599px) 100vw, 599px\" \/><\/a><figcaption id=\"caption-attachment-4674\" class=\"wp-caption-text\">Tr\u00e8s belle facture que cette charpente et sa couverture en aluminium. Avec ces d\u00e9licieuses teintes beige qui mettent en avant toute la beaut\u00e9 du c\u00e8dre !<\/figcaption><\/figure>\n<h3>L&rsquo;am\u00e9nagement d&rsquo;un merveilleux salon d&rsquo;\u00e9t\u00e9&#8230;<\/h3>\n<p style=\"text-align: justify;\"><strong>Cet abri d&rsquo;ext\u00e9rieur couvre pr\u00e8s de 16 m\u00b2<\/strong> avec des dimensions hors tout de 3,65 m de profondeur pour 4,27 m de largeur et 3,17 m de hauteur au fa\u00eetage. Ses poteaux font 152 par 228 mm et contribuent \u00e0 la r\u00e9sistance du toit, soutenant efficacement la solide charpente du kit. L&rsquo;ensemble constitue un am\u00e9nagement extraordinaire pour une maison et son jardin&#8230; Par son esth\u00e9tique, certes, comme expliqu\u00e9 ci-dessus, mais par son usage \u00e9galement : consid\u00e9rez qu&rsquo;en installant cet abri terrasse, vous cr\u00e9ez une pi\u00e8ce ext\u00e9rieure, ind\u00e9pendante de la maison, \u00e0 am\u00e9nager comme vous le souhaitez.<\/p>\n<p style=\"text-align: justify;\">Une salle \u00e0 manger ? Un salon d&rsquo;\u00e9t\u00e9 ? Laissez libre cours \u00e0 vos envie et \u00e0 votre imagination !<\/p>\n","protected":false},"excerpt":{"rendered":"<p>Originalit\u00e9. \u00c9l\u00e9gance. Qualit\u00e9. Trois qualificatifs qui racontent bien ce qu&rsquo;est ce splendide pavillon bois en c\u00e8dre. Une essence de caract\u00e8re pour un abri qui n&rsquo;en manque pas !<\/p>\n","protected":false},"author":2,"featured_media":4672,"comment_status":"open","ping_status":"closed","sticky":false,"template":"","format":"standard","meta":{"ngg_post_thumbnail":0},"categories":[9],"tags":[],"_links":{"self":[{"href":"https:\/\/www.mamaisonmonjardin.com\/blog\/wp-json\/wp\/v2\/posts\/4670"}],"collection":[{"href":"https:\/\/www.mamaisonmonjardin.com\/blog\/wp-json\/wp\/v2\/posts"}],"about":[{"href":"https:\/\/www.mamaisonmonjardin.com\/blog\/wp-json\/wp\/v2\/types\/post"}],"author":[{"embeddable":true,"href":"https:\/\/www.mamaisonmonjardin.com\/blog\/wp-json\/wp\/v2\/users\/2"}],"replies":[{"embeddable":true,"href":"https:\/\/www.mamaisonmonjardin.com\/blog\/wp-json\/wp\/v2\/comments?post=4670"}],"version-history":[{"count":0,"href":"https:\/\/www.mamaisonmonjardin.com\/blog\/wp-json\/wp\/v2\/posts\/4670\/revisions"}],"wp:featuredmedia":[{"embeddable":true,"href":"https:\/\/www.mamaisonmonjardin.com\/blog\/wp-json\/wp\/v2\/media\/4672"}],"wp:attachment":[{"href":"https:\/\/www.mamaisonmonjardin.com\/blog\/wp-json\/wp\/v2\/media?parent=4670"}],"wp:term":[{"taxonomy":"category","embeddable":true,"href":"https:\/\/www.mamaisonmonjardin.com\/blog\/wp-json\/wp\/v2\/categories?post=4670"},{"taxonomy":"post_tag","embeddable":true,"href":"https:\/\/www.mamaisonmonjardin.com\/blog\/wp-json\/wp\/v2\/tags?post=4670"}],"curies":[{"name":"wp","href":"https:\/\/api.w.org\/{rel}","templated":true}]}}