{"id":4724,"date":"2022-11-16T19:54:43","date_gmt":"2022-11-16T18:54:43","guid":{"rendered":"https:\/\/www.mamaisonmonjardin.com\/blog\/?p=4724"},"modified":"2022-11-16T19:54:43","modified_gmt":"2022-11-16T18:54:43","slug":"pourquoi-un-abri-de-jardin-est-ideal-pour-une-maison-avec-jardin","status":"publish","type":"post","link":"https:\/\/www.mamaisonmonjardin.com\/blog\/pourquoi-un-abri-de-jardin-est-ideal-pour-une-maison-avec-jardin\/","title":{"rendered":"Pourquoi un abri de jardin est id\u00e9al pour une maison avec jardin ?"},"content":{"rendered":"<p style=\"text-align: justify;\">L&rsquo;achat d&rsquo;<strong>un abri de jardin<\/strong> n&rsquo;a jamais \u00e9t\u00e9 aussi facile gr\u00e2ce aux offres exceptionnelles que nous vous proposons, sur Ma Maison Mon Jardin.<!--more--><\/p>\n<p style=\"text-align: justify;\">Les meilleures marques, les mat\u00e9riaux de qualit\u00e9 et les instructions de montage faciles \u00e0 suivre feront de la construction des structures les plus complexes un jeu d&rsquo;enfant.<\/p>\n<p style=\"text-align: justify;\">Et c&rsquo;est tant mieux ! Car, aujourd&rsquo;hui, lorsqu&rsquo;on a une maison avec jardin, il semble bien difficile de se passer d&rsquo;un abri de rangement.<\/p>\n<p style=\"text-align: justify;\">Notre objectif ? Que vous puissiez vous \u00e9quiper d&rsquo;un cabanon qui corresponde \u00e0 vos besoins du moment !<\/p>\n<h2 style=\"text-align: justify;\">Vous avez une maison avec jardin ? L&rsquo;abri de jardin est un investissement id\u00e9al&#8230; et n\u00e9cessaire ! Impossible de s&rsquo;en passer : en voici les raisons&#8230;<\/h2>\n<p style=\"padding-left: 160px; text-align: justify;\">Mais avant de d\u00e9couvrir la mani\u00e8re dont <span style=\"color: #ff9900;\"><a style=\"color: #ff9900;\" href=\"https:\/\/www.mamaisonmonjardin.com\/202-abri-de-jardin\" target=\"_blank\" rel=\"noopener\">l&rsquo;abri de jardin sait se rendre indispensable<\/a><\/span>, jetez un coup d&rsquo;oeil \u00e0 notre gamme de rangements pour l&rsquo;ext\u00e9rieur qui rassemble des cabanons, cabanes, abris parfaits pour organiser le stockage de votre mat\u00e9riel !<\/p>\n<h3 style=\"text-align: justify;\">1. L&rsquo;abri de jardin est un investissement peu co\u00fbteux lorsqu&rsquo;il fait moins de 5 m\u00b2<\/h3>\n<p style=\"text-align: justify;\">Avec des prix d&rsquo;entr\u00e9e pas toujours \u00e9lev\u00e9s et ne n\u00e9cessitant aucune d\u00e9marche administrative en Mairie si la surface ne d\u00e9passe pas 5 m\u00b2, l&rsquo;abri de jardin est une solution pratique pour ranger vos outils d&rsquo;ext\u00e9rieur et votre mat\u00e9riel de jardinage. Avec ou sans fen\u00eatres, il offre la possibilit\u00e9 de cr\u00e9er une pi\u00e8ce suppl\u00e9mentaire au jardin pleinement d\u00e9di\u00e9e \u00e0 l&rsquo;entretien de celui-ci. Le tout \u00e0 des tarifs souvent tr\u00e8s abordables ! Si un chalet de 20 m\u00b2 s&rsquo;av\u00e9rera s\u00fbrement tr\u00e8s on\u00e9reux, <strong>le cabanon de 4 m\u00b2 sera souvent disponible pour quelques centaines d&rsquo;euros.<\/strong><\/p>\n<figure id=\"attachment_104\" aria-describedby=\"caption-attachment-104\" style=\"width: 345px\" class=\"wp-caption aligncenter\"><a href=\"https:\/\/www.mamaisonmonjardin.com\/202-abri-de-jardin\"><img decoding=\"async\" loading=\"lazy\" class=\"wp-image-104 size-full\" style=\"border: 1px solid #000000;\" src=\"https:\/\/www.mamaisonmonjardin.com\/blog\/wp-content\/uploads\/2013\/01\/AbriPVC.jpg\" alt=\"abri de jardin en r\u00e9sine PVC\" width=\"345\" height=\"223\" srcset=\"https:\/\/www.mamaisonmonjardin.com\/blog\/wp\/wp-content\/uploads\/2013\/01\/AbriPVC.jpg 345w, https:\/\/www.mamaisonmonjardin.com\/blog\/wp\/wp-content\/uploads\/2013\/01\/AbriPVC-300x193.jpg 300w\" sizes=\"(max-width: 345px) 100vw, 345px\" \/><\/a><figcaption id=\"caption-attachment-104\" class=\"wp-caption-text\">Exemple d&rsquo;un petit abri de jardin en r\u00e9sine PVC. Moins de 5 m\u00b2 pour ce mod\u00e8le qui s&rsquo;am\u00e9nage tr\u00e8s facilement !<\/figcaption><\/figure>\n<h3>2. Il est disponible dans des mat\u00e9riaux vari\u00e9s<\/h3>\n<p style=\"text-align: justify;\">L&rsquo;abri de jardin se d\u00e9cline dans de nombreux mod\u00e8les disponibles en kit. <strong>Leurs qualit\u00e9s d\u00e9pendent du mat\u00e9riau choisi.<\/strong> Il peut s&rsquo;agir de bois en panneaux ou en madriers, dans des kits bruts ou pr\u00e9alablement trait\u00e9s. Ou d&rsquo;acier galvanis\u00e9, de PVC, voire de mat\u00e9riaux composites (r\u00e9sine et bois, bois et pierre&#8230;). Un abri de qualit\u00e9 devra non seulement se montrer solide dans le temps, mais aussi \u00e9tanche. Il doit supporter les agressions ext\u00e9rieures et c&rsquo;est la raison pour laquelle on recommande de traiter les ouvrages en bois avant de les monter. Le fait de pouvoir choisir des mod\u00e8les dans de nombreux mat\u00e9riaux diff\u00e9rents permet de trouver plus facilement chaussure \u00e0 son pied. Oui, l&rsquo;abri doit correspondre \u00e9videmment aux crit\u00e8res essentiels que vous avez d\u00e9finis !<\/p>\n<h3 style=\"text-align: justify;\">3. Il s&rsquo;agit d&rsquo;un am\u00e9nagement intelligent pour le rangement et la d\u00e9tente<\/h3>\n<p style=\"text-align: justify;\">Le jardinage est un moyen de vivre au contact de la nature, un plaisir pour certains, une passion pour d&rsquo;autres, une n\u00e9cessit\u00e9 parfois&#8230; Pour cela, il est indispensable de disposer d&rsquo;un abri pour ranger toutes les astuces, les outils et les accessoires. Si vous souhaitez cr\u00e9er un bel ext\u00e9rieur paysag\u00e9, alors le choix d&rsquo;abris sera tr\u00e8s large : <strong>de l&rsquo;abri de jardin classique \u00e0 la maison contemporaine<\/strong>&#8230; ; de l&rsquo;atelier compact de 8m2 \u00e0 l&rsquo;ancien chalet maintenant converti en salon ext\u00e9rieur&#8230; ; des abris modernes en bois aux chalets en pierre et en b\u00e9ton&#8230;<\/p>\n<h3 style=\"text-align: justify;\">4. L&rsquo;abri de jardin est polyvalent !<\/h3>\n<p style=\"text-align: justify;\">Un abri de jardin ou un garage est une structure prot\u00e9g\u00e9e par un toit et faite pour stocker des outils et du mat\u00e9riel. Mais, selon la fa\u00e7on dont il est am\u00e9nag\u00e9, il peut servir \u00e0 d&rsquo;autres fonctions jusqu&rsquo;au divertissement et l&rsquo;agr\u00e9ment, comme un atelier ou une maison d&rsquo;\u00e9t\u00e9. <strong>Cette polyvalence soutient sa belle dur\u00e9e de vie<\/strong>, puisqu&rsquo;elle lui permet de se transformer tout au long de son existence !<\/p>\n<figure id=\"attachment_4057\" aria-describedby=\"caption-attachment-4057\" style=\"width: 345px\" class=\"wp-caption aligncenter\"><a href=\"https:\/\/www.mamaisonmonjardin.com\/202-abri-de-jardin\"><img decoding=\"async\" loading=\"lazy\" class=\"wp-image-4057 size-full\" style=\"border: 1px solid #000000;\" src=\"https:\/\/www.mamaisonmonjardin.com\/blog\/wp-content\/uploads\/2017\/08\/Abri-de-jardin-en-bois-13.jpg\" alt=\"chalet jardin bois\" width=\"345\" height=\"223\" srcset=\"https:\/\/www.mamaisonmonjardin.com\/blog\/wp\/wp-content\/uploads\/2017\/08\/Abri-de-jardin-en-bois-13.jpg 345w, https:\/\/www.mamaisonmonjardin.com\/blog\/wp\/wp-content\/uploads\/2017\/08\/Abri-de-jardin-en-bois-13-300x194.jpg 300w\" sizes=\"(max-width: 345px) 100vw, 345px\" \/><\/a><figcaption id=\"caption-attachment-4057\" class=\"wp-caption-text\">Quoi de plus polyvalent que ce chalet de jardin ! Avec ces nombreuses ouvertures vitr\u00e9es, il peut servir d&rsquo;espace de stockage, d&rsquo;atelier de bricolage&#8230; ou de salon d&rsquo;\u00e9t\u00e9 !<\/figcaption><\/figure>\n<h3 style=\"text-align: justify;\">En vrac&#8230;<\/h3>\n<ul>\n<li style=\"text-align: justify;\">Disponible sous toutes les formes et les formats ;<\/li>\n<li style=\"text-align: justify;\">Parfois tr\u00e8s peu co\u00fbteux ;<\/li>\n<li style=\"text-align: justify;\">Le compl\u00e9ment id\u00e9al de la maison ;<\/li>\n<li style=\"text-align: justify;\">Offre un rangement optimal ;<\/li>\n<li style=\"text-align: justify;\">Avec ou sans fen\u00eatres ;<\/li>\n<li style=\"text-align: justify;\">Assure la protection d&rsquo;outils parfois co\u00fbteux ou dangereux ;<\/li>\n<li style=\"text-align: justify;\">Ne n\u00e9cessite aucune d\u00e9marche administrative \u00e0 la Mairie si la surface ne d\u00e9passe pas 5 m\u00b2 ;<\/li>\n<li>Tr\u00e8s polyvalent, puisqu&rsquo;on peut y ranger les outils de jardinage comme les r\u00e2teaux, les pelles, etc., mais aussi en faire un espace de d\u00e9tente et d&rsquo;agr\u00e9ment ;<\/li>\n<li style=\"text-align: justify;\">Enfin, la livraison est gratuite et il arrive que le montage soit inclus avec le kit choisi !<\/li>\n<\/ul>\n","protected":false},"excerpt":{"rendered":"<p>L&rsquo;achat d&rsquo;un abri de jardin n&rsquo;a jamais \u00e9t\u00e9 aussi facile gr\u00e2ce aux offres exceptionnelles que nous vous proposons, sur Ma Maison Mon Jardin.<\/p>\n","protected":false},"author":2,"featured_media":4728,"comment_status":"open","ping_status":"closed","sticky":false,"template":"","format":"standard","meta":{"ngg_post_thumbnail":0},"categories":[9],"tags":[],"_links":{"self":[{"href":"https:\/\/www.mamaisonmonjardin.com\/blog\/wp-json\/wp\/v2\/posts\/4724"}],"collection":[{"href":"https:\/\/www.mamaisonmonjardin.com\/blog\/wp-json\/wp\/v2\/posts"}],"about":[{"href":"https:\/\/www.mamaisonmonjardin.com\/blog\/wp-json\/wp\/v2\/types\/post"}],"author":[{"embeddable":true,"href":"https:\/\/www.mamaisonmonjardin.com\/blog\/wp-json\/wp\/v2\/users\/2"}],"replies":[{"embeddable":true,"href":"https:\/\/www.mamaisonmonjardin.com\/blog\/wp-json\/wp\/v2\/comments?post=4724"}],"version-history":[{"count":0,"href":"https:\/\/www.mamaisonmonjardin.com\/blog\/wp-json\/wp\/v2\/posts\/4724\/revisions"}],"wp:featuredmedia":[{"embeddable":true,"href":"https:\/\/www.mamaisonmonjardin.com\/blog\/wp-json\/wp\/v2\/media\/4728"}],"wp:attachment":[{"href":"https:\/\/www.mamaisonmonjardin.com\/blog\/wp-json\/wp\/v2\/media?parent=4724"}],"wp:term":[{"taxonomy":"category","embeddable":true,"href":"https:\/\/www.mamaisonmonjardin.com\/blog\/wp-json\/wp\/v2\/categories?post=4724"},{"taxonomy":"post_tag","embeddable":true,"href":"https:\/\/www.mamaisonmonjardin.com\/blog\/wp-json\/wp\/v2\/tags?post=4724"}],"curies":[{"name":"wp","href":"https:\/\/api.w.org\/{rel}","templated":true}]}}