{"id":4742,"date":"2022-12-16T19:11:15","date_gmt":"2022-12-16T18:11:15","guid":{"rendered":"https:\/\/www.mamaisonmonjardin.com\/blog\/?p=4742"},"modified":"2022-12-16T19:11:15","modified_gmt":"2022-12-16T18:11:15","slug":"quest-ce-quun-abri-de-jardin-premium","status":"publish","type":"post","link":"https:\/\/www.mamaisonmonjardin.com\/blog\/quest-ce-quun-abri-de-jardin-premium\/","title":{"rendered":"Qu\u2019est-ce qu\u2019un abri de jardin premium ?"},"content":{"rendered":"<p style=\"text-align: justify;\"><strong>L&rsquo;abri de jardin premium.<\/strong> Comme son nom l&rsquo;indique, il ne s&rsquo;agit pas d&rsquo;un abri de jardin comme les autres&#8230; Mais d&rsquo;un cabanon de qualit\u00e9 sup\u00e9rieure. C&rsquo;est-\u00e0-dire ?<!--more--><\/p>\n<p style=\"text-align: justify;\">Qu&rsquo;est-ce qui diff\u00e9rencie un abri de jardin premium d&rsquo;un cabanon traditionnel ? C&rsquo;est la question que l&rsquo;on s&rsquo;est pos\u00e9e aujourd&rsquo;hui. La r\u00e9ponse tient en diff\u00e9rents aspects. Le format de l&rsquo;abri, par exemple, puisque certains de nos kits haut-de-gamme proposent d&rsquo;importantes dimensions et se divisent en plusieurs pi\u00e8ces distinctes. Les menuiseries ext\u00e9rieures ensuite puisque, comme vous le constaterez ci-dessous, ces chalets proposent bien plus que la traditionnelle lucarne en plexiglas. L&rsquo;\u00e9paisseur des madriers \u00e9galement : l&rsquo;abri de jardin premium <strong>est souvent un chalet bois<\/strong>. Il est, d\u00e8s lors, fabriqu\u00e9 dans d&rsquo;\u00e9pais madriers : 28 mm, souvent, 56 mm parfois. Ces derniers participent \u00e0 son bon comportement thermique, l\u00e0 o\u00f9 la cabane de stockage d&rsquo;entr\u00e9e de gamme peut \u00eatre con\u00e7ue en panneaux de bois.<\/p>\n<p style=\"text-align: justify;\">Panorama.<\/p>\n<h2 style=\"text-align: justify;\">L&rsquo;abri de jardin premium a des sp\u00e9cificit\u00e9s bien d\u00e9termin\u00e9es. Celles-ci le distinguent du cabanon de rangement traditionnel. Et contribuent \u00e0 en faire un kit haut de gamme !<\/h2>\n<p style=\"padding-left: 160px; text-align: justify;\">C&rsquo;est l&rsquo;occasion o\u00f9 jamais de d\u00e9couvrir ce que nous vous proposons dans <span style=\"color: #ff6600;\"><a style=\"color: #ff6600;\" href=\"https:\/\/www.mamaisonmonjardin.com\/270-abri-de-jardin-premium\" target=\"_blank\" rel=\"noopener\">cette gamme abri de jardin premium<\/a><\/span>. Avec des chalets en madriers de bois qui se d\u00e9clinent dans des formats et des dimensions tr\u00e8s vari\u00e9es, adapt\u00e9s \u00e0 tous types d&rsquo;usage. Profitez-en !<\/p>\n<h3 style=\"text-align: justify;\">1\/ L&rsquo;\u00e9paisseur des madriers<\/h3>\n<p style=\"text-align: justify;\">L&rsquo;abri de jardin premium est g\u00e9n\u00e9ralement<strong> con\u00e7u en madriers<\/strong>. Les madriers, ce sont ces \u00e9paisses planches de bois munies d&rsquo;encoches \u00e0 leurs extr\u00e9mit\u00e9s. Ces encoches permettent d&#8217;empiler les madriers en les embo\u00eetant \u00e0 la fa\u00e7on d&rsquo;un petit chalet suisse. Leur \u00e9paisseur peut varier d&rsquo;un mod\u00e8le \u00e0 l&rsquo;autre. Certains ont des madriers qui ne sont \u00e9pais que de 19 mm ; d&rsquo;autres montent \u00e0 56 mm, voire plus. En l&rsquo;occurrence, l&rsquo;abri de jardin premium poss\u00e8de une structure dont les madriers sont \u00e9pais de 28 mm minimum.<\/p>\n<figure id=\"attachment_4731\" aria-describedby=\"caption-attachment-4731\" style=\"width: 591px\" class=\"wp-caption aligncenter\"><a href=\"https:\/\/www.mamaisonmonjardin.com\/270-abri-de-jardin-premium\"><img decoding=\"async\" loading=\"lazy\" class=\"wp-image-4731 size-full\" style=\"border: 1px solid #000000;\" src=\"https:\/\/www.mamaisonmonjardin.com\/blog\/wp-content\/uploads\/2022\/12\/id-78.jpg\" alt=\"abri de jardin premium\" width=\"591\" height=\"428\" srcset=\"https:\/\/www.mamaisonmonjardin.com\/blog\/wp\/wp-content\/uploads\/2022\/12\/id-78.jpg 591w, https:\/\/www.mamaisonmonjardin.com\/blog\/wp\/wp-content\/uploads\/2022\/12\/id-78-300x217.jpg 300w\" sizes=\"(max-width: 591px) 100vw, 591px\" \/><\/a><figcaption id=\"caption-attachment-4731\" class=\"wp-caption-text\">M\u00eame un petit abri de jardin de moins de 5 m\u00b2, comme ce mod\u00e8le disponible sous la r\u00e9f\u00e9rence ID2578, peut \u00eatre un abri de jardin premium. Ici, les avantages de ce cabanon sont, notamment, ses madriers de 28 mm, ses ouvertures en verre et sa fen\u00eatre oscillo-battante. Notez que sa toiture peut \u00e9galement \u00eatre en Shingle si vous le souhaitez.<\/figcaption><\/figure>\n<h4 style=\"text-align: center;\"><em>Le bois, un bon r\u00e9gulateur thermique<\/em><\/h4>\n<p style=\"text-align: justify;\">Ce n&rsquo;est pas un simple d\u00e9tail : cette \u00e9paisseur conf\u00e8re \u00e0 l&rsquo;\u00e9difice toute sa solidit\u00e9, sa bonne tenue, sa r\u00e9sistance. Et son comportement thermique favorable ! Car le bois fait partie des mat\u00e9riaux<strong> qui r\u00e9gulent efficacement la temp\u00e9rature \u00e0 l&rsquo;int\u00e9rieur d&rsquo;une pi\u00e8ce<\/strong>. Ils ne sont pas isolants, mais rendent tr\u00e8s lentement les variations de la temp\u00e9rature ext\u00e9rieure. Et plus ses parois sont \u00e9paisses, plus cette qualit\u00e9 s&rsquo;accro\u00eet. L&rsquo;abri de jardin premium est donc un abri thermiquement int\u00e9ressant.<\/p>\n<h4 style=\"text-align: center;\"><em>Une activit\u00e9 s\u00e9dentaire dans un abri de jardin premium ?<\/em><\/h4>\n<p style=\"text-align: justify;\">Cela veut aussi dire qu&rsquo;il est possible <strong>d&rsquo;y pratiquer des activit\u00e9s s\u00e9dentaires<\/strong>. Des activit\u00e9s qui, en somme, peuvent vous amener \u00e0 rester immobile ou presque durant de longues p\u00e9riodes. Dans ce cas-l\u00e0, mieux vaut ne pas trop souffrir ni du froid, ni du chaud&#8230; C&rsquo;est ce que permettent, en partie, les kits dont les madriers seraient suffisamment \u00e9pais. Vous l&rsquo;avez compris : l&rsquo;abri de jardin premium est un peu comme un chalet, dans lequel on peut travailler, bricoler, se d\u00e9tendre&#8230; et dormir ? Pourquoi pas !<\/p>\n<h3 style=\"text-align: justify;\">2\/ La qualit\u00e9 des menuiseries : l&rsquo;atout de l&rsquo;abri de jardin premium<\/h3>\n<p style=\"text-align: justify;\">Pour \u00eatre haut de gamme, un abri de jardin premium <strong>doit pr\u00e9senter des menuiseries de qualit\u00e9<\/strong>. Ce n&rsquo;est pas un atout exclusif ou syst\u00e9matique, certes ; certains mod\u00e8les peuvent \u00eatre un peu moins performants sur les menuiseries, mais de tr\u00e8s haut niveau sur les madriers et les dimensions&#8230; Pour autant, les portes et les fen\u00eatres constituent g\u00e9n\u00e9ralement un point fondamental. Pour une raison tr\u00e8s simple : elles sont au carrefour de consid\u00e9rations essentielles.<\/p>\n<ul>\n<li style=\"text-align: justify;\">La <strong>s\u00e9curit\u00e9<\/strong>. Une fen\u00eatre ou une porte est un point d&rsquo;entr\u00e9e \u00e0 s\u00e9curiser. Il faut donc une serrure efficace.<\/li>\n<li style=\"text-align: justify;\"><strong>L&rsquo;isolation<\/strong>. Ces menuiseries peuvent causer des probl\u00e8mes d&rsquo;isolation si elles ne sont pas au niveau.<\/li>\n<li style=\"text-align: justify;\">Le <strong>confort<\/strong>. La fen\u00eatre offre une lumi\u00e8re importante pour se sentir \u00e0 l&rsquo;aise dans son abri de jardin premium. La porte y contribue \u00e9galement \u00e0 sa mani\u00e8re.<\/li>\n<\/ul>\n<h4 style=\"text-align: center;\"><em>Un abri de jardin avec des baies vitr\u00e9es ?<\/em><\/h4>\n<p style=\"text-align: justify;\">De quoi parle-t-on lorsqu&rsquo;on \u00e9voque des menuiseries de qualit\u00e9s ? Quelques exemples en vrac : un abri de jardin de 6 m\u00b2 avec des fen\u00eatres double vitrage et une porte \u00e0 poign\u00e9e avec serrure \u00e0 clef. Une fen\u00eatre oscillo-battante sur un petit cabanon en madriers de 5 m\u00b2. Des huisseries en inox ou en aluminium. <strong>Des baies vitr\u00e9es ou des porte-fen\u00eatres \u00e0 deux battants.<\/strong> Parmi nos mod\u00e8les les plus haut-de-gamme, les vitrages sont parfois dits \u00ab\u00a0Low-E\u00a0\u00bb. Cela signifie qu&rsquo;ils sont pens\u00e9s pour maximiser l&rsquo;effet du soleil l&rsquo;hiver, tout en pr\u00e9venant son impact n\u00e9gatif l&rsquo;\u00e9t\u00e9&#8230; Imbattable !<\/p>\n<figure id=\"attachment_4733\" aria-describedby=\"caption-attachment-4733\" style=\"width: 590px\" class=\"wp-caption aligncenter\"><a href=\"https:\/\/www.mamaisonmonjardin.com\/270-abri-de-jardin-premium\"><img decoding=\"async\" loading=\"lazy\" class=\"wp-image-4733 size-full\" style=\"border: 1px solid #000000;\" src=\"https:\/\/www.mamaisonmonjardin.com\/blog\/wp-content\/uploads\/2022\/12\/id-84.jpg\" alt=\"chalet bois petite taille\" width=\"590\" height=\"429\" srcset=\"https:\/\/www.mamaisonmonjardin.com\/blog\/wp\/wp-content\/uploads\/2022\/12\/id-84.jpg 590w, https:\/\/www.mamaisonmonjardin.com\/blog\/wp\/wp-content\/uploads\/2022\/12\/id-84-300x218.jpg 300w\" sizes=\"(max-width: 590px) 100vw, 590px\" \/><\/a><figcaption id=\"caption-attachment-4733\" class=\"wp-caption-text\">Verre double vitrage, serrure \u00e0 clef, toiture en Shingle si vous le souhaitez&#8230; M\u00eame si le bois de ce chalet (r\u00e9f\u00e9rence ID2598) est livr\u00e9 brut, ce mod\u00e8le ne manque pas d&rsquo;atouts pour vous convaincre !<\/figcaption><\/figure>\n<h3 style=\"text-align: justify;\">3\/ Le traitement du bois<\/h3>\n<p style=\"text-align: justify;\">Ce n&rsquo;est pas syst\u00e9matique non plus, mais l&rsquo;abri de jardin premium en kit est souvent livr\u00e9 d\u00e9j\u00e0 trait\u00e9. Diff\u00e9rents traitements sont possibles :<\/p>\n<ul>\n<li style=\"text-align: justify;\"><strong>Le traitement par autoclave.<\/strong> Un traitement classique qui consiste \u00e0 injecter une solution protectrice contre les insectes et l&rsquo;humidit\u00e9 en profondeur dans le bois gr\u00e2ce \u00e0 l&rsquo;utilisation d&rsquo;un autoclave pressuris\u00e9.<\/li>\n<li style=\"text-align: justify;\"><strong>Le thermotraitement.<\/strong> Un traitement \u00e0 haute temp\u00e9rature : lorsqu&rsquo;il est expos\u00e9 \u00e0 des temp\u00e9ratures tr\u00e8s \u00e9lev\u00e9es dans un environnement exempt d&rsquo;oxyg\u00e8ne, le bois voit ses propri\u00e9t\u00e9s m\u00e9caniques durablement modifi\u00e9es. Avec, comme cons\u00e9quence : l&rsquo;imputrescibilit\u00e9.&nbsp;<\/li>\n<li><strong>Le Douglas.<\/strong> Ce n&rsquo;est pas un traitement, mais une essence de bois. Cette essence est naturellement r\u00e9sistante \u00e0 l&rsquo;humidit\u00e9. Cela la rend apte \u00e0 un emploi ext\u00e9rieur de type III. Les abris en Douglas sont souvent d&rsquo;une grande qualit\u00e9 !<\/li>\n<\/ul>\n<p style=\"text-align: justify;\">C&rsquo;est forc\u00e9ment un grand confort que de se voir livr\u00e9 un cabanon d\u00e9j\u00e0 trait\u00e9. Lorsque le bois est brut, c&rsquo;est \u00e0 vous d&rsquo;enduire chaque pi\u00e8ce de deux couches de Xyloph\u00e8ne ou d&rsquo;un biocide quelconque avant le montage. Une op\u00e9ration qui prend un certain temps !<\/p>\n<h3 style=\"text-align: justify;\">4\/ Mais un abri de jardin premium, c&rsquo;est aussi&#8230;<\/h3>\n<h4 style=\"text-align: center;\"><em>Une couverture<\/em><\/h4>\n<p style=\"text-align: justify;\">Un abri de jardin premium ne r\u00e9unit pas forc\u00e9ment tous les crit\u00e8res \u00e9nonc\u00e9s ci-dessus. Mais un certain nombre d&rsquo;entre eux ! Et, comme la couverture tient un r\u00f4le important en mati\u00e8re d&rsquo;\u00e9tanch\u00e9it\u00e9 et d&rsquo;isolation, <strong>certains kits proposent des toitures particuli\u00e8res<\/strong> de tr\u00e8s grande qualit\u00e9. Plut\u00f4t que d&rsquo;opter pour un abri de jardin premium avec un toit en feutre bitum\u00e9, vous pourrez choisir une toiture en Shingle, des tuiles composites \u00e0 la tr\u00e8s belle dur\u00e9e de vie ; en EPDM, un mat\u00e9riau qui ne craint rien et peut tenir une cinquantaine d&rsquo;ann\u00e9es ; un bac acier tr\u00e8s r\u00e9sistant, \u00e0 la longue dur\u00e9e de vie&#8230;<\/p>\n<figure id=\"attachment_4732\" aria-describedby=\"caption-attachment-4732\" style=\"width: 597px\" class=\"wp-caption aligncenter\"><a href=\"https:\/\/www.mamaisonmonjardin.com\/270-abri-de-jardin-premium\"><img decoding=\"async\" loading=\"lazy\" class=\"wp-image-4732 size-full\" style=\"border: 1px solid #000000;\" src=\"https:\/\/www.mamaisonmonjardin.com\/blog\/wp-content\/uploads\/2022\/12\/id-83.jpg\" alt=\"chalet bois premium\" width=\"597\" height=\"431\" srcset=\"https:\/\/www.mamaisonmonjardin.com\/blog\/wp\/wp-content\/uploads\/2022\/12\/id-83.jpg 597w, https:\/\/www.mamaisonmonjardin.com\/blog\/wp\/wp-content\/uploads\/2022\/12\/id-83-300x217.jpg 300w\" sizes=\"(max-width: 597px) 100vw, 597px\" \/><\/a><figcaption id=\"caption-attachment-4732\" class=\"wp-caption-text\">Superbe structure que ce chalet premium disponible sous la r\u00e9f\u00e9rence ID2571. 30 m\u00b2 de surface utile ; des madriers de 40 mm ; un bois pr\u00e9alablement trait\u00e9 par autoclave ; des portes-fen\u00eatres en double vitrage ; une toiture imitation tuiles ; et des huisseries en inox&#8230; Voil\u00e0 un mod\u00e8le r\u00e9solument haut-de-gamme !<\/figcaption><\/figure>\n<h4 style=\"text-align: center;\"><em>Des dimensions<\/em><\/h4>\n<p style=\"text-align: justify;\">Parmi nos chalets bois hauts de gamme, les dimensions de certains n&rsquo;exc\u00e8dent pas 5 ou 6 m\u00b2. Il est donc possible de s&rsquo;offrir du tr\u00e8s haut de gamme dans un petit format ! Mais l&rsquo;abri premium se d\u00e9cline aussi <strong>dans des versions grandes dimensions<\/strong>, de 30 m\u00b2 et plus. De quoi cr\u00e9er de v\u00e9ritables petits studios ! Ces dimensions permettent \u00e9galement de diviser les volumes en diff\u00e9rentes pi\u00e8ces. Avec cette r\u00e9partition int\u00e9rieure, de nombreux usages peuvent \u00eatre envisag\u00e9s. L&rsquo;on peut \u00e9galement imaginer des formats singuliers avec des abris en L ou en U.<\/p>\n<h4 style=\"text-align: center;\"><em>Des formes<\/em><\/h4>\n<p style=\"text-align: justify;\">L&rsquo;abri de jardin premium est aussi un chalet qui se veut esth\u00e9tique. Et, ce faisant, qui peut explorer certains terrains singuliers. Nous vous proposons par exemple un mod\u00e8le <strong>avec un toit en demi-lune<\/strong>, plut\u00f4t qu&rsquo;un toit plat ou double pente comme c&rsquo;est souvent le cas. Des d\u00e9bords de toitures peuvent aussi se greffer, jusqu&rsquo;\u00e0 devenir de v\u00e9ritables auvents de terrasse. Autant de petits atouts qui tranchent clairement avec le cabanon de stockage en bois ou en m\u00e9tal auquel vous \u00eates peut-\u00eatre habitu\u00e9 !<\/p>\n","protected":false},"excerpt":{"rendered":"<p>L&rsquo;abri de jardin premium. Comme son nom l&rsquo;indique, il ne s&rsquo;agit pas d&rsquo;un abri de jardin comme les autres&#8230; Mais d&rsquo;un cabanon de qualit\u00e9 sup\u00e9rieure. C&rsquo;est-\u00e0-dire ?<\/p>\n","protected":false},"author":2,"featured_media":4744,"comment_status":"open","ping_status":"closed","sticky":false,"template":"","format":"standard","meta":{"ngg_post_thumbnail":0},"categories":[9],"tags":[],"_links":{"self":[{"href":"https:\/\/www.mamaisonmonjardin.com\/blog\/wp-json\/wp\/v2\/posts\/4742"}],"collection":[{"href":"https:\/\/www.mamaisonmonjardin.com\/blog\/wp-json\/wp\/v2\/posts"}],"about":[{"href":"https:\/\/www.mamaisonmonjardin.com\/blog\/wp-json\/wp\/v2\/types\/post"}],"author":[{"embeddable":true,"href":"https:\/\/www.mamaisonmonjardin.com\/blog\/wp-json\/wp\/v2\/users\/2"}],"replies":[{"embeddable":true,"href":"https:\/\/www.mamaisonmonjardin.com\/blog\/wp-json\/wp\/v2\/comments?post=4742"}],"version-history":[{"count":0,"href":"https:\/\/www.mamaisonmonjardin.com\/blog\/wp-json\/wp\/v2\/posts\/4742\/revisions"}],"wp:featuredmedia":[{"embeddable":true,"href":"https:\/\/www.mamaisonmonjardin.com\/blog\/wp-json\/wp\/v2\/media\/4744"}],"wp:attachment":[{"href":"https:\/\/www.mamaisonmonjardin.com\/blog\/wp-json\/wp\/v2\/media?parent=4742"}],"wp:term":[{"taxonomy":"category","embeddable":true,"href":"https:\/\/www.mamaisonmonjardin.com\/blog\/wp-json\/wp\/v2\/categories?post=4742"},{"taxonomy":"post_tag","embeddable":true,"href":"https:\/\/www.mamaisonmonjardin.com\/blog\/wp-json\/wp\/v2\/tags?post=4742"}],"curies":[{"name":"wp","href":"https:\/\/api.w.org\/{rel}","templated":true}]}}