{"id":4756,"date":"2022-12-23T06:06:03","date_gmt":"2022-12-23T05:06:03","guid":{"rendered":"https:\/\/www.mamaisonmonjardin.com\/blog\/?p=4756"},"modified":"2022-12-22T10:03:52","modified_gmt":"2022-12-22T09:03:52","slug":"quel-abri-de-jardin-a-la-montagne","status":"publish","type":"post","link":"https:\/\/www.mamaisonmonjardin.com\/blog\/quel-abri-de-jardin-a-la-montagne\/","title":{"rendered":"Quel abri de jardin \u00e0 la montagne ?"},"content":{"rendered":"<p style=\"text-align: justify;\">C&rsquo;est bient\u00f4t l&rsquo;hiver, mais la neige s&rsquo;est d\u00e9j\u00e0 invit\u00e9e sur une bonne partie du territoire hexagonal. En montagne, on est habitu\u00e9. Et l&rsquo;on sait choisir <strong>son abri de jardin montagne en fonction<\/strong>&#8230;<!--more--><\/p>\n<p style=\"text-align: justify;\">Car l&rsquo;abri de jardin install\u00e9 en moyenne montagne doit faire face \u00e0 des conditions climatiques d\u00e9licates tout au long de l&rsquo;hiver. La neige, notamment, qui peut durablement endommager votre abri si vous n&rsquo;y faites pas attention. Les cabanons dont on pr\u00e9conise le montage dans les r\u00e9gions expos\u00e9es \u00e0 la neige pr\u00e9sentent des caract\u00e9ristiques tr\u00e8s sp\u00e9cifiques. 1\/ Ils ont g\u00e9n\u00e9ralement un toit double pente, avec des inclinaisons importantes. 2\/ Ils sont con\u00e7us dans des madriers suffisamment \u00e9pais. 3\/ Et ils sont \u00e9quip\u00e9s d&rsquo;une couverture assez r\u00e9sistante, ne craignant pas l&rsquo;humidit\u00e9 qu&rsquo;implique la fonte d&rsquo;une couche de neige respectable.<\/p>\n<p style=\"text-align: justify;\">Petit retour sur ces particularit\u00e9s <strong>qui vous guideront dans le choix de votre kit<\/strong>. Et, si vous n&rsquo;habitez pas en montagne, rassurez-vous, ces qualit\u00e9s sont valables pour tous les environnements !<\/p>\n<h2 style=\"text-align: justify;\">L&rsquo;abri de jardin montagne doit pouvoir affronter la neige. Il doit ainsi pr\u00e9senter diff\u00e9rentes caract\u00e9ristiques : toit double pente, couverture adapt\u00e9e, madriers&#8230; Explications.<\/h2>\n<p style=\"text-align: justify; padding-left: 160px;\">D\u00e9couvrez notre gamme abri de jardin et jouez avec les filtres pour s\u00e9lectionner des <span style=\"color: #ff9900;\"><a style=\"color: #ff9900;\" href=\"https:\/\/www.mamaisonmonjardin.com\/135-abri-de-jardin-bois#\/type_de_toitures-double_pente\" target=\"_blank\" rel=\"noopener\">abris de jardin bois avec toit double pente<\/a><\/span>. Vous trouverez plus facilement votre mod\u00e8le adapt\u00e9 \u00e0 la rude vie hivernale !<\/p>\n<h3 style=\"text-align: justify;\">1\/ L&rsquo;abri de jardin montagne est un cabanon en madriers<\/h3>\n<p style=\"text-align: justify;\">Vous vous en doutez :<strong> l&rsquo;abri de jardin montagne est un cabanon en madriers.<\/strong> Ce n&rsquo;est pas pour rien que le chalet reste l&rsquo;\u00e9difice montagnard par excellence ! Si le bois semble omnipr\u00e9sent dans les r\u00e9gions expos\u00e9es \u00e0 la neige, il y a probablement une raison. Certes, la production de bois y est certainement plus importante que dans d&rsquo;autres secteurs. Mais, surtout, le bois apporte diff\u00e9rentes qualit\u00e9s absolument essentielles :<\/p>\n<ul>\n<li style=\"text-align: justify;\">Avec des madriers, il est possible de cr\u00e9er de solides charpentes, capables de supporter des toitures plus r\u00e9sistantes.<\/li>\n<li style=\"text-align: justify;\">Le bois pr\u00e9sente, en outre, un comportement thermique favorable, qui permet de r\u00e9guler la temp\u00e9rature \u00e0 l&rsquo;int\u00e9rieur (autant que possible !).<\/li>\n<li style=\"text-align: justify;\">Il autorise, enfin, des pentes de toit importantes, de 30 \u00e0 plus de 40\u00b0, ce qui n&rsquo;est pas le cas de ses homologues en m\u00e9tal.<\/li>\n<\/ul>\n<figure id=\"attachment_4758\" aria-describedby=\"caption-attachment-4758\" style=\"width: 705px\" class=\"wp-caption aligncenter\"><a href=\"https:\/\/www.mamaisonmonjardin.com\/135-abri-de-jardin-bois\"><img decoding=\"async\" loading=\"lazy\" class=\"wp-image-4758 size-full\" style=\"border: 1px solid #000000;\" src=\"https:\/\/www.mamaisonmonjardin.com\/blog\/wp-content\/uploads\/2022\/12\/2290-abri-jardin-montagne.jpg\" alt=\"Abri de jardin montagne\" width=\"705\" height=\"487\" srcset=\"https:\/\/www.mamaisonmonjardin.com\/blog\/wp\/wp-content\/uploads\/2022\/12\/2290-abri-jardin-montagne.jpg 705w, https:\/\/www.mamaisonmonjardin.com\/blog\/wp\/wp-content\/uploads\/2022\/12\/2290-abri-jardin-montagne-300x207.jpg 300w\" sizes=\"(max-width: 705px) 100vw, 705px\" \/><\/a><figcaption id=\"caption-attachment-4758\" class=\"wp-caption-text\">R\u00e9f\u00e9rence ID2290 pour cet abri de jardin montagne sur Ma Maison Mon Jardin. Vous remarquerez la petite surface, 8 m\u00b2 environ\u2026 Malgr\u00e9 ses dimensions r\u00e9duites, ce cabanon de stockage est \u00e9quip\u00e9 de madriers de 28 mm. Une belle \u00e9paisseur qui contribue forc\u00e9ment \u00e0 la solidit\u00e9 de la structure et de sa charpente !<\/figcaption><\/figure>\n<h4 style=\"text-align: center;\"><em>Le madrier permet une solidit\u00e9 d&rsquo;ensemble plus importante<\/em><\/h4>\n<p style=\"text-align: justify;\">Ma Maison Mon Jardin vous propose <strong>des cabanes de rangement de 4 m\u00b2 aux madriers de 20 mm<\/strong> : oui, il est possible d&rsquo;avoir des madriers pour les plus petits mod\u00e8les. L&rsquo;int\u00e9r\u00eat ? Assurer une r\u00e9sistance optimale \u00e0 la structure. L\u00e0 o\u00f9 les panneaux risqueraient de s&rsquo;\u00e9crouler sous le poids de la neige, les madriers sont capables de soutenir une charpente plus solide, tout en offrant une meilleure stabilit\u00e9. Mieux, comme le bois met plus de temps \u00e0 rendre les variations de temp\u00e9rature, on a tendance \u00e0 consid\u00e9rer qu&rsquo;il contribue \u00e0 l&rsquo;isolation int\u00e9rieure. Tout du moins \u00e0 la r\u00e9gulation thermique, ce qui permet un \u00e9ventail plus grand d&rsquo;activit\u00e9s \u00e0 l&rsquo;int\u00e9rieur de la cabane ou du chalet (bricolage, cr\u00e9ation, en plus du stockage&#8230;).<\/p>\n<h3 style=\"text-align: justify;\">2\/ Le toit double pans \u00e0 forte pente, une n\u00e9cessit\u00e9<\/h3>\n<p style=\"text-align: justify;\">Si vous avez en t\u00eate de d&rsquo;opter pour un chalet \u00e0 toit plat alors que vous habitez dans une r\u00e9gion montagneuse, \u00e0 1000 ou 1500 m d&rsquo;altitude&#8230; Oubliez cette id\u00e9e ! Vous risqueriez de voir votre toiture se d\u00e9former, s&rsquo;enfoncer, voire s&rsquo;\u00e9crouler aux premi\u00e8res neiges. Non, vous ne pouvez pas y couper : dans ces conditions-l\u00e0, vous devez en passer <strong>par un toit double pente<\/strong> et avec une pente fortement inclin\u00e9e.<\/p>\n<h4 style=\"text-align: center;\"><em>Pour un drainage efficace des eaux<\/em><\/h4>\n<p style=\"text-align: justify;\">Visez 30\u00b0 minimum, 40\u00b0 si possible. L&rsquo;objectif : que le drainage des eaux se fasse aussi efficacement que possible. Le toit double pente rend l&rsquo;adh\u00e9rence de la neige \u00e0 la toiture plus d\u00e9licate et facilite son nettoyage. Pour un cabanon, il est ais\u00e9 de s&#8217;emparer d&rsquo;un balai pour \u00e9vacuer la couche de neige accumul\u00e9e. Lorsqu&rsquo;un redoux se fait sentir, la neige fond et <strong>l&rsquo;eau se trouve imm\u00e9diatement orient\u00e9e vers les goutti\u00e8res<\/strong>. Elle ne risque pas de stagner dans un coin de la toiture, bloqu\u00e9e par un petit tas de feuilles ou de salet\u00e9s rassembl\u00e9es.<\/p>\n<p style=\"text-align: justify;\">Enfin, un toit deux pans n&rsquo;expose au vent qu&rsquo;une moiti\u00e9 de lui-m\u00eame, qu&rsquo;un pan, \u00e0 l&rsquo;inverse du toit double pente qui lui offre plus de surface&#8230; Donc plus de possibilit\u00e9s de se glisser \u00e0 l&rsquo;int\u00e9rieur ! Moins de vent et moins d&rsquo;infiltrations : les deux pans combattent la neige avec succ\u00e8s !<\/p>\n<h3 style=\"text-align: justify;\">3\/ Une couverture solide<\/h3>\n<p style=\"text-align: justify;\">Bien entendu, pour supporter les intemp\u00e9ries, <strong>le chalet bois doit \u00eatre muni d&rsquo;une solide couverture<\/strong>. C&rsquo;est tout l&rsquo;int\u00e9r\u00eat des madriers et d&rsquo;une charpente \u00e0 deux pans : proposer une couverture d&rsquo;un niveau similaire. Oubliez, si possible, la t\u00f4le d&rsquo;un acier trop fin que vous plaqueriez sur quelques voliges dispos\u00e9es en charpente&#8230;<\/p>\n<p style=\"text-align: justify;\">Choisissez plut\u00f4t une toiture en <strong>Shingle<\/strong>, un mat\u00e9riau composite qui marie \u00e0 la fois l&rsquo;esth\u00e9tique et la durabilit\u00e9. Ces tuiles offrent un excellent rendu et sont parfaitement adapt\u00e9es \u00e0 un toit deux pans.<\/p>\n<figure id=\"attachment_4757\" aria-describedby=\"caption-attachment-4757\" style=\"width: 599px\" class=\"wp-caption aligncenter\"><a href=\"https:\/\/www.mamaisonmonjardin.com\/135-abri-de-jardin-bois\"><img decoding=\"async\" loading=\"lazy\" class=\"wp-image-4757 size-full\" style=\"border: 1px solid #000000;\" src=\"https:\/\/www.mamaisonmonjardin.com\/blog\/wp-content\/uploads\/2022\/12\/2058-chalet-bois-montagne.jpg\" alt=\"abri de jardin montagne\" width=\"599\" height=\"437\" srcset=\"https:\/\/www.mamaisonmonjardin.com\/blog\/wp\/wp-content\/uploads\/2022\/12\/2058-chalet-bois-montagne.jpg 599w, https:\/\/www.mamaisonmonjardin.com\/blog\/wp\/wp-content\/uploads\/2022\/12\/2058-chalet-bois-montagne-300x219.jpg 300w\" sizes=\"(max-width: 599px) 100vw, 599px\" \/><\/a><figcaption id=\"caption-attachment-4757\" class=\"wp-caption-text\">R\u00e9f\u00e9rence ID2058 pour ce beau chalet bois sur Ma Maison Mon Jardin. 9 m\u00b2 de surface, des madriers \u00e9pais de 28 mm. Et une couverture constitu\u00e9e de Shingle, un choix qui permet de maximiser la r\u00e9sistance du cabanon de stockage. La qualit\u00e9 est au rendez-vous, tout comme la durabilit\u00e9, puisque cette couverture peut tenir 25 \u00e0 30 ans sans p\u00e9ricliter.<\/figcaption><\/figure>\n<h4 style=\"text-align: center;\"><em>Du Shingle pour votre abri de jardin montagne !<\/em><\/h4>\n<p style=\"text-align: justify;\">Peut-on se contenter de<strong> feutre bitum\u00e9<\/strong> ? On ne le conseille pas. Certes, le feutre bitum\u00e9 assure une bonne \u00e9tanch\u00e9it\u00e9 de la toiture, c&rsquo;est ind\u00e9niable. Mais il est trop fragile et pas assez solide sur le long terme.<\/p>\n<p style=\"text-align: justify;\">Les <strong>bardeaux<\/strong> <strong>de bois<\/strong> &#8211; puisque certains de nos kits en proposent &#8211; constituent \u00e9galement un choix tr\u00e8s qualitatif et rassurant. Tout comme les<strong> tuiles cellulomin\u00e9rales<\/strong>, de type Onduvilla, par exemple. Qui plus est, des rev\u00eatements plut\u00f4t r\u00e9ussis visuellement !<\/p>\n","protected":false},"excerpt":{"rendered":"<p>C&rsquo;est bient\u00f4t l&rsquo;hiver, mais la neige s&rsquo;est d\u00e9j\u00e0 invit\u00e9e sur une bonne partie du territoire hexagonal. En montagne, on est habitu\u00e9. Et l&rsquo;on sait choisir son abri de jardin montagne en fonction&#8230;<\/p>\n","protected":false},"author":2,"featured_media":4760,"comment_status":"open","ping_status":"closed","sticky":false,"template":"","format":"standard","meta":{"ngg_post_thumbnail":0},"categories":[9],"tags":[],"_links":{"self":[{"href":"https:\/\/www.mamaisonmonjardin.com\/blog\/wp-json\/wp\/v2\/posts\/4756"}],"collection":[{"href":"https:\/\/www.mamaisonmonjardin.com\/blog\/wp-json\/wp\/v2\/posts"}],"about":[{"href":"https:\/\/www.mamaisonmonjardin.com\/blog\/wp-json\/wp\/v2\/types\/post"}],"author":[{"embeddable":true,"href":"https:\/\/www.mamaisonmonjardin.com\/blog\/wp-json\/wp\/v2\/users\/2"}],"replies":[{"embeddable":true,"href":"https:\/\/www.mamaisonmonjardin.com\/blog\/wp-json\/wp\/v2\/comments?post=4756"}],"version-history":[{"count":0,"href":"https:\/\/www.mamaisonmonjardin.com\/blog\/wp-json\/wp\/v2\/posts\/4756\/revisions"}],"wp:featuredmedia":[{"embeddable":true,"href":"https:\/\/www.mamaisonmonjardin.com\/blog\/wp-json\/wp\/v2\/media\/4760"}],"wp:attachment":[{"href":"https:\/\/www.mamaisonmonjardin.com\/blog\/wp-json\/wp\/v2\/media?parent=4756"}],"wp:term":[{"taxonomy":"category","embeddable":true,"href":"https:\/\/www.mamaisonmonjardin.com\/blog\/wp-json\/wp\/v2\/categories?post=4756"},{"taxonomy":"post_tag","embeddable":true,"href":"https:\/\/www.mamaisonmonjardin.com\/blog\/wp-json\/wp\/v2\/tags?post=4756"}],"curies":[{"name":"wp","href":"https:\/\/api.w.org\/{rel}","templated":true}]}}