{"id":5140,"date":"2023-12-21T18:19:11","date_gmt":"2023-12-21T17:19:11","guid":{"rendered":"https:\/\/www.mamaisonmonjardin.com\/blog\/?p=5140"},"modified":"2024-05-18T12:41:39","modified_gmt":"2024-05-18T10:41:39","slug":"conseils-quelles-precautions-prendre-avant-le-montage-de-son-abri-de-jardin","status":"publish","type":"post","link":"https:\/\/www.mamaisonmonjardin.com\/blog\/conseils-quelles-precautions-prendre-avant-le-montage-de-son-abri-de-jardin\/","title":{"rendered":"Conseils : quelles pr\u00e9cautions prendre avant le montage de son abri de jardin ?"},"content":{"rendered":"<p style=\"text-align: justify;\">Avant de se lancer dans <strong>le montage de son abri de jardin<\/strong>, il y a quelques pr\u00e9cautions \u00e0 prendre. Voici nos conseils du jour pour \u00e9viter les m\u00e9saventures et les mauvaises surprises!<!--more--><\/p>\n<p style=\"text-align: justify;\">Vous avez pris rendez-vous avec le transporteur et, enfin, vous vous appr\u00eatez \u00e0 r\u00e9ceptionner votre abri de jardin apr\u00e8s quelques semaines d&rsquo;attente. C&rsquo;est l&rsquo;\u00e9tape d\u00e9cisive qui se profile alors : le montage. Vous \u00eates bricoleur ? Vous pouvez l&rsquo;envisager sereinement. Et vous lancer dans l&rsquo;installation du cabanon d\u00e8s la r\u00e9ception du kit ! Vous l&rsquo;\u00eates moins ? Attention, il y a quelques pr\u00e9cautions \u00e0 prendre avant d&rsquo;attaquer le montage.<\/p>\n<p style=\"text-align: justify;\">Lesquelles ? Voici un rapide rappel de quelques r\u00e8gles \u00e9l\u00e9mentaires \u00e0 respecter !<\/p>\n<h2 style=\"text-align: justify;\">Vous vous attaquez au montage de votre abri de jardin ? Voici nos conseils quant aux pr\u00e9cautions \u00e0 prendre avant de vous lancer !<\/h2>\n<p style=\"text-align: justify;\">Et oui, on ne monte pas un abri de jardin comme on monte un meuble Ikea. Le principe est pourtant similaire, mais l&rsquo;installation un peu plus exigeante. C&rsquo;est d&rsquo;ailleurs la raison pour laquelle le montage est une \u00e9tape parfois redout\u00e9e ! \u00c0 tort, g\u00e9n\u00e9ralement : <strong>il n&rsquo;y a pas besoin d&rsquo;\u00eatre le meilleur des bricoleurs pour monter un cabanon<\/strong>. Il faut juste \u00eatre \u00e9quip\u00e9 : 1\/ d&rsquo;une petite trousse \u00e0 outils ; 2\/ de la notice de montage ; 3\/ et d&rsquo;une dose de bon sens ! Les morceaux de bravoure, les chalets les plus complexes \u00e0 installer, sont g\u00e9n\u00e9ralement les mod\u00e8les les plus vastes et complets : des chalets de 40 m\u00b2 dont les multiples fonctionnalit\u00e9s et finitions sp\u00e9cifiques (baies vitr\u00e9es, serrures, parois int\u00e9rieures&#8230;) repr\u00e9sentent une difficult\u00e9 tout autre. Rien \u00e0 voir avec les cabanes de rangement de 5 \u00e0 15 m\u00b2 que l&rsquo;on trouve le plus souvent dans nos jardins !<\/p>\n<p style=\"text-align: justify;\">Pour vous aider, voici un petit condens\u00e9 de r\u00e8gles qu&rsquo;il vaut mieux respecter pour organiser correctement le montage de son abri. Et faire en sorte que tout se passe bien, aussi vite que possible !<\/p>\n<h3 style=\"text-align: justify;\">1\/ Avant le montage de votre abri de jardin, faites l&rsquo;inventaire des pi\u00e8ces livr\u00e9es dans le kit<\/h3>\n<p style=\"text-align: justify;\">La quincaillerie. Les planches. La toiture. Les fen\u00eatres. Un kit d&rsquo;abri de jardin, c&rsquo;est souvent 150 \u00e0 300 kg de mat\u00e9riel et de mat\u00e9riaux. La premi\u00e8re chose \u00e0 faire pour attaquer sereinement le montage, c&rsquo;est donc un petit recensement g\u00e9n\u00e9ral, certes fastidieux, mais n\u00e9cessaire. Installez-vous<strong> \u00e0 l&rsquo;abri des intemp\u00e9ries<\/strong> si vous le pouvez. Ou attendez un jour ensoleill\u00e9 si vous n&rsquo;avez pas de garage !<\/p>\n<figure id=\"attachment_5145\" aria-describedby=\"caption-attachment-5145\" style=\"width: 666px\" class=\"wp-caption aligncenter\"><img decoding=\"async\" loading=\"lazy\" class=\"wp-image-5145 size-full\" style=\"border: 1px solid #000000;\" src=\"https:\/\/www.mamaisonmonjardin.com\/blog\/wp\/wp-content\/uploads\/2023\/12\/id-2023-12-21T092437.532.webp\" alt=\"faites l'inventaire des pi\u00e8ces de montage de votre abri avec la nomenclature\" width=\"666\" height=\"487\" srcset=\"https:\/\/www.mamaisonmonjardin.com\/blog\/wp\/wp-content\/uploads\/2023\/12\/id-2023-12-21T092437.532.webp 666w, https:\/\/www.mamaisonmonjardin.com\/blog\/wp\/wp-content\/uploads\/2023\/12\/id-2023-12-21T092437.532-300x219.webp 300w\" sizes=\"(max-width: 666px) 100vw, 666px\" \/><figcaption id=\"caption-attachment-5145\" class=\"wp-caption-text\">Il y a beaucoup de pi\u00e8ces et de quincaillerie dans un abri de jardin. Ici, c&rsquo;est cette patte de fixation, la vis centrale, la vis sup\u00e9rieure et un \u00e9crou&#8230; On pr\u00e9conise toujours de v\u00e9rifier, nomenclature sous les yeux, qu&rsquo;il ne manque pas la petite pi\u00e8ce dont l&rsquo;absence risque de vous bloquer ult\u00e9rieurement.<\/figcaption><\/figure>\n<h4 style=\"text-align: justify;\">Basez-vous sur la nomenclature du kit<\/h4>\n<p style=\"text-align: justify;\"><strong>D\u00e9ballez les nombreuses et diff\u00e9rentes pi\u00e8ces<\/strong> et organisez-les th\u00e9matiquement en vous appuyant sur la nomenclature. Cela risque de vous prendre un peu de temps, \u00e9videmment. Mais c&rsquo;est essentiel&#8230; \u00e0 moins de faire un pari. On le sait, quand on monte un meuble, il arrive qu&rsquo;une pi\u00e8ce manque ou qu&rsquo;elle soit d\u00e9fectueuse. En sacrifiant l&rsquo;inventaire en amont, on fait le petit pari que tout ira bien&#8230; C&rsquo;est certainement le cas dans la grande majeure partie des cas. Mais un accident peut arriver !<\/p>\n<h4 style=\"text-align: justify;\">L&rsquo;inventaire permet de se pr\u00e9parer aux impr\u00e9vus&#8230; et d&rsquo;y pallier !<\/h4>\n<p style=\"text-align: justify;\">Dans le cas d&rsquo;un abri de jardin, un madrier ou une planche peut \u00eatre ab\u00eem\u00e9, fendu, pas pr\u00e9-perc\u00e9. <strong>Tous ces impr\u00e9vus ne sont pas probl\u00e9matiques<\/strong> : des planches qui ne sont pas pr\u00e9-perc\u00e9es ne posent pas de probl\u00e8me particulier. En revanche, s&rsquo;il manque une pi\u00e8ce fondamentale, vous serez emb\u00eat\u00e9&#8230;<\/p>\n<p style=\"text-align: justify;\">Bref, chacun fait comme il veut en fonction du temps dont il dispose. Mais oui, on ne peut que vous le conseiller : <strong>faites cet inventaire pr\u00e9alable<\/strong>. Cela vous permettra de comprendre un peu plus le montage de votre cabanon ! Et, s&rsquo;il vous manque une pi\u00e8ce ou si l&rsquo;une d&rsquo;entre elles vous semble d\u00e9fectueuse : appelez-nous ! Vous trouverez une oreille attentive qui tentera de r\u00e9gler le probl\u00e8me en vous envoyant de quoi remplacer la pi\u00e8ce en question.<\/p>\n<h3 style=\"text-align: justify;\">2\/ Faites attention \u00e0 la m\u00e9t\u00e9o !<\/h3>\n<p style=\"text-align: justify;\">Vous vous en doutez : <strong>on ne monte pas un abri de jardin sous la temp\u00eate<\/strong>. Il faut attendre que la m\u00e9t\u00e9o soit cl\u00e9mente. Un peu de soleil et, surtout, pas de grand vent : un vent qui souffle un peu fort peut envoyer par terre les parois de votre abri avant qu&rsquo;elles ne soient correctement fix\u00e9es. Celles-ci, lorsqu&rsquo;elles sont incompl\u00e8tes, offrent beaucoup de prise au vent. Une catastrophe est vite arriv\u00e9e !<\/p>\n<figure id=\"attachment_5147\" aria-describedby=\"caption-attachment-5147\" style=\"width: 600px\" class=\"wp-caption aligncenter\"><img decoding=\"async\" loading=\"lazy\" class=\"wp-image-5147 size-full\" style=\"border: 1px solid #000000;\" src=\"https:\/\/www.mamaisonmonjardin.com\/blog\/wp\/wp-content\/uploads\/2023\/12\/MMMJFA-format-image-corps-de-texte-1.png\" alt=\"attention \u00e0 la m\u00e9t\u00e9o pour monter votre abri\" width=\"600\" height=\"450\" srcset=\"https:\/\/www.mamaisonmonjardin.com\/blog\/wp\/wp-content\/uploads\/2023\/12\/MMMJFA-format-image-corps-de-texte-1.png 600w, https:\/\/www.mamaisonmonjardin.com\/blog\/wp\/wp-content\/uploads\/2023\/12\/MMMJFA-format-image-corps-de-texte-1-300x225.png 300w\" sizes=\"(max-width: 600px) 100vw, 600px\" \/><figcaption id=\"caption-attachment-5147\" class=\"wp-caption-text\">Un exemple parlant : on a attaqu\u00e9 le montage de cet abri de jardin en r\u00e9sine un jour de grand vent. R\u00e9sultat : \u00e0 la moiti\u00e9 de l&rsquo;installation, une bourrasque a souffl\u00e9 sur les parois qui n&rsquo;\u00e9taient pas compl\u00e8tement fix\u00e9es. L&rsquo;abri est par terre, les pi\u00e8ces cass\u00e9es et inutilisables. La morale de l&rsquo;histoire : la m\u00e9t\u00e9o est essentielle !<\/figcaption><\/figure>\n<h4 style=\"text-align: justify;\">Et quand il faut traiter l&rsquo;abri ?<\/h4>\n<p style=\"text-align: justify;\">Lorsque l&rsquo;abri est en bois, <strong>il faut g\u00e9n\u00e9ralement le traiter<\/strong>. Or, la m\u00e9t\u00e9o a une grosse incidence sur le traitement ou l&rsquo;\u00e9ventuelle lasure que vous pourriez souhaiter passer. Le temps de s\u00e9chage peut \u00eatre trop rapide et l&rsquo;application manquer d&rsquo;uniformit\u00e9 ; ou pas assez, et vous imposer de grandes pauses. Pour bien traiter un cabanon en bois, le mieux est de travailler par 20\u00b0C, \u00e0 l&rsquo;abri d&rsquo;un soleil trop direct, un jour sans vent.&nbsp;<\/p>\n<p style=\"text-align: justify;\">Bon, on ne va pas se mentir : on n&rsquo;a pas toujours toutes ces conditions le jour du montage. Mais il vaut mieux en cocher quelques-unes quand m\u00eame.<\/p>\n<h3 style=\"text-align: justify;\">3\/ V\u00e9rifiez votre dalle en b\u00e9ton<\/h3>\n<p style=\"text-align: justify;\">Si tout se passe bien, vous devriez avoir cal\u00e9 la r\u00e9ception de votre abri de jardin <strong>sur les d\u00e9lais de s\u00e9chage de votre dalle b\u00e9ton<\/strong>. Car cette derni\u00e8re est obligatoire dans quasiment toutes les situations ! Si vous faites l&rsquo;impasse sur la dalle, vous aurez probablement des plots b\u00e9ton \u00e0 couler tout de m\u00eame. Il est n\u00e9cessaire de respecter le s\u00e9chage avant de proc\u00e9der au montage de l&rsquo;abri.&nbsp;<\/p>\n<h4 style=\"text-align: justify;\">La dalle permet de monter l&rsquo;abri dans de bonnes conditions<\/h4>\n<p style=\"text-align: justify;\">Si on pr\u00e9conise la dalle b\u00e9ton pour des raisons de s\u00e9curit\u00e9, <strong>l&rsquo;abri devant \u00eatre solidement ancr\u00e9<\/strong> au sol, son importance va bien au-del\u00e0&#8230; La dalle, c&rsquo;est le support de votre cabanon. Son socle. Oui, elle permet de le fixer, mais elle permet surtout de le monter dans de bonnes conditions, en plus d&rsquo;en assurer l&rsquo;\u00e9tanch\u00e9it\u00e9.&nbsp;<\/p>\n<h4 style=\"text-align: justify;\">Une dalle qui n&rsquo;est pas de niveau ? Vous aurez \u00e0 compenser la pente durant tout le montage !<\/h4>\n<p style=\"text-align: justify;\"><strong>Car votre dalle doit \u00eatre plane et de niveau.<\/strong> Ce faisant, elle permet le montage de l&rsquo;abri selon les standards de la notice. Et oui, la notice part du principe qu&rsquo;elle est effectivement de niveau ! D\u00e8s lors, si elle ne l&rsquo;est pas, vous constaterez rapidement les difficult\u00e9s qui en d\u00e9coulent&#8230; Les trous ne seront plus \u00e0 l&rsquo;endroit o\u00f9 ils doivent \u00eatre, vous aurez \u00e0 r\u00e9ajuster l&rsquo;ensemble de l&rsquo;abri, \u00e0 compenser la pente&#8230; \u00c0 refaire des pr\u00e9-per\u00e7ages ! Et ce n&rsquo;est pas tout : si vous montez tout de m\u00eame votre chalet sur une dalle qui n&rsquo;est pas de niveau, vous aurez peut-\u00eatre, les jours de pluie, de grosses entr\u00e9es d&rsquo;eau \u00e0 l&rsquo;int\u00e9rieur.<\/p>\n<figure id=\"attachment_5143\" aria-describedby=\"caption-attachment-5143\" style=\"width: 666px\" class=\"wp-caption aligncenter\"><img decoding=\"async\" loading=\"lazy\" class=\"wp-image-5143 size-full\" style=\"border: 1px solid #000000;\" src=\"https:\/\/www.mamaisonmonjardin.com\/blog\/wp\/wp-content\/uploads\/2023\/12\/id-2023-12-21T092535.176.webp\" alt=\"la dalle b\u00e9ton est importante pour le montage de votre cabanon\" width=\"666\" height=\"487\" srcset=\"https:\/\/www.mamaisonmonjardin.com\/blog\/wp\/wp-content\/uploads\/2023\/12\/id-2023-12-21T092535.176.webp 666w, https:\/\/www.mamaisonmonjardin.com\/blog\/wp\/wp-content\/uploads\/2023\/12\/id-2023-12-21T092535.176-300x219.webp 300w\" sizes=\"(max-width: 666px) 100vw, 666px\" \/><figcaption id=\"caption-attachment-5143\" class=\"wp-caption-text\">Si votre dalle n&rsquo;est pas de niveau, c&rsquo;est tout votre abri de jardin qui risque d&rsquo;\u00eatre bancal, les \u00e9cartements, les mesures, les indications forc\u00e9ment remises en cause. Et donc, l&rsquo;ensemble mal install\u00e9 ! Suivez bien les instructions du plan de soubassement, coulez soigneusement votre dalle et faites en sorte qu&rsquo;elle soit parfaitement de niveau.<\/figcaption><\/figure>\n<p style=\"text-align: justify;\">En un mot comme en cent : avant de monter votre abri, v\u00e9rifiez soigneusement le niveau de votre dalle. Et faites un ragr\u00e9age imm\u00e9diat si elle ne l&rsquo;est pas. Ou alors&#8230;<\/p>\n<h4 style=\"text-align: justify;\">Le joint d&rsquo;\u00e9tanch\u00e9it\u00e9 pour \u00e9viter les infiltrations et solutionner les probl\u00e8mes de niveau<\/h4>\n<p style=\"text-align: justify;\">&#8230; ou alors, <span style=\"color: #ff9900;\"><a style=\"color: #ff9900;\" href=\"https:\/\/www.mamaisonmonjardin.com\/content\/76-rouleau-etancheite-abri\" target=\"_blank\" rel=\"noopener\">posez un joint d&rsquo;\u00e9tanch\u00e9it\u00e9<\/a><\/span> ! On le conseille toujours, quelles que soient les conditions. Sur la dalle en b\u00e9ton, vous pouvez en effet coller un joint d&rsquo;\u00e9tanch\u00e9it\u00e9, qui consiste en une membrane EPDM large de 35 mm et haute de 10 mm. <strong>Autoadh\u00e9sive<\/strong>, ce qui facilite sa pose, elle se trouve ensuite comprim\u00e9e par les madriers bois ou composite, ou les panneaux. Ce rouleau, vous pouvez le trouver sur notre site dans une version 10 m ou une version doubl\u00e9e, avec 20 m\u00e8tres lin\u00e9aires.&nbsp;<\/p>\n<p><a href=\"https:\/\/www.mamaisonmonjardin.com\/2805-id.html\"><img decoding=\"async\" loading=\"lazy\" class=\"alignleft\" src=\"https:\/\/www.mamaisonmonjardin.com\/img\/cms\/Options%20indispensables\/FA%20MMMJ%20-%20pub%20joint%202%20(2).jpg\" alt=\"joint d'\u00e9tanch\u00e9it\u00e9 10m\" width=\"364\" height=\"273\"><\/a> <a href=\"https:\/\/www.mamaisonmonjardin.com\/2806-1x-rouleau-etancheite-10-m.html\"><img decoding=\"async\" loading=\"lazy\" class=\"alignright\" src=\"https:\/\/www.mamaisonmonjardin.com\/img\/cms\/Options%20indispensables\/FA%20MMMJ%20-%20pub%20joint%202%20(3).jpg\" alt=\"joint d'\u00e9tanch\u00e9it\u00e9 20 m\" width=\"364\" height=\"273\"><\/a><\/p>\n<h3 style=\"text-align: justify;\">4\/ Pr\u00e9parez votre zone de travail et rassemblez tous les \u00e9quipements n\u00e9cessaires<\/h3>\n<p style=\"text-align: justify;\">Vous avez proc\u00e9d\u00e9 aux v\u00e9rifications pr\u00e9c\u00e9dentes ? Il est temps de passer \u00e0 l&rsquo;action. <strong>Am\u00e9nagez votre zone de travail<\/strong> \u00e0 c\u00f4t\u00e9 de la dalle b\u00e9ton. Et rassemblez tous les \u00e9quipements et outils n\u00e9cessaires. Tirez une rallonge pour avoir l&rsquo;\u00e9lectricit\u00e9 \u00e0 port\u00e9e de main.<\/p>\n<p>Pr\u00e9parer la zone de travail, c&rsquo;est aussi faire en sorte que <strong>les enfants et les animaux domestiques<\/strong> ne viennent pas vous g\u00eaner. Un chien trop affectueux qui saute au milieu de la quincaillerie&#8230; et c&rsquo;est la catastrophe ! Un enfant qui joue avec la visseuse, c&rsquo;est un souci aussi&#8230;<\/p>\n<p style=\"text-align: justify;\">Il faut \u00eatre rationnel.<\/p>\n<h3 style=\"text-align: justify;\">5\/ Faites-vous aider : le montage d&rsquo;un abri de jardin, c&rsquo;est toujours \u00e0 plusieurs !<\/h3>\n<p style=\"text-align: justify;\">On peut monter un abri de jardin tout seul. C&rsquo;est l&rsquo;\u00e9vidence : un cabanon de 4 ou 5 m\u00b2 n&rsquo;est pas particuli\u00e8rement difficile \u00e0 installer. Pour autant, <strong>on vous recommandera TOUJOURS de vous faire aider ou de vous faire assister<\/strong>. La raison est simple : porter un panneau ne serait-ce que de 2 m de large le temps de le fixer au sol ou le temps de le joindre \u00e0 un autre panneau, le tout en faisant en sorte qu&rsquo;il soit correctement fix\u00e9 et de niveau, et en maniant la visseuse de l&rsquo;autre main&#8230; c&rsquo;est une gageure. On y arrive, mais il est fort probable que l&rsquo;abri ne soit pas parfaitement mont\u00e9.&nbsp;<\/p>\n<p style=\"text-align: justify;\">Ne prenez pas de risque : avec une aide, une assistance, quelqu&rsquo;un qui tient les panneaux le temps que vous les fixiez, vous serez tranquille !<\/p>\n<p style=\"text-align: justify;\">Dans tous les cas, bien entendu, il est inenvisageable d&rsquo;installer tout seul un chalet vaste, un peu complexe.<\/p>\n<figure id=\"attachment_5144\" aria-describedby=\"caption-attachment-5144\" style=\"width: 687px\" class=\"wp-caption aligncenter\"><img decoding=\"async\" loading=\"lazy\" class=\"wp-image-5144 size-full\" style=\"border: 1px solid #000000;\" src=\"https:\/\/www.mamaisonmonjardin.com\/blog\/wp\/wp-content\/uploads\/2023\/12\/id-2023-12-21T092526.876.webp\" alt=\"faites-vous aider : on ne monte pas un abri tout seul, mais \u00e0 deux ou trois personnes !\" width=\"687\" height=\"487\" srcset=\"https:\/\/www.mamaisonmonjardin.com\/blog\/wp\/wp-content\/uploads\/2023\/12\/id-2023-12-21T092526.876.webp 687w, https:\/\/www.mamaisonmonjardin.com\/blog\/wp\/wp-content\/uploads\/2023\/12\/id-2023-12-21T092526.876-300x213.webp 300w\" sizes=\"(max-width: 687px) 100vw, 687px\" \/><figcaption id=\"caption-attachment-5144\" class=\"wp-caption-text\">Pr\u00e9parez et s\u00e9curisez votre zone de travail pour \u00eatre aussi efficace que possible. Et faites-vous assister : il est difficile de monter correctement une cabane de stockage, quels que soient ses mat\u00e9riaux, quelles que soient ses dimensions, lorsqu&rsquo;on est tout seul.<\/figcaption><\/figure>\n<h3 style=\"text-align: justify;\">6\/ Pressez-vous&#8230; sans vous presser<\/h3>\n<p style=\"text-align: justify;\">Notre dernier conseil est un peu paradoxal. Pour monter son abri, il faut se presser sans se presser. D&rsquo;un c\u00f4t\u00e9, <strong>il ne faut pas laisser un cabanon en plan<\/strong>, inachev\u00e9, en proie aux al\u00e9as climatiques : c&rsquo;est le meilleur moyen de le retrouver par terre. Un bon montage ne devrait pas exc\u00e9der deux ou trois jours.&nbsp;<\/p>\n<p style=\"text-align: justify;\">Mais de l&rsquo;autre, <strong>il ne faut pas se pr\u00e9cipiter<\/strong>. On a souvent tendance \u00e0 vouloir r\u00e9gler les probl\u00e8mes tout de suite, par soi-m\u00eame, pour ne pas retarder le programme initial. Or, il faut parfois accepter les impr\u00e9vus pour que le montage soit r\u00e9ussi. S&rsquo;il manque une pi\u00e8ce, mieux vaut s&rsquo;en faire renvoyer une plut\u00f4t que de bricoler une solution pas tout \u00e0 fait convaincante. Si la m\u00e9t\u00e9o n&rsquo;est pas tout \u00e0 fait favorable, il vaut mieux reporter. Si l&rsquo;on sait devoir \u00eatre seul un moment, il vaut peut-\u00eatre mieux patienter.<\/p>\n<p style=\"text-align: justify;\">Surtout, si vous ne suivez pas les instructions de montage, vous serez seul responsable des avaries \u00e9ventuelles \u00e0 venir. Soyez prudent, m\u00e9fiez-vous, et n&rsquo;h\u00e9sitez pas \u00e0 nous appeler pour vous faire conseiller !<\/p>\n","protected":false},"excerpt":{"rendered":"<p>Avant de se lancer dans le montage de son abri de jardin, il y a quelques pr\u00e9cautions \u00e0 prendre. Voici nos conseils du jour pour \u00e9viter les m\u00e9saventures et les mauvaises surprises!<\/p>\n","protected":false},"author":2,"featured_media":5141,"comment_status":"open","ping_status":"closed","sticky":false,"template":"","format":"standard","meta":{"ngg_post_thumbnail":0},"categories":[9],"tags":[],"_links":{"self":[{"href":"https:\/\/www.mamaisonmonjardin.com\/blog\/wp-json\/wp\/v2\/posts\/5140"}],"collection":[{"href":"https:\/\/www.mamaisonmonjardin.com\/blog\/wp-json\/wp\/v2\/posts"}],"about":[{"href":"https:\/\/www.mamaisonmonjardin.com\/blog\/wp-json\/wp\/v2\/types\/post"}],"author":[{"embeddable":true,"href":"https:\/\/www.mamaisonmonjardin.com\/blog\/wp-json\/wp\/v2\/users\/2"}],"replies":[{"embeddable":true,"href":"https:\/\/www.mamaisonmonjardin.com\/blog\/wp-json\/wp\/v2\/comments?post=5140"}],"version-history":[{"count":0,"href":"https:\/\/www.mamaisonmonjardin.com\/blog\/wp-json\/wp\/v2\/posts\/5140\/revisions"}],"wp:featuredmedia":[{"embeddable":true,"href":"https:\/\/www.mamaisonmonjardin.com\/blog\/wp-json\/wp\/v2\/media\/5141"}],"wp:attachment":[{"href":"https:\/\/www.mamaisonmonjardin.com\/blog\/wp-json\/wp\/v2\/media?parent=5140"}],"wp:term":[{"taxonomy":"category","embeddable":true,"href":"https:\/\/www.mamaisonmonjardin.com\/blog\/wp-json\/wp\/v2\/categories?post=5140"},{"taxonomy":"post_tag","embeddable":true,"href":"https:\/\/www.mamaisonmonjardin.com\/blog\/wp-json\/wp\/v2\/tags?post=5140"}],"curies":[{"name":"wp","href":"https:\/\/api.w.org\/{rel}","templated":true}]}}