{"id":580,"date":"2014-02-27T06:01:00","date_gmt":"2014-02-27T05:01:00","guid":{"rendered":"http:\/\/www.mamaisonmonjardin.com\/blog\/?p=580"},"modified":"2015-01-12T17:26:45","modified_gmt":"2015-01-12T16:26:45","slug":"salons-foires-co-rendez-vous-mois-mars-2014","status":"publish","type":"post","link":"https:\/\/www.mamaisonmonjardin.com\/blog\/salons-foires-co-rendez-vous-mois-mars-2014\/","title":{"rendered":"Salons, Foires &#038; Co &#8211; Les rendez-vous du mois de mars 2014"},"content":{"rendered":"<p style=\"text-align: justify;\">Ma Maison Mon Jardin vous annonce <strong>tous les salons et expositions<\/strong>, r\u00e9gion par r\u00e9gion, sur le th\u00e8me de la <strong>maison<\/strong>. Et ils sont nombreux pour le mois de mars !<br \/>\nLe <strong>jardin<\/strong> est aussi \u00e0 l\u2019honneur avec l\u2019arriv\u00e9e des beaux jours.<\/p>\n<p style=\"text-align: justify;\">Professionnels ou particuliers, allez \u00e0 la rencontre des sp\u00e9cialistes de la maison en mati\u00e8re d\u2019am\u00e9nagement int\u00e9rieur et ext\u00e9rieur, de botanique, mais aussi de d\u00e9coration ou r\u00e9novation.<br \/>\n<!--more--><\/p>\n<h2 style=\"text-align: justify;\"><span style=\"color: #99cc00;\">Alsace<\/span><\/h2>\n<h3 style=\"text-align: justify;\"><a href=\"http:\/\/energiehabitat-colmar.fr\" target=\"_blank\"><strong><span style=\"text-decoration: underline;\"><span style=\"color: #3366ff; text-decoration: underline;\">Salon Energie\u00a0Habitat<\/span><\/span><\/strong><\/a><\/h3>\n<p style=\"text-align: justify;\"><em>Colmar Expo, Colmar<\/em><br \/>\n<em><span style=\"color: #ff9900;\">Du 14\/03 au 17\/03, 11h-20h le vendredi, 10h-20h le samedi, 10h-19h le dimanche, et 10h-18h le lundi. Entr\u00e9e 4\u20ac et pr\u00e9vente sur le site, gratuit pour les \u00e9tudiants et les moins de 15 ans, gratuit le vendredi pour tous, et le lundi pour les s\u00e9niors.<\/span><\/em><br \/>\n<img decoding=\"async\" loading=\"lazy\" class=\" wp-image-588 alignleft\" alt=\"Salon de Colmar 2014\" src=\"https:\/\/www.mamaisonmonjardin.com\/blog\/wp-content\/uploads\/2014\/01\/blocmarqueEH_141-300x194.jpg\" width=\"280\" height=\"174\" \/><\/p>\n<p style=\"text-align: justify;\">Rendez-vous avant le printemps, le salon Habitat Energies ouvre ses portes pour un grand week-end.<br \/>\nSeront sur place les secteurs du b\u00e2timent et\u00a0 des \u00e9nergies renouvelables.<\/p>\n<p style=\"text-align: justify;\">Vous pourrez d\u00e9couvrir les nouveaut\u00e9s et les tendances de cette ann\u00e9e.<\/p>\n<h2 style=\"text-align: justify;\"><span style=\"color: #99cc00;\">Aquitaine<\/span><\/h2>\n<h3 style=\"text-align: justify;\"><strong><span style=\"color: #3366ff;\"><a href=\"http:\/\/www.salonhabitatvilleneuve.com\/\" target=\"_blank\"><span style=\"color: #3366ff; text-decoration: underline;\">Salon de l\u2019Habitat<\/span><\/a><\/span><\/strong><\/h3>\n<p style=\"text-align: justify;\"><em>Parc des Expositions, Villeneuve sur lot<\/em><br \/>\n<em><span style=\"color: #ff9900;\">Du 28\/02 au 02\/03, de 10h \u00e0 19h, entr\u00e9e gratuite<br \/>\n<\/span><\/em><img decoding=\"async\" loading=\"lazy\" class=\"size-medium wp-image-611 alignleft\" title=\"Salon vileneuve sur lot\" alt=\"affiche[1]\" src=\"https:\/\/www.mamaisonmonjardin.com\/blog\/wp-content\/uploads\/2014\/01\/affiche1-300x193.jpg\" width=\"300\" height=\"193\" srcset=\"https:\/\/www.mamaisonmonjardin.com\/blog\/wp\/wp-content\/uploads\/2014\/01\/affiche1-300x193.jpg 300w, https:\/\/www.mamaisonmonjardin.com\/blog\/wp\/wp-content\/uploads\/2014\/01\/affiche1.jpg 577w\" sizes=\"(max-width: 300px) 100vw, 300px\" \/><\/p>\n<p style=\"text-align: justify;\">En ce mois de mars, le salon donne rendez-vous aux professionnels de nombreux secteurs\u00a0: artisans du b\u00e2timent, d\u00e9corateurs, architectes d\u2019int\u00e9rieur\u2026<\/p>\n<p style=\"text-align: justify;\">Venez d\u00e9couvrir les nouveaut\u00e9s, les tendances et les conseils pour vos projets d\u2019am\u00e9nagement. Deux nouveaux espaces\u00a0 cette ann\u00e9e\u00a0: \u00ab\u00a0La maison positive\u00a0\u00bb, et \u00ab\u00a0Les solutions d&rsquo;autonomie\u00a0: pour bien vieillir chez soi\u00a0\u00bb.<\/p>\n<h3 style=\"text-align: justify;\"><\/h3>\n<h3 style=\"text-align: justify;\"><\/h3>\n<h3 style=\"text-align: justify;\"><\/h3>\n<h3 style=\"text-align: justify;\"><strong><span style=\"color: #3366ff;\"><a href=\"http:\/\/www.centreathanor.com\/evenement-salons-th2-salon-de-l-habitat-de-montlucon-ev95.html\" target=\"_blank\"><span style=\"color: #3366ff; text-decoration: underline;\">Salon de l&rsquo;Habitat<\/span><\/a><\/span><\/strong><em><\/em><\/h3>\n<p style=\"text-align: justify;\"><span style=\"color: #000000;\"><em>Espace Athanor, Montlu\u00e7on<\/em><\/span><br \/>\n<em><span style=\"color: #ff9900;\">Du 01\/03 au 02\/03, de 10h \u00e0 19h et fermeture \u00e0 18h le dimanche, entr\u00e9e gratuite.<\/span><\/em><br \/>\n<img decoding=\"async\" loading=\"lazy\" class=\"alignleft\" style=\"border: 2px solid black;\" title=\"Salon de Montlu\u00e7on\" alt=\"1378544693[1]\" src=\"https:\/\/www.mamaisonmonjardin.com\/blog\/wp-content\/uploads\/2014\/01\/13785446931-193x300.jpg\" width=\"183\" height=\"260\" \/><\/p>\n<p style=\"text-align: justify;\">Le salon de l\u2019habitat ouvre ses portes \u00e0 Montlu\u00e7on, et accueille les sp\u00e9cialistes qui viennent le plus souvent\u00a0 de la r\u00e9gion.<\/p>\n<p style=\"text-align: justify;\">Sur place les sp\u00e9cialistes de l\u2019habitat r\u00e9pondent \u00e0 vos questions et vous accompagnent dans vos projets, venez profiter de leurs conseils pour avancer et faire vos choix avec le printemps qui arrive.<\/p>\n<h3 style=\"text-align: justify;\"><\/h3>\n<h3 style=\"text-align: justify;\"><\/h3>\n<h3 style=\"text-align: justify;\"><strong><span style=\"color: #3366ff;\"><a href=\"http:\/\/projet-habitat.fr\/salon2014.html\" target=\"_blank\"><span style=\"color: #3366ff; text-decoration: underline;\">Projet Habitat<\/span><\/a><\/span><\/strong><em><\/em><\/h3>\n<p style=\"text-align: justify;\"><em>Le Hangar, Bordeaux<\/em><br \/>\n<em><span style=\"color: #ff9900;\">Du 07\/03 au 09\/03, de 10h \u00e0 19h, entr\u00e9e 3\u20ac, gratuit pour les enfants accompagn\u00e9s et invitations gratuite sur le site.<br \/>\n<\/span><\/em><img decoding=\"async\" loading=\"lazy\" class=\" wp-image-589 alignleft\" style=\"border: 2px solid black;\" title=\"Projet Habitat, bordeaux\" alt=\"Affiche Salon Projet Habitat Bordeaux 2014 \" src=\"https:\/\/www.mamaisonmonjardin.com\/blog\/wp-content\/uploads\/2014\/01\/crbst_essai_20affiche_2020141-193x300.jpg\" width=\"183\" height=\"270\" \/><\/p>\n<p style=\"text-align: justify;\">Projet Habitat rassemble les acteurs implacables de la maison\u00a0: experts de la r\u00e9novation, de l\u2019am\u00e9nagement, de la construction, tous les secteurs sont repr\u00e9sent\u00e9s \u00e0 ce 18<sup>e<\/sup> salon \u00ab\u00a0Projet Habitat\u00a0\u00bb.<\/p>\n<p style=\"text-align: justify;\">Les exposants sont \u00e0 votre disposition pour vous accompagner dans vos projets, et vous aider \u00e0 choisir les produits r\u00e9pondant \u00e0 vos attentes.<\/p>\n<h3 style=\"text-align: justify;\"><strong><span style=\"text-decoration: underline;\"><span style=\"color: #3366ff; text-decoration: underline;\"><a href=\"http:\/\/www.printemps-maison.com\/\" target=\"_blank\"><span style=\"color: #3366ff; text-decoration: underline;\">Le Printemps de la Maison<\/span><\/a><\/span><\/span><\/strong><\/h3>\n<p style=\"text-align: justify;\"><em>Espace Congr\u00e8s, Agen<\/em><br \/>\n<em><span style=\"color: #ff9900;\">Du 14 au 16\/03, vendredi\u00a0: 14h-19h, samedi et dimanche\u00a0: 10h-19h, entr\u00e9e 3euros ou invitation sur le site.<\/span><\/em><\/p>\n<p style=\"text-align: justify;\"><img decoding=\"async\" loading=\"lazy\" class=\" wp-image-599 alignleft\" title=\"Le printemps de la maison \" alt=\"PMA-2014[1]\" src=\"https:\/\/www.mamaisonmonjardin.com\/blog\/wp-content\/uploads\/2014\/01\/PMA-20141.jpg\" width=\"165\" height=\"114\" \/><\/p>\n<p style=\"text-align: justify;\">Au cours de ce salon qui porte bien son nom, vous pourrez f\u00eater le printemps presque \u00e0 l\u2019heure en d\u00e9couvrant les tendances de cette ann\u00e9e et les nouveaux mat\u00e9riaux.<\/p>\n<p style=\"text-align: justify;\">De nombreux experts seront rassembl\u00e9s pour vous aider \u00e0 comprendre, \u00e0 choisir et \u00e0 avancer dans vos d\u00e9marches d\u2019am\u00e9nagement.<\/p>\n<h2 style=\"text-align: justify;\"><\/h2>\n<h3 style=\"text-align: justify;\"><strong><span style=\"color: #3366ff;\"><a href=\"http:\/\/www.salondelhabitatpau.com\/accueil\/index.html\" target=\"_blank\"><span style=\"color: #3366ff; text-decoration: underline;\">Salon de l\u2019Habitat<\/span><\/a><\/span><\/strong><em><\/em><\/h3>\n<p style=\"text-align: justify;\"><em>Parc des Expositions de Pau<\/em><br \/>\n<em><span style=\"color: #ff9900;\">Du 21 au 24\/03, de 10h \u00e0 20h, sauf vendredi\u00a0: 14h-20h. Entr\u00e9e 5.5\u20ac, 3\u20ac pour les 12-18ans, et gratuit pour les moins de 12ans.<\/span><\/em><br \/>\n<img decoding=\"async\" loading=\"lazy\" class=\"size-full wp-image-612 alignleft\" alt=\"Salon de l'Habitat de Pau\" src=\"https:\/\/www.mamaisonmonjardin.com\/blog\/wp-content\/uploads\/2014\/01\/PAU.jpg\" width=\"187\" height=\"121\" \/><\/p>\n<p style=\"text-align: justify;\">Seront pr\u00e9sents sur cet \u00e9v\u00e8nement les professionnels de l\u2019habitation au sens large et \u00e9troit\u00a0: des propositions de nouveaut\u00e9s, tendances, mat\u00e9riaux, des conseils d\u2019experts, les solutions pour une \u00e9co-construction ou \u00e9co-r\u00e9novation r\u00e9ussies, les actualit\u00e9s en termes de chauffage, le bois sera aussi \u00e0 l\u2019honneur pour votre am\u00e9nagement, ameublement et d\u00e9coration.<\/p>\n<h3 style=\"text-align: justify;\"><\/h3>\n<h3 style=\"text-align: justify;\"><strong><span style=\"color: #3366ff;\"><a href=\"http:\/\/pro.parcexpo-larochelle.net\/evenement,82,fr\/les-rendez-vous-de-l-habitat-et-du-jardin,256,fr.html?id=322\" target=\"_blank\"><span style=\"color: #3366ff; text-decoration: underline;\">Le rendez-vous de l\u2019Habitat et du Jardin<\/span><\/a><\/span><\/strong><\/h3>\n<p style=\"text-align: justify;\"><em>Parc des expositions de la Rochelle<\/em><br \/>\n<em><span style=\"color: #ff9900;\">Du 28 au 30\/03 de 10h \u00e0 19h, entr\u00e9e 4\u20ac, dimanche 5\u20ac et gratuit pour les moins de 12ans<\/span><\/em><br \/>\n<img decoding=\"async\" loading=\"lazy\" class=\" wp-image-581 alignleft\" style=\"border: 2px solid black;\" title=\"Salon de l'habitat de La Rochelle\" alt=\"Salon de l'Habitat et du Jardin La Rochelle 2014\" src=\"https:\/\/www.mamaisonmonjardin.com\/blog\/wp-content\/uploads\/2014\/01\/58211-300x193.jpg\" width=\"270\" height=\"173\" srcset=\"https:\/\/www.mamaisonmonjardin.com\/blog\/wp\/wp-content\/uploads\/2014\/01\/58211-300x193.jpg 300w, https:\/\/www.mamaisonmonjardin.com\/blog\/wp\/wp-content\/uploads\/2014\/01\/58211.jpg 400w\" sizes=\"(max-width: 270px) 100vw, 270px\" \/><\/p>\n<p style=\"text-align: justify;\">Le salon de l\u2019habitat et du jardin vous propose, sur trois jours, de visiter aussi bien des stands cot\u00e9 maison que cot\u00e9 jardin, tenus par des professionnels pour vous aider \u00e0 choisir, entretenir, et am\u00e9nager votre univers.<\/p>\n<h2 style=\"text-align: justify;\"><\/h2>\n<h2 style=\"text-align: justify;\"><\/h2>\n<h2 style=\"text-align: justify;\"><span style=\"color: #99cc00;\">Auvergne<\/span><\/h2>\n<h3 style=\"text-align: justify;\"><strong><span style=\"text-decoration: underline;\"><span style=\"color: #3366ff; text-decoration: underline;\"><a href=\"http:\/\/www.salonhabitat-clermont.com\/fr\/accueil.php\" target=\"_blank\"><span style=\"color: #3366ff; text-decoration: underline;\">Salon de l\u2019Habitat<\/span><\/a><\/span><\/span><\/strong><\/h3>\n<p style=\"text-align: justify;\"><em>La Grande Halle d\u2019Auvergne, Cournon-d\u2019Auvergne, Clermont-Ferrand<\/em><br \/>\n<em><span style=\"color: #ff9900;\">Du 21 au 24\/03, 10h22 le vendredi, 10h-20h samedi et dimanche, et 10h-19h le lundi.<\/span><\/em><br \/>\n<img decoding=\"async\" loading=\"lazy\" class=\" wp-image-622 alignleft\" style=\"border: 2px solid black;\" title=\"Salon de l'habitat de Clermond ferrand\" alt=\"Affiche Auvergne Habitat\" src=\"https:\/\/www.mamaisonmonjardin.com\/blog\/wp-content\/uploads\/2014\/01\/auvergne-habitat.jpg\" width=\"194\" height=\"270\" \/><\/p>\n<p style=\"text-align: justify;\">Tous les domaines de la maison et de l\u2019habitation seront visit\u00e9s par les professionnels pr\u00e9sents sur le salon. Que ce soit pour acheter, r\u00e9nover, construire, am\u00e9nager, d\u00e9corer, financer votre maison, vous trouverez toutes les solutions adapt\u00e9es \u00e0 vos besoins \u00e0 la grande Halle d\u2019Auvergne.<\/p>\n<h2 style=\"text-align: justify;\"><span style=\"color: #99cc00;\">Bourgogne<\/span><\/h2>\n<h3 style=\"text-align: justify;\"><strong><span style=\"color: #3366ff;\"><a href=\"http:\/\/www.jbc-organisation.com\/salon-habitat-et-immobilier-chalon\/\" target=\"_blank\"><span style=\"color: #3366ff; text-decoration: underline;\">Salon de l\u2019Habitat et de l\u2019Immobilier<\/span><\/a><\/span><\/strong><em><\/em><\/h3>\n<p style=\"text-align: justify;\"><em>Parc des Expositions de Chalons sur Sa\u00f4ne.<\/em><br \/>\n<em><span style=\"color: #ff9900;\">Du 14\/03 au 17\/03, de 10h \u00e0 20h le vendredi, samedi et dimanche, et 10h \u00e0 19h le lundi, entr\u00e9e 4\u20ac, gratuit le lundi et pour les moins de 16 ans accompagn\u00e9s.<\/span><\/em><br \/>\n<img decoding=\"async\" loading=\"lazy\" class=\"size-medium wp-image-610 alignleft\" title=\"Salon de l'habitat chalon \" alt=\"visuelHabitatChalon[1]\" src=\"https:\/\/www.mamaisonmonjardin.com\/blog\/wp-content\/uploads\/2014\/01\/visuelHabitatChalon1-300x194.jpg\" width=\"300\" height=\"194\" srcset=\"https:\/\/www.mamaisonmonjardin.com\/blog\/wp\/wp-content\/uploads\/2014\/01\/visuelHabitatChalon1-300x194.jpg 300w, https:\/\/www.mamaisonmonjardin.com\/blog\/wp\/wp-content\/uploads\/2014\/01\/visuelHabitatChalon1.jpg 770w\" sizes=\"(max-width: 300px) 100vw, 300px\" \/><br \/>\nImmobilier, d\u00e9coration, et habitat, voil\u00e0 les grands p\u00f4les du salon qui accueilleront un grand nombre de professionnels pour am\u00e9nager, r\u00e9nover, d\u00e9corer, agrandir votre int\u00e9rieur ou m\u00eame votre ext\u00e9rieur.<\/p>\n<p style=\"text-align: justify;\">Les sp\u00e9cialistes de l\u2019immobilier vous \u00e9claireront sur la l\u00e9gislation, le choix, ou le financement de vos projets d\u2019habitation. Venez chercher les r\u00e9ponses \u00e0 vos questions lors de ce salon ouvrant ses portes le temps d\u2019un long week-end.<\/p>\n<h2 style=\"text-align: justify;\"><span style=\"color: #99cc00;\">Bretagne<\/span><\/h2>\n<h3 style=\"text-align: justify;\"><strong><span style=\"color: #3366ff;\"><a href=\"http:\/\/www.salondelamaisonfougeres.com\/fr\/visiter.html\" target=\"_blank\"><span style=\"color: #3366ff; text-decoration: underline;\">Salon de la Maison et des Plaisirs de la Table<\/span><\/a><\/span><\/strong><\/h3>\n<p style=\"text-align: justify;\"><em>Espace Aumaillerie, La Selle-en-luitr\u00e9<\/em><br \/>\n<em><span style=\"color: #ff9900;\">Du 07\/03 au 09\/03, vendredi\u00a0: 11h -20h, samedi et dimanche 09h30-19, entr\u00e9e gratuite.<\/span><br \/>\n<\/em><br \/>\n<img decoding=\"async\" loading=\"lazy\" class=\"size-medium wp-image-623 alignleft\" title=\"Maison eet plaisir de la table\" alt=\"Fourg\u00e8res\" src=\"https:\/\/www.mamaisonmonjardin.com\/blog\/wp-content\/uploads\/2014\/01\/Fourg\u00e8res-300x194.jpg\" width=\"300\" height=\"194\" srcset=\"https:\/\/www.mamaisonmonjardin.com\/blog\/wp\/wp-content\/uploads\/2014\/01\/Fourg\u00e8res-300x194.jpg 300w, https:\/\/www.mamaisonmonjardin.com\/blog\/wp\/wp-content\/uploads\/2014\/01\/Fourg\u00e8res.jpg 964w\" sizes=\"(max-width: 300px) 100vw, 300px\" \/><br \/>\nCes deux salons r\u00e9unis en un, remplacent la foire de Foug\u00e8res.<\/p>\n<p style=\"text-align: justify;\">Ils exposent les professionnels de la d\u00e9coration, de l\u2019ameublement, de la r\u00e9novation, de la construction mais aussi et forc\u00e9ment des \u00ab\u00a0plaisirs de la table\u00a0\u00bb\u00a0tout aussi bien d\u00e9coratifs que gastronomiques, avec des ateliers et des animations sur trois jours.<\/p>\n<h3 style=\"text-align: justify;\"><\/h3>\n<h3 style=\"text-align: justify;\"><\/h3>\n<h3 style=\"text-align: justify;\"><strong><span style=\"text-decoration: underline;\"><span style=\"color: #3366ff; text-decoration: underline;\"><a href=\"http:\/\/www.expo-congres.com\/parc\/?page=2&amp;rubrique=&amp;mode=agenda&amp;page_ext=\" target=\"_blank\"><span style=\"color: #3366ff; text-decoration: underline;\">Habitat Expo<\/span><\/a><\/span><\/span><\/strong><\/h3>\n<p style=\"text-align: justify;\"><em>Parc des Expositions de Lorient, Lanester<\/em><br \/>\n<em><span style=\"color: #ff9900;\">Du 22 au 24\/03, de 10h \u00e0 19h, entr\u00e9e 6\u20ac, gratuit pour les moins de 16ans.<\/span><\/em><br \/>\n<img decoding=\"async\" loading=\"lazy\" class=\"size-full wp-image-593 alignleft\" title=\"Habitat Expo\" alt=\"habitat-lorient-logo-125x125[1]\" src=\"https:\/\/www.mamaisonmonjardin.com\/blog\/wp-content\/uploads\/2014\/01\/habitat-lorient-logo-125x1251.jpg\" width=\"125\" height=\"80\" \/><\/p>\n<p style=\"text-align: justify;\">Toute la maison sous un m\u00eame toit, celui du Parc des Expositions de Lorient, qui accueillera les sp\u00e9cialistes du secteur de l\u2019habitat\u00a0: constructeurs, d\u00e9corateurs, architectes d\u2019int\u00e9rieur, \u2026 les cl\u00e9s pour r\u00e9aliser vos projets se trouvent \u00e0 Habitat Expo.<\/p>\n<h2 style=\"text-align: justify;\"><span style=\"color: #99cc00;\">Centre<\/span><\/h2>\n<h3 style=\"text-align: justify;\"><strong><span style=\"text-decoration: underline;\"><span style=\"color: #3366ff; text-decoration: underline;\"><a href=\"http:\/\/foscolo-organisations.org\/\" target=\"_blank\"><span style=\"color: #3366ff; text-decoration: underline;\">Salon de l\u2019Habitat et de la D\u00e9coration<\/span><\/a><\/span><\/span><\/strong><\/h3>\n<p style=\"text-align: justify;\"><em>Chartrexpo, Chartres<\/em><br \/>\n<em><span style=\"color: #ff9900;\">Du 15 au 17\/03, de 10h \u00e0 19h, entr\u00e9e 5\u20ac, gratuit pour les moins de 16ans<br \/>\n<\/span><\/em><br \/>\n<a href=\"http:\/\/www.mamaisonmonjardin.com\/blog\/salons-foires-co-rendez-vous-mois-mars\/4x3_hab_aff_2011\/\" rel=\"attachment wp-att-584\"><img decoding=\"async\" loading=\"lazy\" class=\"size-medium wp-image-584 alignleft\" style=\"border: 2px solid black;\" title=\"Salon de chartres\" alt=\"Salon de l'Habitat \u00e0 Chartres \" src=\"https:\/\/www.mamaisonmonjardin.com\/blog\/wp-content\/uploads\/2014\/01\/aff-habitat-chartres-mars1-300x194.jpg\" width=\"300\" height=\"194\" srcset=\"https:\/\/www.mamaisonmonjardin.com\/blog\/wp\/wp-content\/uploads\/2014\/01\/aff-habitat-chartres-mars1-300x194.jpg 300w, https:\/\/www.mamaisonmonjardin.com\/blog\/wp\/wp-content\/uploads\/2014\/01\/aff-habitat-chartres-mars1.jpg 330w\" sizes=\"(max-width: 300px) 100vw, 300px\" \/><\/a><\/p>\n<p style=\"text-align: justify;\">Rendez-vous sur trois jours pour d\u00e9couvrir, gr\u00e2ce aux professionnels pr\u00e9sents, les actualit\u00e9s, nouveaut\u00e9s et tendances pour donner vie \u00e0 vos projets de construction, d\u2019am\u00e9nagement, de r\u00e9novation, et la d\u00e9coration de votre int\u00e9rieur ou m\u00eame de votre ext\u00e9rieur.<\/p>\n<h3 style=\"text-align: justify;\"><\/h3>\n<h3 style=\"text-align: justify;\"><\/h3>\n<h3 style=\"text-align: justify;\"><strong><span style=\"text-decoration: underline;\"><span style=\"color: #3366ff;\"><span style=\"color: #3366ff; text-decoration: underline;\">L\u2019Univers de l&rsquo;Habitat<\/span><\/span><\/span><\/strong><\/h3>\n<p style=\"text-align: justify;\"><em>Espace Fran\u00e7ois Rabelais, Chinon<\/em><br \/>\n<em><span style=\"color: #ff9900;\">Du 22 au 23\/03, de 10h \u00e0 19h, entr\u00e9e gratuite<\/span><\/em><br \/>\nA<img decoding=\"async\" loading=\"lazy\" class=\"alignleft\" style=\"border: 2px solid black;\" alt=\"L'Univers de l'habitat\" src=\"https:\/\/www.mamaisonmonjardin.com\/blog\/wp-content\/uploads\/2014\/01\/134247263781-300x193.jpg\" width=\"300\" height=\"193\" \/>pr\u00e8s le passage du salon \u00e0 Tours, les sp\u00e9cialistes de l\u2019habitat se r\u00e9uniront de nouveau pour vous faire d\u00e9couvrir les tendances et les nouveaut\u00e9s en mati\u00e8re de d\u00e9coration, d\u2019ameublement, d\u2019\u00e9nergie, de construction, de r\u00e9novation, d\u2019\u00e9quipement de la maison, en bref, tous les sujets qui touchent \u00e0 votre habitation.<\/p>\n<h2 style=\"text-align: justify;\"><span style=\"color: #99cc00;\">\u00a0<\/span><\/h2>\n<h2 style=\"text-align: justify;\"><span style=\"color: #99cc00;\">Champagne-Ardenne<\/span><\/h2>\n<h3 style=\"text-align: justify;\"><strong><span style=\"color: #3366ff;\"><a href=\"http:\/\/www.lecapitole-en-champagne.fr\/Programmation\/Agenda-SALON-DE-L-HABITAT-50665.htm\" target=\"_blank\"><span style=\"color: #3366ff; text-decoration: underline;\">Salon de l\u2019Habitat<\/span><\/a><\/span><\/strong><\/h3>\n<p style=\"text-align: justify;\"><em>Le Capitole, Ch\u00e2lons-en-Champagne<\/em><br \/>\n<em><span style=\"color: #ff9900;\">Du 21 au 24 mars, de 10h \u00e0 19h, fermeture 18h le lundi, entr\u00e9e 5\u20ac.<\/span><\/em><br \/>\n<img decoding=\"async\" loading=\"lazy\" class=\"size-medium wp-image-592 alignleft\" alt=\"habitat-2014[1]\" src=\"https:\/\/www.mamaisonmonjardin.com\/blog\/wp-content\/uploads\/2014\/01\/habitat-20141-300x193.jpg\" width=\"300\" height=\"193\" srcset=\"https:\/\/www.mamaisonmonjardin.com\/blog\/wp\/wp-content\/uploads\/2014\/01\/habitat-20141-300x193.jpg 300w, https:\/\/www.mamaisonmonjardin.com\/blog\/wp\/wp-content\/uploads\/2014\/01\/habitat-20141.jpg 802w\" sizes=\"(max-width: 300px) 100vw, 300px\" \/><\/p>\n<p style=\"text-align: justify;\">Toutes les solutions en mati\u00e8re de \u00a0d\u00e9veloppement durable, \u00e9co-construction, isolation, chauffage, \u00e9nergies renouvelables, am\u00e9nagement int\u00e9rieur et ext\u00e9rieur, voil\u00e0 tous les th\u00e8mes qui seront abord\u00e9s lors du salon de l&rsquo;habitat.<\/p>\n<h3 style=\"text-align: justify;\"><\/h3>\n<h3 style=\"text-align: justify;\"><strong><span style=\"text-decoration: underline;\"><span style=\"color: #3366ff; text-decoration: underline;\"><a href=\"http:\/\/www.maison-passion.fr\/\" target=\"_blank\"><span style=\"color: #3366ff; text-decoration: underline;\">Maison Passion et R\u00e9novation<\/span><\/a><\/span><\/span><\/strong><\/h3>\n<p style=\"text-align: justify;\"><em>Parc des Expositions, Charleville-M\u00e9zi\u00e8res<\/em><br \/>\n<em><span style=\"color: #ff9900;\">Du 28 au 31\/03, de 10h00 \u00e0 22h00 le vendredi, fermeture \u00e0 19h00 le week-end, et fermeture \u00e0 18h00 le lundi<br \/>\n<\/span><\/em><img decoding=\"async\" loading=\"lazy\" class=\"size-medium wp-image-597 alignleft\" style=\"border: 2px solid black;\" title=\"Maison Passion \" alt=\"page-1\" src=\"https:\/\/www.mamaisonmonjardin.com\/blog\/wp-content\/uploads\/2014\/01\/page-1-300x193.jpg\" width=\"300\" height=\"193\" srcset=\"https:\/\/www.mamaisonmonjardin.com\/blog\/wp\/wp-content\/uploads\/2014\/01\/page-1-300x193.jpg 300w, https:\/\/www.mamaisonmonjardin.com\/blog\/wp\/wp-content\/uploads\/2014\/01\/page-1.jpg 643w\" sizes=\"(max-width: 300px) 100vw, 300px\" \/><br \/>\nPendant 4 jours, les professionnels sur place pourront vous \u00e9clairer sur vos id\u00e9es de projets, vous conseiller sur l&rsquo;am\u00e9nagement de votre int\u00e9rieur mais aussi de votre ext\u00e9rieur.<\/p>\n<h2 style=\"text-align: justify;\"><\/h2>\n<h2 style=\"text-align: justify;\"><\/h2>\n<h2 style=\"text-align: justify;\"><span style=\"color: #99cc00;\">Corse<\/span><\/h2>\n<h3 style=\"text-align: justify;\"><strong><span style=\"text-decoration: underline;\"><span style=\"color: #3366ff;\"><a href=\"http:\/\/salonmaison-ajaccio.fr\/\" target=\"_blank\"><span style=\"color: #3366ff; text-decoration: underline;\">Salon de la Maison<\/span><\/a><\/span><\/span><\/strong><\/h3>\n<p style=\"text-align: justify;\"><em>Espace Miot, Ajaccio<\/em><br \/>\n<em><span style=\"color: #ff9900;\">Du 13\/03 au 16\/03, de 10h \u00e0 19h, entr\u00e9e gratuite.<\/span><\/em><img decoding=\"async\" loading=\"lazy\" class=\"size-medium wp-image-587 alignleft\" title=\"Salon maison corse\" alt=\"banniere-maison-2014[1]\" src=\"https:\/\/www.mamaisonmonjardin.com\/blog\/wp-content\/uploads\/2014\/01\/banniere-maison-20141-300x194.jpg\" width=\"300\" height=\"194\" srcset=\"https:\/\/www.mamaisonmonjardin.com\/blog\/wp\/wp-content\/uploads\/2014\/01\/banniere-maison-20141-300x194.jpg 300w, https:\/\/www.mamaisonmonjardin.com\/blog\/wp\/wp-content\/uploads\/2014\/01\/banniere-maison-20141.jpg 900w\" sizes=\"(max-width: 300px) 100vw, 300px\" \/><\/p>\n<p style=\"text-align: justify;\">Venez appr\u00e9cier sur l\u2019\u00eele de beaut\u00e9 les conseils et aide des experts de la maison\u00a0: d\u00e9coration, ameublement, r\u00e9novation, construction, financement, am\u00e9nagement de votre habitation.<\/p>\n<p style=\"text-align: justify;\">Vous d\u00e9couvrirez les id\u00e9es et les tendances de 2014\u00a0en avant-premi\u00e8re \u00e0 l\u2019espace Miot, le bon moment en ce mois de mars avant l\u2019arriv\u00e9e des beaux jours.<\/p>\n<h2 style=\"text-align: justify;\"><\/h2>\n<h2 style=\"text-align: justify;\"><\/h2>\n<h2 style=\"text-align: justify;\"><span style=\"color: #99cc00;\">Lorraine<\/span><\/h2>\n<h3 style=\"text-align: justify;\"><strong><span style=\"text-decoration: underline;\"><span style=\"color: #3366ff;\"><a href=\"http:\/\/metz-expo.com\/evenements-metz-detail.asp?planningId=28\" target=\"_blank\"><span style=\"color: #3366ff; text-decoration: underline;\">Salon de l\u2019Habitat et de la D\u00e9coration<\/span><\/a><\/span><\/span><\/strong><\/h3>\n<p style=\"text-align: justify;\"><em>Parc des Expositions de Metz M\u00e9tropole<\/em><br \/>\n<em><span style=\"color: #ff9900;\">Du 21 au 24\/03, horaires NC, entr\u00e9e gratuite.<\/span><\/em><br \/>\n<img decoding=\"async\" loading=\"lazy\" class=\"size-medium wp-image-624 alignleft\" style=\"border: 2px solid black;\" title=\"Salon habitat et d\u00e9coration de Metz\" alt=\"METZ\" src=\"https:\/\/www.mamaisonmonjardin.com\/blog\/wp-content\/uploads\/2014\/01\/METZ-300x194.jpg\" width=\"300\" height=\"194\" srcset=\"https:\/\/www.mamaisonmonjardin.com\/blog\/wp\/wp-content\/uploads\/2014\/01\/METZ-300x194.jpg 300w, https:\/\/www.mamaisonmonjardin.com\/blog\/wp\/wp-content\/uploads\/2014\/01\/METZ.jpg 358w\" sizes=\"(max-width: 300px) 100vw, 300px\" \/>Le salon de l\u2019habitat et de la d\u00e9coration de Metz ouvre ses portes pour vous proposer des solutions afin de concr\u00e9tiser vos projets qu\u2019ils soient petits ou grands.<\/p>\n<p style=\"text-align: justify;\">Des solutions en termes de r\u00e9novation, am\u00e9nagement, construction, ou simplement de d\u00e9coration, d\u2019\u00e9quipement et d\u2019ameublement seront expos\u00e9es par des professionnels, passionn\u00e9s par le domaine de l\u2019habitat.<\/p>\n<h2 style=\"text-align: justify;\"><\/h2>\n<h2 style=\"text-align: justify;\"><\/h2>\n<h2 style=\"text-align: justify;\"><span style=\"color: #99cc00;\">Nord-Pas-de-Calais<\/span><\/h2>\n<h3 style=\"text-align: justify;\"><strong><span style=\"text-decoration: underline;\"><span style=\"color: #3366ff; text-decoration: underline;\"><a href=\"http:\/\/www.salon-tendances-habitat.com\/\" target=\"_blank\"><span style=\"color: #3366ff; text-decoration: underline;\">Tendance Habitat<\/span><\/a><\/span><\/span><\/strong><\/h3>\n<p style=\"text-align: justify;\"><em>Grand Palais, Lille<\/em><br \/>\n<em><span style=\"color: #ff9900;\">Du 14 au 18\/03, de 10h \u00e0 19h, et nocturne vendredi jusqu\u2019\u00e0 21h, entr\u00e9e 6\u20ac, tarif r\u00e9duit 4\u20ac<\/span><\/em><br \/>\n<img decoding=\"async\" loading=\"lazy\" class=\"size-medium wp-image-608 alignleft\" alt=\"Tendance Habitat \u00e0 Lille\" src=\"https:\/\/www.mamaisonmonjardin.com\/blog\/wp-content\/uploads\/2014\/01\/tdl-300x193.jpg\" width=\"300\" height=\"193\" srcset=\"https:\/\/www.mamaisonmonjardin.com\/blog\/wp\/wp-content\/uploads\/2014\/01\/tdl-300x193.jpg 300w, https:\/\/www.mamaisonmonjardin.com\/blog\/wp\/wp-content\/uploads\/2014\/01\/tdl.jpg 302w\" sizes=\"(max-width: 300px) 100vw, 300px\" \/><\/p>\n<p style=\"text-align: justify;\">Jardin, maison, \u00e9nergies, chauffage, ameublement, d\u00e9coration, travaux d\u2019am\u00e9nagement\u2026 les projets pour votre univers prendront vie lors du salon Tendance Habitat \u00e0 Lille gr\u00e2ce \u00e0 des professionnels \u00e0 votre \u00e9coute.<\/p>\n<h3 style=\"text-align: justify;\"><\/h3>\n<h3 style=\"text-align: justify;\"><\/h3>\n<h3 style=\"text-align: justify;\"><\/h3>\n<h2 style=\"text-align: justify;\"><span style=\"color: #99cc00;\">Normandie<\/span><\/h2>\n<h3 style=\"text-align: justify;\"><strong><span style=\"color: #3366ff;\"><a href=\"http:\/\/www.salon-habitat-normandie.fr\/agenda\/event\/29-caen-salon-habitat-deco-jardin-2014.html\" target=\"_blank\"><span style=\"color: #3366ff; text-decoration: underline;\">Habitat D\u00e9co &amp; Jardin<\/span><\/a><\/span><\/strong><\/h3>\n<p style=\"text-align: justify;\"><em>Parc des Expositions de Caen<\/em><br \/>\n<em><span style=\"color: #ff9900;\">Du 21 au 24\/03, de 10h \u00e0 9h, fermeture \u00e0 21h le vendredi<\/span><\/em><br \/>\n<img decoding=\"async\" loading=\"lazy\" class=\"alignleft\" style=\"border: 2px solid black;\" alt=\"Salon \u00e0 Eaen sur l'habitat \" src=\"https:\/\/www.mamaisonmonjardin.com\/blog\/wp-content\/uploads\/2014\/01\/Salon-caen-300x193.jpg\" width=\"300\" height=\"193\" \/>Venez rencontrer au Salon Habitat D\u00e9co et jardin les experts qui sauront vous proposer des services et des solutions adapt\u00e9s \u00e0 vos besoins, et \u00e0 votre habitation.<\/p>\n<p style=\"text-align: justify;\">Seront r\u00e9unis sous un m\u00eame toit, les secteurs de la d\u00e9coration, de l\u2019ameublement, de l\u2019am\u00e9nagement int\u00e9rieur et du jardin, et toute les solutions en mati\u00e8res d\u2019\u00e9nergies renouvelables.<\/p>\n<h3 style=\"text-align: justify;\"><\/h3>\n<h3 style=\"text-align: justify;\"><\/h3>\n<h3 style=\"text-align: justify;\"><strong><span style=\"color: #3366ff;\"><a href=\"http:\/\/www.evreux.fr\/agenda\/sorties\/salon-lhabitat-et-decoration-17872\" target=\"_blank\"><span style=\"color: #3366ff; text-decoration: underline;\">Salon de l\u2019Habitat de la D\u00e9coration<\/span><\/a><\/span><\/strong><\/h3>\n<p style=\"text-align: justify;\"><em>Le Cadran, Evreux<\/em><br \/>\n<em><span style=\"color: #ff9900;\">Du 14 au 16 mars, de 10h \u00e0 19h, et ouverture \u00e0 14h le vendredi, entr\u00e9e gratuite.<\/span><\/em><br \/>\n<img decoding=\"async\" loading=\"lazy\" class=\"size-medium wp-image-605 alignleft\" style=\"border: 2px solid black;\" title=\"salon de l'habitat evreux\" alt=\"Salon Habitat et D\u00e9coration \u00e0 Evreux\" src=\"https:\/\/www.mamaisonmonjardin.com\/blog\/wp-content\/uploads\/2014\/01\/salon_de_lhabitat_et_de_la_decoration1-300x193.jpg\" width=\"300\" height=\"193\" srcset=\"https:\/\/www.mamaisonmonjardin.com\/blog\/wp\/wp-content\/uploads\/2014\/01\/salon_de_lhabitat_et_de_la_decoration1-300x193.jpg 300w, https:\/\/www.mamaisonmonjardin.com\/blog\/wp\/wp-content\/uploads\/2014\/01\/salon_de_lhabitat_et_de_la_decoration1.jpg 310w\" sizes=\"(max-width: 300px) 100vw, 300px\" \/><\/p>\n<p style=\"text-align: justify;\">Le salon d\u2019Evreux vous propose les nouvelles tendances, fonctionnalit\u00e9s, les nouveaux am\u00e9nagements possibles pour votre maison, en un seul et m\u00eame lieu.<\/p>\n<p style=\"text-align: justify;\">Des experts vous attendent pour r\u00e9pondre \u00e0 vos questions, vous donner des conseils, et vous faire profiter de leurs nombreux services.<\/p>\n<h3 style=\"text-align: justify;\"><strong><a href=\"http:\/\/www.salon-habitat-normandie.fr\/agenda\/event\/38-vire-salon-habitat-deco-jardin-2014.html\" target=\"_blank\"><span style=\"text-decoration: underline;\"><span style=\"color: #3366ff; text-decoration: underline;\">Habitat D\u00e9co &amp; Jardin<\/span><\/span><\/a><\/strong><\/h3>\n<p style=\"text-align: justify;\"><em>Hippodrome de Vire<\/em><br \/>\n<em><span style=\"color: #ff9900;\">Du 01 au 02\/03, Horaires NC, entr\u00e9e 2\u20ac, gratuit pour les moins de 16 ans.<\/span><\/em><\/p>\n<p style=\"text-align: justify;\"><img decoding=\"async\" loading=\"lazy\" class=\"alignleft\" style=\"border: 2px solid black;\" alt=\"Affiche Salon Habitat et D\u00e9co \u00e0 Vire en Normandie \" src=\"https:\/\/www.mamaisonmonjardin.com\/blog\/wp-content\/uploads\/2014\/01\/vire-1-2-mars-20141-194x300.jpg\" width=\"184\" height=\"270\" \/><\/p>\n<p style=\"text-align: justify;\">Le Salon Habitat D\u00e9co &amp; Jardin est le rendez-vous pour concr\u00e9tiser vos projets d\u2019am\u00e9nagement de la maison et du jardin en Normandie.<\/p>\n<p style=\"text-align: justify;\">Des id\u00e9es d\u00e9co pour votre ext\u00e9rieur vous seront expos\u00e9es par des experts afin de trouver les solutions adapt\u00e9es \u00e0 vos envies et vos besoins.<br \/>\nRetrouvez les tendances de cette ann\u00e9e pour \u00e9pater vos convives \u00e0 la belle saison !<\/p>\n<h2 style=\"text-align: justify;\"><\/h2>\n<h2 style=\"text-align: justify;\"><\/h2>\n<h2 style=\"text-align: justify;\"><\/h2>\n<h2 style=\"text-align: justify;\"><span style=\"color: #99cc00;\">PACA<\/span><\/h2>\n<p style=\"text-align: justify;\"><strong><a href=\"http:\/\/saint-raphael.salonhabitat.fr\/\" target=\"_blank\"><span style=\"color: #3366ff; text-decoration: underline;\">Salon Habitat<\/span><\/a><\/strong><\/p>\n<p style=\"text-align: justify;\"><em>Palais des Congr\u00e8s, Saint-Rapha\u00ebl<\/em><br \/>\n<em><span style=\"color: #ff9900;\">Du 28\/02 au 03\/03, de 10h \u00e0 19h, fermeture \u00e0 18h le lundi. Entr\u00e9e 3\u20ac ou gratuite si r\u00e9serv\u00e9e pr\u00e9alablement sur internet et gratuite pour les moins de 12 ans<br \/>\n<\/span><\/em><br \/>\n<img decoding=\"async\" loading=\"lazy\" class=\"size-full wp-image-616 alignleft\" style=\"border: 2px solid black;\" title=\"Salon de l'habitat Saint Raphael\" alt=\"salon-habitat-saint-raphael-2012[1]\" src=\"https:\/\/www.mamaisonmonjardin.com\/blog\/wp-content\/uploads\/2014\/01\/salon-habitat-saint-raphael-20121.jpg\" width=\"200\" height=\"130\" \/><br \/>\nUn concentr\u00e9 de produits, de nouveaut\u00e9s, et de conseils anim\u00e9s par les professionnels du secteurs de l\u2019habitat, de la construction, r\u00e9novation, d\u00e9coration, am\u00e9nagement et des \u00e9nergies renouvelables.<\/p>\n<p style=\"text-align: justify;\">Les sp\u00e9cialistes sont \u00e0 votre \u00e9coute sur 4 jours, de quoi profiter de leurs pr\u00e9cieux conseils pour tout vos travaux d\u2019int\u00e9rieur ou ext\u00e9rieur.<\/p>\n<h3 style=\"text-align: justify;\"><\/h3>\n<h3 style=\"text-align: justify;\"><\/h3>\n<h3 style=\"text-align: justify;\"><strong><span style=\"color: #3366ff; text-decoration: underline;\"><a href=\"http:\/\/www.salon-batir.com\/\" target=\"_blank\"><span style=\"color: #3366ff; text-decoration: underline;\">Salon B\u00e2tir<\/span><\/a><\/span><\/strong><\/h3>\n<p style=\"text-align: justify;\"><em>Nice Acropolis<\/em><br \/>\n<em><span style=\"color: #ff9900;\">Du 08\/03 au 17\/03, de 10h \u00e0 19h, entr\u00e9e 6\u20ac.<br \/>\n<\/span><\/em><br \/>\n<img decoding=\"async\" loading=\"lazy\" class=\"alignleft\" title=\"Salon Batir Nice\" alt=\"pub[1]\" src=\"https:\/\/www.mamaisonmonjardin.com\/blog\/wp-content\/uploads\/2014\/01\/pub1-300x194.jpg\" width=\"300\" height=\"194\" \/><br \/>\nC\u2019est pour une dur\u00e9e de dix jours que le salon ouvre ses portes dans la ville de Nice aux\u00a0 professionnels et particuliers.<\/p>\n<p style=\"text-align: justify;\">Aucun secteur ne sera mis de c\u00f4t\u00e9\u00a0: l\u2019ameublement, la d\u00e9coration, la construction, la r\u00e9novation, l\u2019am\u00e9nagement g\u00e9n\u00e9ral, tous seront repr\u00e9sent\u00e9s par de sp\u00e9cialistes, pr\u00e9sent sur place tout au long du salon afin de vous aider \u00e0 finaliser vos projets petits ou grands.<\/p>\n<h2 style=\"text-align: justify;\"><\/h2>\n<h2 style=\"text-align: justify;\"><\/h2>\n<h2 style=\"text-align: justify;\"><span style=\"text-decoration: underline;\"><span style=\"color: #99cc00; text-decoration: underline;\">Pays de la Loire<\/span><\/span><\/h2>\n<h3 style=\"text-align: justify;\"><strong><span style=\"color: #3366ff; text-decoration: underline;\"><a href=\"http:\/\/www.salondelhabitat.com\/\" target=\"_blank\"><span style=\"color: #3366ff; text-decoration: underline;\">Salon de l\u2019Habitat<\/span><\/a><\/span><\/strong><\/h3>\n<p style=\"text-align: justify;\"><em>Centre des expositions du Mans<\/em><br \/>\n<em><span style=\"color: #ff9900;\">Du 21 au 23\/03, de 10h \u00e0 19h, entr\u00e9e 4\u20ac, gratuit pour les moins de 12 ans<\/span><\/em><br \/>\n<img decoding=\"async\" loading=\"lazy\" class=\"size-full wp-image-595 alignleft\" title=\"Salon de l'habitat du Mans\" alt=\"Logo-SDH-2014[1]\" src=\"https:\/\/www.mamaisonmonjardin.com\/blog\/wp-content\/uploads\/2014\/01\/Logo-SDH-20141.png\" width=\"215\" height=\"178\" \/><\/p>\n<p style=\"text-align: justify;\">Le salon de l\u2019Habitat du Mans, expose pour ses visiteurs tous les domaines int\u00e9ressants pour votre habitation, pour les petits et gros travaux d\u2019am\u00e9nagement, ou pour votre d\u00e9coration, ameublement, mais \u00e9galement tout pour votre jardin.<\/p>\n<h3 style=\"text-align: justify;\"><\/h3>\n<h3 style=\"text-align: justify;\"><\/h3>\n<h3 style=\"text-align: justify;\"><strong><a href=\"http:\/\/www.salonhabitat.net\/fiche_salon_habitat.php?id_manif=11\" target=\"_blank\"><span style=\"color: #3366ff; text-decoration: underline;\">Salon Habitat<\/span><\/a><\/strong><\/h3>\n<p style=\"text-align: justify;\"><em>Espace culturel Ren\u00e9 Cassin, Fontenay le compte<\/em><br \/>\n<span style=\"color: #ff9900;\">Du 7 au\u00a0 9\/03, de 10h \u00e0 19h, ouverture \u00e0 14h le vendredi, entr\u00e9e 3\u20ac, gratuit pour les moins de 15 ans.<br \/>\n<\/span><br \/>\n<img decoding=\"async\" loading=\"lazy\" class=\"size-medium wp-image-591 alignleft\" style=\"border: 2px solid black;\" title=\"Habitat Fontenay le compte\" alt=\"Affiche du Salon de l'Habitat \u00e0 Fontenay le Comte\" src=\"https:\/\/www.mamaisonmonjardin.com\/blog\/wp-content\/uploads\/2014\/01\/fontenay-le-compte-194x300.jpg\" width=\"194\" height=\"300\" srcset=\"https:\/\/www.mamaisonmonjardin.com\/blog\/wp\/wp-content\/uploads\/2014\/01\/fontenay-le-compte-194x300.jpg 194w, https:\/\/www.mamaisonmonjardin.com\/blog\/wp\/wp-content\/uploads\/2014\/01\/fontenay-le-compte.jpg 290w\" sizes=\"(max-width: 194px) 100vw, 194px\" \/><\/p>\n<p style=\"text-align: justify;\">Vous d\u00e9couvrirez au Salon Habitat Fontenay-le-Comte toutes les id\u00e9es d\u00e9co, design, am\u00e9nagement, r\u00e9novation, mais aussi des id\u00e9es en mati\u00e8re d\u2019\u00e9nergies renouvelables.<\/p>\n<p style=\"text-align: justify;\">Des sp\u00e9cialistes pour votre maison vous feront d\u00e9couvrir les tendances et les nouveaut\u00e9s de l\u2019ann\u00e9e 2014 sur les tous les domaines de la maison.<\/p>\n<p style=\"text-align: justify;\"><strong><a href=\"http:\/\/www.salonhabitat.net\/fiche_salon_habitat.php?id_manif=13&amp;Saumur\" target=\"_blank\"><span style=\"color: #3366ff; text-decoration: underline;\">Salon Habitat<\/span><\/a><\/strong><\/p>\n<p style=\"text-align: justify;\"><em>Parc des Expositions du Breil, Saumur<\/em><br \/>\n<em><span style=\"color: #ff9900;\">Du 21 au 24\/03, vendredi\u00a0: 14h-19h, samedi et dimanche\u00a0: 10h-19h, et lundi 10h-17h, entr\u00e9e 4\u20ac, gratuit pour les moins de 15ans.<\/span><\/em><\/p>\n<p style=\"text-align: justify;\">Salon Habitat se d\u00e9place \u00e0 Saumur et proposera \u00e0 ses visiteurs du choix, de l\u2019innovation, les id\u00e9es et les tendances pour l\u2019ann\u00e9e 2014.<br \/>\nTous les secteurs de la maison seront repr\u00e9sent\u00e9s par des exposants diversifi\u00e9s et qui sauront vous aider dans vos projets, dans vos d\u00e9marches de d\u00e9co ou de plu gros travaux.<\/p>\n<h2 style=\"text-align: justify;\"><span style=\"color: #99cc00;\">Poitou-Charentes<\/span><\/h2>\n<h3 style=\"text-align: justify;\"><strong><span style=\"color: #3366ff; text-decoration: underline;\"><a href=\"http:\/\/salon-habitat.net\/\" target=\"_blank\"><span style=\"color: #3366ff; text-decoration: underline;\">Salon de l\u2019Habitat<\/span><\/a><\/span><\/strong><\/h3>\n<p style=\"text-align: justify;\"><em>Parc des Expositions le Chillou, Ch\u00e2tellerault<\/em><br \/>\n<em><span style=\"color: #ff9900;\">Du 14\/03 au 16\/03, de 10h \u00e0 19h, fermeture \u00e0 18h le dimanche, entr\u00e9e gratuite.<\/span><\/em><br \/>\n<img decoding=\"async\" loading=\"lazy\" class=\"Salon Habitat Chatellerault alignleft\" style=\"border: 2px solid black;\" title=\"Salon de l'habitat chatellerault\" alt=\"chatellerault\" src=\"https:\/\/www.mamaisonmonjardin.com\/blog\/wp-content\/uploads\/2014\/01\/chatellerault-300x193.jpg\" width=\"300\" height=\"193\" \/><\/p>\n<p style=\"text-align: justify;\">Le salon de l\u2019habitat fait une halte \u00e0 Ch\u00e2tellerault et vous propose de rencontrer les sp\u00e9cialistes de la construction, de la r\u00e9novation, mais aussi de la d\u00e9coration et de l\u2019ameublement.<\/p>\n<p style=\"text-align: justify;\">Tous les corps de m\u00e9tiers seront repr\u00e9sent\u00e9s par des \u00e9quipes de professionnels pr\u00e8s \u00e0 vous accompagner dans vos projets.<\/p>\n<h3 style=\"text-align: justify;\"><span style=\"text-decoration: underline; color: #3366ff;\"><strong><a href=\"http:\/\/www.salonhabitat.net\/fiche_salon_habitat.php?id_manif=27&amp;Cognac\" target=\"_blank\"><span style=\"color: #3366ff; text-decoration: underline;\">Salon Habitat<\/span><\/a><\/strong><\/span><\/h3>\n<p style=\"text-align: justify;\"><em>Espace 3000, Cognac<\/em><br \/>\n<em><span style=\"color: #ff9900;\">Du 28 au 30\/03, de 10h \u00e0 19h, sauf vendredi\u00a0: 14h-19h, entr\u00e9e 4\u20ac gratuit pour les moins de 15 ans.<br \/>\n<\/span><\/em><br \/>\n<img decoding=\"async\" loading=\"lazy\" class=\" wp-image-596 alignleft\" style=\"border: 2px solid black;\" title=\"Habitat Cognac\" alt=\"Salon Habitat Cognac\" src=\"https:\/\/www.mamaisonmonjardin.com\/blog\/wp-content\/uploads\/2014\/01\/ognac-194x300.jpg\" width=\"194\" height=\"270\" \/><br \/>\nLes sp\u00e9cialistes de l\u2019habitat se r\u00e9uniront au sein de ce salon pour vous faire d\u00e9couvrir les tendances et les nouveaut\u00e9s en mati\u00e8re de d\u00e9coration, d\u2019ameublement, d\u2019\u00e9nergie, de construction, de r\u00e9novation, d\u2019\u00e9quipement de la maison, etc.<br \/>\nEn bref, tous les sujets qui touchent \u00e0 votre habitation.<\/p>\n<h2 style=\"text-align: justify;\"><\/h2>\n<h2 style=\"text-align: justify;\"><\/h2>\n<h2 style=\"text-align: justify;\"><\/h2>\n<h2 style=\"text-align: justify;\"><span style=\"color: #99cc00;\">Rh\u00f4ne-Alpes<\/span><\/h2>\n<h3 style=\"text-align: justify;\"><strong><a href=\"http:\/\/www.salonpiscineetjardin.com\/index.html\" target=\"_blank\"><span style=\"color: #3366ff; text-decoration: underline;\">Piscine et Jardin<\/span><\/a><\/strong><\/h3>\n<p style=\"text-align: justify;\"><em>Parc Chanot, Marseille<\/em><br \/>\n<em><span style=\"color: #ff9900;\">Du 14\/03 au 17\/03, de 10h \u00e0 19h, fermeture 18h le lundi. Entr\u00e9e 5\u20ac, tarif famille r\u00e9duit, entr\u00e9e gratuite sur le site.<br \/>\n<\/span><\/em><br \/>\n<img decoding=\"async\" loading=\"lazy\" class=\"size-medium wp-image-598 alignleft\" style=\"border: 2px solid black;\" title=\"Piscine et jardin \u00e0 marseille\" alt=\"Salon Piscine et Jardin \u00e0 Marseille \" src=\"https:\/\/www.mamaisonmonjardin.com\/blog\/wp-content\/uploads\/2014\/01\/PJ14-400x300-BD1-300x194.jpg\" width=\"300\" height=\"194\" srcset=\"https:\/\/www.mamaisonmonjardin.com\/blog\/wp\/wp-content\/uploads\/2014\/01\/PJ14-400x300-BD1-300x194.jpg 300w, https:\/\/www.mamaisonmonjardin.com\/blog\/wp\/wp-content\/uploads\/2014\/01\/PJ14-400x300-BD1-1024x662.jpg 1024w, https:\/\/www.mamaisonmonjardin.com\/blog\/wp\/wp-content\/uploads\/2014\/01\/PJ14-400x300-BD1.jpg 1227w\" sizes=\"(max-width: 300px) 100vw, 300px\" \/><br \/>\nC\u2019est le mois id\u00e9al\u00a0 pour venir d\u00e9couvrir \u00e0 Marseille tous les concepts, les nouveaut\u00e9s et les tendances pour construire une piscine, installer un spa, ou am\u00e9nager votre jardin avant l\u2019\u00e9t\u00e9.<\/p>\n<h3 style=\"text-align: justify;\"><\/h3>\n<h3 style=\"text-align: justify;\"><a href=\"http:\/\/www.demeure-fleurs-saveurs.com\/demeure-fleurs-et-saveurs.html\" target=\"_blank\"><strong><span style=\"text-decoration: underline;\"><span style=\"color: #3366ff; text-decoration: underline;\">Demeure, Fleurs &amp; Saveurs<\/span><\/span><\/strong><\/a><\/h3>\n<p style=\"text-align: justify;\"><em>Alpexpo, Grenoble<br \/>\n<span style=\"color: #ff9900;\">D<\/span><span style=\"color: #ff9900;\">u 21 au 23\/03, de 10h \u00e0 19h, avant-premi\u00e8re sur invitation le jeudi 20 \u00e0 19h, entr\u00e9e 6\u20ac, tarif r\u00e9duit 4\u20ac et gratuit pour les moins de 12 ans.<\/span><\/em><br \/>\n<img decoding=\"async\" loading=\"lazy\" class=\"size-full wp-image-582 alignleft\" style=\"border: 0px solid black;\" alt=\"Ev\u00e9nement Demeure fleurs et saveurs de Grenoble\" src=\"https:\/\/www.mamaisonmonjardin.com\/blog\/wp-content\/uploads\/2014\/01\/21986_481348421955409_691241788_n1.jpg\" width=\"274\" height=\"177\" \/><\/p>\n<p style=\"text-align: justify;\">Le salon DF&amp;S expose des professionnels sur trois grands p\u00f4les\u00a0: maison, jardin et d\u00e9gustation.<\/p>\n<p style=\"text-align: justify;\">Toutes les tendances mode et chics pour votre int\u00e9rieur cot\u00e9 maison, et tout pour faire fr\u00e9tiller vos papilles cot\u00e9 d\u00e9gustation.<br \/>\nLe salon vous propose les produits pour am\u00e9nager votre maison et votre jardin, de la petite \u00e0 la grosse d\u00e9coration. Des ateliers sont accessibles au sein du salon.<\/p>\n<h3 style=\"text-align: justify;\"><\/h3>\n<h3 style=\"text-align: justify;\"><\/h3>\n<h3 style=\"text-align: justify;\"><strong><a href=\"http:\/\/www.boisenergie.com\/\" target=\"_blank\"><span style=\"color: #3366ff; text-decoration: underline;\">Bois Energie<\/span><\/a><\/strong><\/h3>\n<p style=\"text-align: justify;\"><em>Parc des Expositions de Saint-Etienne<\/em><br \/>\n<em><span style=\"color: #ff9900;\">Du 13\/03 au 16\/03, de 09h \u00e0 18h, entr\u00e9e gratuite<\/span><\/em><br \/>\n<img decoding=\"async\" loading=\"lazy\" class=\"size-medium wp-image-594 alignleft\" style=\"border: 2px solid black;\" alt=\"Ev\u00e9nement Bois Energie \u00e0 St Etienne \" src=\"https:\/\/www.mamaisonmonjardin.com\/blog\/wp-content\/uploads\/2014\/01\/logofr1-300x194.jpg\" width=\"300\" height=\"194\" srcset=\"https:\/\/www.mamaisonmonjardin.com\/blog\/wp\/wp-content\/uploads\/2014\/01\/logofr1-300x194.jpg 300w, https:\/\/www.mamaisonmonjardin.com\/blog\/wp\/wp-content\/uploads\/2014\/01\/logofr1.jpg 516w\" sizes=\"(max-width: 300px) 100vw, 300px\" \/><\/p>\n<p style=\"text-align: justify;\">Au salon Bois Energie venez trouver toutes les informations et les tendances pour le chauffage de votre habitat aupr\u00e8s de professionnel du secteur.<\/p>\n<p style=\"text-align: justify;\">Vous y trouverez tous les types de produits, et les diff\u00e9rents dispositifs et \u00e9quipements modernes destin\u00e9s au chauffage domestique.<\/p>\n<h2 style=\"text-align: justify;\"><\/h2>\n<h2 style=\"text-align: justify;\"><span style=\"color: #99cc00;\">R\u00e9gion Parisienne<\/span><\/h2>\n<h3 style=\"text-align: justify;\"><strong><span style=\"color: #3366ff;\"><a href=\"http:\/\/www.salonhabitat.net\/fiche_salon_habitat.php?id_manif=25\" target=\"_blank\"><span style=\"color: #3366ff; text-decoration: underline;\">Salon de l\u2019Habitat<\/span><\/a><\/span><\/strong><\/h3>\n<p style=\"text-align: justify;\"><em>Hall Saint Martin, Pontoise<br \/>\n<\/em><em><span style=\"color: #ff9900;\">Du 07\/03 au 09\/03, de 10h \u00e0 19h, sauf vendredi 14h-19h, entr\u00e9e 4\u20ac, gratuit pour les moins de 15 ans.<\/span><\/em><br \/>\n<img decoding=\"async\" loading=\"lazy\" class=\" wp-image-601 alignleft\" style=\"border: 2px solid black;\" alt=\"Affiche Salon Habitat Cergy Pontoise \" src=\"https:\/\/www.mamaisonmonjardin.com\/blog\/wp-content\/uploads\/2014\/01\/pub_251-193x300.jpg\" width=\"193\" height=\"270\" \/><br \/>\nL\u2019outil efficace de la r\u00e9novation, l\u2019am\u00e9nagement de votre int\u00e9rieur ainsi que de votre ext\u00e9rieur, vos petits et grands travaux de d\u00e9coration, servit par des professionnels du secteur qui vous accueillent sur trois jours au Salon de l\u2019habitat.<\/p>\n<p style=\"text-align: justify;\">Venez y trouver les solutions \u00e0 vos attentes en un seul et m\u00eame espace.<\/p>\n<h3 style=\"text-align: justify;\"><\/h3>\n<h3 style=\"text-align: justify;\"><\/h3>\n<h3 style=\"text-align: justify;\"><strong><span style=\"text-decoration: underline;\"><span style=\"color: #3366ff; text-decoration: underline;\"><a href=\"http:\/\/www.salon-ecobat.com\/le-salon\/\" target=\"_blank\"><span style=\"color: #3366ff; text-decoration: underline;\">Salon EcoBat<\/span><\/a><\/span><\/span><\/strong><\/h3>\n<p style=\"text-align: justify;\"><em>Porte de Versailles, Paris<\/em><br \/>\n<em><span style=\"color: #ff9900;\">Du 19 au 21\/03, de 10h \u00e0 19h, entr\u00e9e 8\u20ac, tarif r\u00e9duit \u00e0 5\u20ac.<\/span><\/em><br \/>\n<img decoding=\"async\" loading=\"lazy\" class=\"size-medium wp-image-590 alignleft\" style=\"border: 2px solid black;\" title=\"Salon ecobat paris\" alt=\"ecobat_l_eco_construction_s_expose_landing_entete[1]\" src=\"https:\/\/www.mamaisonmonjardin.com\/blog\/wp-content\/uploads\/2014\/01\/ecobat_l_eco_construction_s_expose_landing_entete1-300x194.jpg\" width=\"300\" height=\"194\" srcset=\"https:\/\/www.mamaisonmonjardin.com\/blog\/wp\/wp-content\/uploads\/2014\/01\/ecobat_l_eco_construction_s_expose_landing_entete1-300x194.jpg 300w, https:\/\/www.mamaisonmonjardin.com\/blog\/wp\/wp-content\/uploads\/2014\/01\/ecobat_l_eco_construction_s_expose_landing_entete1.jpg 369w\" sizes=\"(max-width: 300px) 100vw, 300px\" \/><\/p>\n<p style=\"text-align: justify;\">Ecobat c\u2019est le grand rassemblement des professionnels de l\u2019\u00e9co-construction, des \u00e9nergies renouvelables, et des solutions en termes de chauffage, construction, avec toujours un souci pour l\u2019environnement pour apprendre, vous donner des conseils, de explications, des valeurs de l\u2019\u00e9coconstruction.<\/p>\n","protected":false},"excerpt":{"rendered":"<p>Ma Maison Mon Jardin vous annonce tous les salons et expositions, r\u00e9gion par r\u00e9gion, sur le th\u00e8me de la maison. Et ils sont nombreux pour le mois de mars ! Le jardin est aussi \u00e0 [&hellip;]<\/p>\n","protected":false},"author":2,"featured_media":709,"comment_status":"open","ping_status":"closed","sticky":false,"template":"","format":"standard","meta":{"ngg_post_thumbnail":0},"categories":[11],"tags":[],"_links":{"self":[{"href":"https:\/\/www.mamaisonmonjardin.com\/blog\/wp-json\/wp\/v2\/posts\/580"}],"collection":[{"href":"https:\/\/www.mamaisonmonjardin.com\/blog\/wp-json\/wp\/v2\/posts"}],"about":[{"href":"https:\/\/www.mamaisonmonjardin.com\/blog\/wp-json\/wp\/v2\/types\/post"}],"author":[{"embeddable":true,"href":"https:\/\/www.mamaisonmonjardin.com\/blog\/wp-json\/wp\/v2\/users\/2"}],"replies":[{"embeddable":true,"href":"https:\/\/www.mamaisonmonjardin.com\/blog\/wp-json\/wp\/v2\/comments?post=580"}],"version-history":[{"count":0,"href":"https:\/\/www.mamaisonmonjardin.com\/blog\/wp-json\/wp\/v2\/posts\/580\/revisions"}],"wp:featuredmedia":[{"embeddable":true,"href":"https:\/\/www.mamaisonmonjardin.com\/blog\/wp-json\/wp\/v2\/media\/709"}],"wp:attachment":[{"href":"https:\/\/www.mamaisonmonjardin.com\/blog\/wp-json\/wp\/v2\/media?parent=580"}],"wp:term":[{"taxonomy":"category","embeddable":true,"href":"https:\/\/www.mamaisonmonjardin.com\/blog\/wp-json\/wp\/v2\/categories?post=580"},{"taxonomy":"post_tag","embeddable":true,"href":"https:\/\/www.mamaisonmonjardin.com\/blog\/wp-json\/wp\/v2\/tags?post=580"}],"curies":[{"name":"wp","href":"https:\/\/api.w.org\/{rel}","templated":true}]}}