{"id":636,"date":"2014-02-20T06:06:42","date_gmt":"2014-02-20T05:06:42","guid":{"rendered":"http:\/\/www.mamaisonmonjardin.com\/blog\/?p=636"},"modified":"2014-02-21T17:19:20","modified_gmt":"2014-02-21T16:19:20","slug":"philippe-starck-focus-sur-travail-designer-infatigable","status":"publish","type":"post","link":"https:\/\/www.mamaisonmonjardin.com\/blog\/philippe-starck-focus-sur-travail-designer-infatigable\/","title":{"rendered":"Philippe Starck : retour sur le travail d&rsquo;un designer infatigable"},"content":{"rendered":"<p style=\"text-align: justify;\">Une renomm\u00e9e mondiale, un talent d\u00e9mesur\u00e9, des id\u00e9es qui d\u00e9bordent, des r\u00e9compenses artistiques par centaines, c\u2019est bien du grand Philippe Starck dont on parle.<\/p>\n<p style=\"text-align: justify;\">Ce <strong>designer fran\u00e7ais<\/strong>, fils d\u2019ing\u00e9nieur a\u00e9ronautique, est le plus connu et le plus diversifi\u00e9 dans son domaine.\u00a0Les nombreuses \u0153uvres qu\u2019il a r\u00e9alis\u00e9es l\u2019ont rendues c\u00e9l\u00e8bre de par leur ergonomie, leur design et leur fonctionnalit\u00e9.<\/p>\n<p style=\"text-align: justify;\"><!--more--><\/p>\n<p style=\"text-align: justify;\">En 1968, il cr\u00e9e, \u00e0 seulement 22 ans, sa propre entreprise qui con\u00e7oit et fabrique des produits gonflables. Et c\u2019est en 1979, \u00e0 30 ans, qu\u2019il fonde \u00ab\u00a0Starck Product\u00a0\u00bb, l\u2019actuel \u00ab\u00a0Ubik\u00a0\u00bb.<\/p>\n<p style=\"text-align: justify;\">Focus sur Philippe Starck, un <strong>cr\u00e9ateur presque l\u00e9gende de son vivant<\/strong>\u2026<\/p>\n<h2 style=\"text-align: justify;\">\u00ab\u00a0Le style Starck n\u2019existe pas, c\u2019est une logique\u00a0\u00bb<\/h2>\n<figure id=\"attachment_650\" aria-describedby=\"caption-attachment-650\" style=\"width: 224px\" class=\"wp-caption alignright\"><img decoding=\"async\" loading=\"lazy\" class=\" wp-image-650   \" title=\"Mama Shelter\" alt=\"Mama Shelter\" src=\"https:\/\/www.mamaisonmonjardin.com\/blog\/wp-content\/uploads\/2014\/01\/Mama-Shelter-194x300.jpg\" width=\"224\" height=\"300\" \/><figcaption id=\"caption-attachment-650\" class=\"wp-caption-text\">Le restaurant Mama Shelter \u00e0 Marseille <br \/>Cr\u00e9dit photo Starck.com<\/figcaption><\/figure>\n<p style=\"text-align: justify;\">En effet, il n\u2019y a pas de style associ\u00e9 \u00e0 Philippe Starck, le designer explique que ses cr\u00e9ations r\u00e9pondent toutes \u00e0 une m\u00eame logique.<br \/>\nMais elles sont toutes tr\u00e8s diff\u00e9rentes\u00a0: on passe d\u2019une brosse \u00e0 dent \u00e0 un bateau enti\u00e8rement con\u00e7u par lui-m\u00eame, en passant par des montures de lunettes.<\/p>\n<p style=\"text-align: justify;\">Philippe Starck s\u2019essaye \u00e0 tout, et il r\u00e9ussit tout.<\/p>\n<p style=\"text-align: justify;\">Sa patte cr\u00e9\u00e9e des objets toujours plus impressionnants les uns que les autres.<br \/>\nIl n\u2019y a donc pas de style car peu de rapports entre eux&#8230; on ne dessine pas un avion comme on dessine une tasse \u00e0 caf\u00e9.<br \/>\nIl utilise toujours le design, les couleurs, et le mat\u00e9riel le plus adapt\u00e9 car ses mots d\u2019ordre sont\u00a0: <strong>pr\u00e9cision et fonctionnalit\u00e9<\/strong>.<\/p>\n<p style=\"text-align: justify;\">Les objets qu\u2019ils cr\u00e9ent omettent toutes difficult\u00e9s d\u2019utilisation, apportent l\u00e9g\u00e8ret\u00e9 et simplicit\u00e9. <strong>\u00ab\u00a0Le but est de rendre supportable les choses que je trouve inacceptables\u00a0\u00bb<\/strong> dit-il.<br \/>\nPhilippe Starck produit \u00e0 partir de son imagination, sait cr\u00e9er l\u2019effet de surprise, et fait particuli\u00e8rement attention \u00e0 la symbolique des objets qu\u2019il con\u00e7oit, et fait en sorte qu\u2019ils apportent des choses plus profondes que leurs fonctions.<\/p>\n<h2 style=\"text-align: justify;\">Des objets du quotidien\u2026 mais design\u00a0!<\/h2>\n<figure id=\"attachment_649\" aria-describedby=\"caption-attachment-649\" style=\"width: 300px\" class=\"wp-caption alignleft\"><img decoding=\"async\" loading=\"lazy\" class=\"size-medium wp-image-649 \" title=\"Lulinaire Starck\" alt=\"\" src=\"https:\/\/www.mamaisonmonjardin.com\/blog\/wp-content\/uploads\/2014\/01\/Luminaire-Starck-300x194.jpg\" width=\"300\" height=\"194\" srcset=\"https:\/\/www.mamaisonmonjardin.com\/blog\/wp\/wp-content\/uploads\/2014\/01\/Luminaire-Starck-300x194.jpg 300w, https:\/\/www.mamaisonmonjardin.com\/blog\/wp\/wp-content\/uploads\/2014\/01\/Luminaire-Starck.jpg 609w\" sizes=\"(max-width: 300px) 100vw, 300px\" \/><figcaption id=\"caption-attachment-649\" class=\"wp-caption-text\">Cr\u00e9dit Photo Starck.com<\/figcaption><\/figure>\n<p style=\"text-align: justify;\">Il para\u00eet que les objets ne l\u2019ont jamais s\u00e9duit\u2026 on a du mal \u00e0 le croire tant il en a produit, environ 10\u00a0000\u2026.<br \/>\nMeubles et collection de meubles, lunettes, bateaux, couteaux, voitures, montres, poign\u00e9es de porte, brosses \u00e0 dent, bouteilles, appareils \u00e9lectrom\u00e9nager.<br \/>\nSes plus belles cr\u00e9ations sont m\u00eame expos\u00e9es dans les mus\u00e9es de New-York, Londres, Paris ou Tokyo\u2026 Philippe Starck souhaite la d\u00e9mocratisation du design. <strong>Il cr\u00e9e des objets pas s\u00e9rieux du tout, accessibles, en augmentant toujours leur qualit\u00e9<\/strong>.<\/p>\n<p style=\"text-align: justify;\">C\u2019est son cr\u00e9do\u00a0: fabriquer des objets du quotidien, de la petite d\u00e9coration, sans pour autant entrer dans le luxe et l\u2019opulence.<\/p>\n<p style=\"text-align: justify;\"><strong>Le design se d\u00e9mocratise avec les cr\u00e9ations de Monsieur Starck<\/strong>.<br \/>\nLuminaires, chaises, vaisselle, rien n\u2019est trop beau pour faire de son chez soi, un lieu design, et le designer l\u2019a bien compris.<br \/>\nLes objets qu\u2019il cr\u00e9e sont des cr\u00e9ations design, mais ils ont l\u2019avantage de pouvoir s\u2019introduire dans tous les int\u00e9rieurs, \u00e0 la diff\u00e9rence de certaines grandes cr\u00e9ations, trop extravagantes, inaccoutum\u00e9es.<\/p>\n<figure id=\"attachment_648\" aria-describedby=\"caption-attachment-648\" style=\"width: 193px\" class=\"wp-caption alignright\"><img decoding=\"async\" loading=\"lazy\" class=\" wp-image-648  \" title=\"Fauteuil Louiis Ghost\" alt=\"Louis ghost\" src=\"https:\/\/www.mamaisonmonjardin.com\/blog\/wp-content\/uploads\/2014\/01\/Louis-ghost-193x300.jpg\" width=\"193\" height=\"260\" \/><figcaption id=\"caption-attachment-648\" class=\"wp-caption-text\">Fauteuil Louis Ghost<br \/>Cr\u00e9dit photo Starck.com<\/figcaption><\/figure>\n<p style=\"text-align: justify;\">Philippe Starck est aussi connu et reconnu pour ses collections de mobiliers, comme <strong>le fameux fauteuil Louis Ghost<\/strong> inspir\u00e9 du style Louis XVI avec un mat\u00e9riau tr\u00e8s moderne qu\u2019est le <strong>polycarbonate<\/strong>.<\/p>\n<p style=\"text-align: justify;\">M\u00e9lange de style, m\u00e9lange d\u2019\u00e9poque, Philippe Starck r\u00e9ussi encore un challenge, le fauteuil a f\u00eat\u00e9 ses 10 ans en 2010, et perdure.<\/p>\n<p style=\"text-align: justify;\">Le polycarbonate est un mat\u00e9riau l\u00e9ger, et tr\u00e8s solide. Starck fait toujours en sorte de donner une longue esp\u00e9rance de vie \u00e0 ses cr\u00e9ations, en misant sur la qualit\u00e9.<\/p>\n<p style=\"text-align: justify;\">Ce cultissime fauteuil transparent au dossier m\u00e9daillon du style Louis XVI se marie aussi bien dans un int\u00e9rieur moderne qu\u2019avec des mati\u00e8res plus nobles comme le bois par exemple.<br \/>\nDe m\u00eame, la mati\u00e8re r\u00e9siste aussi bien \u00e0 l\u2019int\u00e9rieur qu\u2019\u00e0 l\u2019ext\u00e9rieur. Il est utilis\u00e9 par les plus grands restaurateurs, h\u00f4tels, et continue d\u2019inspirer d\u2019autres cr\u00e9ateurs.<\/p>\n<h2 style=\"text-align: justify;\">L\u2019\u00e9thique sign\u00e9e Starck<\/h2>\n<figure id=\"attachment_647\" aria-describedby=\"caption-attachment-647\" style=\"width: 223px\" class=\"wp-caption alignleft\"><img decoding=\"async\" loading=\"lazy\" class=\" wp-image-647   \" title=\"Etag\u00e8re plexiglas\" alt=\"Etag\u00e8re plexiglas\" src=\"https:\/\/www.mamaisonmonjardin.com\/blog\/wp-content\/uploads\/2014\/01\/Etag\u00e8re-plexiglas-193x300.jpg\" width=\"223\" height=\"260\" \/><figcaption id=\"caption-attachment-647\" class=\"wp-caption-text\">Etag\u00e8re en polycarbonate Cr\u00e9dit photo Starck.com<\/figcaption><\/figure>\n<p style=\"text-align: justify;\">Le d\u00e9signer parle <strong>d\u2019\u00e9cologie d\u00e9mocratique<\/strong>.<br \/>\nLa long\u00e9vit\u00e9 des produits est ce qui d\u00e9termine le travail de Philippe Starck\u00a0: les objets qu\u2019il con\u00e7oit garantissent un h\u00e9ritage, une transmission pour les g\u00e9n\u00e9rations futures.<\/p>\n<p style=\"text-align: justify;\">Au d\u00e9but de sa carri\u00e8re, il \u00e9labore une charte \u00e9thique\u00a0qui pose la r\u00e8gle suivante\u00a0: pas d\u2019\u00e9laboration de projet sur les produits comme l\u2019alcool fort, le tabac, l\u2019argent sale, les armes, le jeu, la religion, les compagnies p\u00e9troli\u00e8res. Pour lui, le design ne peut pas am\u00e9liorer la vie.<\/p>\n<p style=\"text-align: justify;\">Il se fait \u00e9galement une id\u00e9e bien pr\u00e9cise du <strong>recyclage<\/strong>\u00a0: les conditions pour recycler des produits pr\u00e9conisent souvent beaucoup plus d\u2019\u00e9nergies qu\u2019il n\u2019en faut pour les fabriquer.<\/p>\n<p style=\"text-align: justify;\">L\u2019avenir est aux compagnies \u00e9thiques, et l\u2019entreprise Starck en est une, mais \u00e7a ne se voit pas forc\u00e9ment.<b>\u00a0<\/b><\/p>\n<h2 style=\"text-align: justify;\">L&rsquo;esprit Starck en quelques crit\u00e8res :<br \/>\n<img decoding=\"async\" loading=\"lazy\" class=\"size-medium wp-image-646 aligncenter\" title=\"Canap\u00e9 Starck\" alt=\"Canap\u00e9 Starck\" src=\"https:\/\/www.mamaisonmonjardin.com\/blog\/wp-content\/uploads\/2014\/01\/Canap\u00e9-Starck-300x193.jpg\" width=\"300\" height=\"193\" srcset=\"https:\/\/www.mamaisonmonjardin.com\/blog\/wp\/wp-content\/uploads\/2014\/01\/Canap\u00e9-Starck-300x193.jpg 300w, https:\/\/www.mamaisonmonjardin.com\/blog\/wp\/wp-content\/uploads\/2014\/01\/Canap\u00e9-Starck.jpg 551w\" sizes=\"(max-width: 300px) 100vw, 300px\" \/><\/h2>\n<ul style=\"text-align: justify;\">\n<li>Une intuition,<\/li>\n<li>L&rsquo;\u00e9laboration une vision \u00e9thique,<\/li>\n<li>L\u2019objet doit \u00eatre d\u2019une honn\u00eatet\u00e9 absolue,<\/li>\n<li>Utiliser le moins de mati\u00e8re possible,<\/li>\n<li>Attention \u00e0 la symbolique des objets,<\/li>\n<li>Fonctionnalit\u00e9 du produit\u00a0: rendre la vie plus facile est un des buts premiers de Philippe Starck,<\/li>\n<li>D\u00e9mocratisation du design,<\/li>\n<li>Elaboration finale d\u2019une vision qui tend vers un projet et un produit,<\/li>\n<li>L\u2019humour rentre \u00e9galement en ligne de compte. Le cr\u00e9ateur donne des noms aux objets qu\u2019il cr\u00e9e, avec humour, et fait p\u00e9n\u00e9trer dans l\u2019univers de la maison des objets incongrus mais pas d\u00e9plac\u00e9s pour autant.<\/li>\n<\/ul>\n<h2 style=\"text-align: justify;\">Architecture\u00a0: zoom sur \u00ab\u00a0The Stairs\u00a0\u00bb<\/h2>\n<p style=\"text-align: justify;\">H\u00f4tels prestigieux (notamment la cha\u00eene SLS Hotels), appartements pr\u00e9sidentiels (Appartement priv\u00e9 de Monsieur Mitterrand, rien que \u00e7a\u00a0!), bureaux, bars, restaurants, immeubles des plus grandes marques ou entreprises, r\u00e9sidences particuli\u00e8res, night-club,\u00a0 mus\u00e9es, usines\u2026<br \/>\nPhilippe Starck est aussi un <strong>architecte hors pair<\/strong>.<br \/>\nLes plus grandes marques lui font confiance et font appel \u00e0 son expertise et son savoir-faire pour b\u00e2tir, cr\u00e9er, agrandir leurs locaux, leurs fond de commerces, les lieux qui font qu\u2019ils existent.<\/p>\n<figure id=\"attachment_652\" aria-describedby=\"caption-attachment-652\" style=\"width: 330px\" class=\"wp-caption alignright\"><img decoding=\"async\" loading=\"lazy\" class=\" wp-image-652  \" title=\"The Stairs\" alt=\"Sans titre-1\" src=\"https:\/\/www.mamaisonmonjardin.com\/blog\/wp-content\/uploads\/2014\/01\/Sans-titre-1-300x193.jpg\" width=\"330\" height=\"203\" \/><figcaption id=\"caption-attachment-652\" class=\"wp-caption-text\">Stairs Villa, Bali<br \/>Cr\u00e9dit photo Starck.com<\/figcaption><\/figure>\n<p style=\"text-align: justify;\">En 2015, Philippe Starck inaugurera sa nouvelle prouesse architecturale\u00a0: <strong>\u00ab\u00a0The Stairs\u00a0\u00bb<\/strong>.<br \/>\nUn village de 12 villa-h\u00f4tels situ\u00e9es au sud de Bali.<br \/>\nProuesses tant par l\u2019architecture exceptionnelle que par le design envoutant de cette structure.<\/p>\n<p style=\"text-align: justify;\">Commen\u00e7ons par l\u2019ext\u00e9rieur\u00a0: jeu avec le bois, la lumi\u00e8re et les couleurs chaudes.<\/p>\n<p style=\"text-align: justify;\">Sur les terrasses, les canap\u00e9s et lit blanc vendent du r\u00eave, c\u2019est surement le paradis que Starck a voulu retranscrire sur Terre. Un m\u00e9lange de style industriel et cocooning, les pieds dans l\u2019eau\u2026<\/p>\n<p style=\"text-align: justify;\">Selon Philippe Starck, \u00ab\u00a0<i>The Stairs est sans aucuns doute une \u00e9bullition d\u2019\u00e9nergie, de cr\u00e9ativit\u00e9 et d\u2019intelligence venant de Bali et peut \u00eatre plus\u2026The Stairs est hors de toutes les tendances, ce projet s\u2019est auto-dessin\u00e9. Il suit la beaut\u00e9 de l\u2019\u00e2me Balinaise et le futur de ce monde<\/i>\u00bb.<br \/>\nUn brin futuriste donc, un design moderne, des mat\u00e9riaux riches et pauvres en harmonie pour cr\u00e9er The Stairs Villa.<\/p>\n<p style=\"text-align: justify;\"><em>\u00a0<\/em><\/p>\n<p style=\"text-align: justify;\"><em>On pense \u00e0 votre culture et \u00e0 votre soif d\u2019id\u00e9es d\u00e9co\u00a0! Dans la rubrique <a href=\"http:\/\/www.mamaisonmonjardin.com\/blog\/andree-putman-la-grande-dame-du-design\/\" target=\"_blank\">\u00ab\u00a01 designer \u00e0 moi(s)\u00a0\u00bb<\/a>, Ma Maison Mon Jardin retrace pour vous chaque mois le parcours d\u2019un designer, ou architecte d\u2019int\u00e9rieur, qui aura marqu\u00e9 la plan\u00e8te d\u00e9co, tant par ses \u0153uvres, son style, ou ses id\u00e9es.<br \/>\nDe quoi donner des ailes \u00e0 vos projets\u2026<\/em><\/p>\n","protected":false},"excerpt":{"rendered":"<p>Une renomm\u00e9e mondiale, un talent d\u00e9mesur\u00e9, des id\u00e9es qui d\u00e9bordent, des r\u00e9compenses artistiques par centaines, c\u2019est bien du grand Philippe Starck dont on parle. Ce designer fran\u00e7ais, fils d\u2019ing\u00e9nieur a\u00e9ronautique, est le plus connu et [&hellip;]<\/p>\n","protected":false},"author":2,"featured_media":656,"comment_status":"open","ping_status":"closed","sticky":false,"template":"","format":"standard","meta":{"ngg_post_thumbnail":0},"categories":[4],"tags":[],"_links":{"self":[{"href":"https:\/\/www.mamaisonmonjardin.com\/blog\/wp-json\/wp\/v2\/posts\/636"}],"collection":[{"href":"https:\/\/www.mamaisonmonjardin.com\/blog\/wp-json\/wp\/v2\/posts"}],"about":[{"href":"https:\/\/www.mamaisonmonjardin.com\/blog\/wp-json\/wp\/v2\/types\/post"}],"author":[{"embeddable":true,"href":"https:\/\/www.mamaisonmonjardin.com\/blog\/wp-json\/wp\/v2\/users\/2"}],"replies":[{"embeddable":true,"href":"https:\/\/www.mamaisonmonjardin.com\/blog\/wp-json\/wp\/v2\/comments?post=636"}],"version-history":[{"count":0,"href":"https:\/\/www.mamaisonmonjardin.com\/blog\/wp-json\/wp\/v2\/posts\/636\/revisions"}],"wp:featuredmedia":[{"embeddable":true,"href":"https:\/\/www.mamaisonmonjardin.com\/blog\/wp-json\/wp\/v2\/media\/656"}],"wp:attachment":[{"href":"https:\/\/www.mamaisonmonjardin.com\/blog\/wp-json\/wp\/v2\/media?parent=636"}],"wp:term":[{"taxonomy":"category","embeddable":true,"href":"https:\/\/www.mamaisonmonjardin.com\/blog\/wp-json\/wp\/v2\/categories?post=636"},{"taxonomy":"post_tag","embeddable":true,"href":"https:\/\/www.mamaisonmonjardin.com\/blog\/wp-json\/wp\/v2\/tags?post=636"}],"curies":[{"name":"wp","href":"https:\/\/api.w.org\/{rel}","templated":true}]}}