{"id":728,"date":"2014-05-07T06:07:52","date_gmt":"2014-05-07T04:07:52","guid":{"rendered":"http:\/\/www.mamaisonmonjardin.com\/blog\/?p=728"},"modified":"2014-04-29T09:53:11","modified_gmt":"2014-04-29T07:53:11","slug":"tendances-jardin-le-mobilier-en-resine-tressee","status":"publish","type":"post","link":"https:\/\/www.mamaisonmonjardin.com\/blog\/tendances-jardin-le-mobilier-en-resine-tressee\/","title":{"rendered":"Tendances au jardin : le mobilier en r\u00e9sine tress\u00e9e"},"content":{"rendered":"<p style=\"text-align: justify;\">Les rayons du soleil commencent tout juste \u00e0 percer, c\u2019est le printemps qui se fait d\u00e9sirer !<br \/>\nL\u2019heure du grand m\u00e9nage ext\u00e9rieur est bient\u00f4t venue et ce sera le moment de ressortir son mobilier de jardin et de le nettoyer.<br \/>\nMais c\u2019est peut-\u00eatre aussi le moment de le changer ?<\/p>\n<p style=\"text-align: justify;\">Depuis quelques ann\u00e9es c\u2019est la <strong>r\u00e9sine tress\u00e9e<\/strong> qui a le vent en poupe au jardin, elle d\u00e9core tous les balcons ou terrasses et vous allez comprendre pourquoi.<br \/>\n<!--more--><\/p>\n<p style=\"text-align: justify;\">La r\u00e9sine tress\u00e9e constitue un mat\u00e9riau tr\u00e8s r\u00e9sistant et surtout tr\u00e8s design. Parmi toutes les d\u00e9clinaisons possibles, il y en aura forc\u00e9ment une pour vous.<\/p>\n<p style=\"text-align: justify;\">Ma Maison Mon Jardin vous explique tout ce qu\u2019il faut savoir sur <strong>le mobilier de jardin en r\u00e9sine tress\u00e9e<\/strong>.<\/p>\n<h2 style=\"text-align: justify;\">Des lignes tendances et un design contemporain<\/h2>\n<p style=\"text-align: justify;\"><img decoding=\"async\" loading=\"lazy\" class=\"alignleft  wp-image-885\" style=\"border: 2px solid black;\" title=\"La r\u00e9sine tress\u00e9e, la mati\u00e8re qui habille nos salons de jardin \" alt=\"R\u00e9sine tress\u00e9e\" src=\"https:\/\/www.mamaisonmonjardin.com\/blog\/wp-content\/uploads\/2014\/03\/Resine-tressee-300x269.jpg\" width=\"250\" height=\"210\" \/>M\u00eame si la r\u00e9sine est un mat\u00e9riau de synth\u00e8se, on peut le confondre avec des fibres naturelles.<br \/>\nCette imitation peut \u00eatre moderne ou plus traditionnelle, c\u2019est pourquoi elle s\u2019adapte \u00e0 tous les styles de d\u00e9coration.<\/p>\n<p style=\"text-align: justify;\">Fauteuils, tables, canap\u00e9s, chaises, la r\u00e9sine est de partout. Ce mat\u00e9riau tr\u00e8s tendance et m\u00eame chic saura sublimer votre terrasse.<br \/>\nLes couleurs varient ce qui est un petit plus pour l\u2019accorder avec les couleurs de votre ext\u00e9rieur (parasols, cuisine ext\u00e9rieure, ou cache-pot par exemple).<\/p>\n<p style=\"text-align: justify;\">Les textiles utilis\u00e9s pour les housses de coussin, d\u2019assise, et de dossier se trouvent aussi en une multitude de couleurs, du plus sobre au plus color\u00e9.<br \/>\nLe petit plus est de rajouter sur votre salon de jardin des coussins pour renvoyer une ambiance plus cosy et m\u00e9diterran\u00e9enne.<\/p>\n<p style=\"text-align: justify;\">Au bord de votre piscine, la tendance est v\u00e9ritablement \u00e0 la r\u00e9sine tress\u00e9e. Cela a tout de m\u00eame un autre effet que le plastique et reste plus tendance que le bois.<br \/>\nEnfin, le confort est un atout \u00e0 ne pas n\u00e9gliger : pensez \u00e0 compl\u00e9ter votre installation avec des <strong>coussins et matelas<\/strong>.<\/p>\n<p style=\"text-align: justify;\">Les courbes et les teintes du salon de jardin en r\u00e9sine s\u00e9duisent, elles offrent une certaine convivialit\u00e9, ont un esprit campagne et vacance m\u00eame sur un balcon en centre-ville.<br \/>\nLa r\u00e9sine tress\u00e9e <strong>se rapproche de l\u2019osier ou du rotin<\/strong>, des mat\u00e9riaux chaleureux.<\/p>\n<h2 style=\"text-align: justify;\">Un mat\u00e9riau robuste qui offre bien des avantages :<\/h2>\n<p style=\"text-align: justify;\">La r\u00e9sine tress\u00e9e, appel\u00e9e aussi <strong>\u00ab\u00a0poly rotin\u00a0\u00bb<\/strong>, est fabriqu\u00e9e \u00e0 base de poly\u00e9thyl\u00e8ne ou de PVC, moul\u00e9e en forme de fibre, puis teint\u00e9e.<br \/>\nLes fibres, qui donnent cet aspect rotin ou osier, sont ensuite tress\u00e9es autour d&rsquo;une structure en m\u00e9tal, souvent en aluminium.<\/p>\n<p style=\"text-align: justify;\">Il existe diff\u00e9rents types de tressage, et diff\u00e9rentes teintes. La qualit\u00e9 principale de la r\u00e9sine est sa r\u00e9sistance aux intemp\u00e9ries, aux rayons UV, et sa solidit\u00e9.<\/p>\n<figure id=\"attachment_735\" aria-describedby=\"caption-attachment-735\" style=\"width: 350px\" class=\"wp-caption aligncenter\"><img decoding=\"async\" loading=\"lazy\" class=\" wp-image-735 \" style=\"border: 2px solid black;\" alt=\"Ensemble mobilier de jardin en r\u00e9sine tress\u00e9e \" src=\"https:\/\/www.mamaisonmonjardin.com\/blog\/wp-content\/uploads\/2014\/02\/ensemble-lunch-oceane-300x169.jpg\" width=\"350\" height=\"220\" \/><figcaption id=\"caption-attachment-735\" class=\"wp-caption-text\">Tout le mobilier de jardin s&rsquo;adapte \u00e0 la r\u00e9sine tress\u00e9e !<\/figcaption><\/figure>\n<p style=\"text-align: justify;\"><span style=\"text-align: justify;\">Malgr\u00e9 la l\u00e9g\u00e8ret\u00e9 du mobilier en r\u00e9sine, votre salon de jardin ne s\u2019ab\u00eeme pas facilement et r\u00e9siste \u00e0 tout (ou presque !).<\/span><\/p>\n<p style=\"text-align: justify;\">La l\u00e9g\u00e8ret\u00e9 a une cons\u00e9quence positive : votre mobilier de jardin est <strong>tr\u00e8s modulable<\/strong>, vous pouvez en changer la disposition avec deux bras seulement ! Pas besoin d\u2019\u00eatre plusieurs pour le transporter, et cela au gr\u00e9 de vos envies.<\/p>\n<p style=\"text-align: justify;\">Les prix restent \u00e0 la port\u00e9 de tous, car\u00a0 on compte de la r\u00e9sine \u00ab\u00a0haut de gamme\u00a0\u00bb ou de la \u00ab\u00a0bas de gamme\u00a0\u00bb.<br \/>\nCette derni\u00e8re offre des meubles ou la diff\u00e9rence n&rsquo;est pas tr\u00e8s apparente, mais elle se sent \u00e0 long terme en ce qui concerne la qualit\u00e9 du produit. En effet, le mobilier de jardin en r\u00e9sine de synht\u00e8se est de moins bonne qualit\u00e9 et conserve la couleur d&rsquo;origine moins longtemps.<\/p>\n<h2 style=\"text-align: justify;\">Comment reconna\u00eetre un tressage de bonne qualit\u00e9 ?<\/h2>\n<p style=\"text-align: justify;\">Vous pouvez \u00e9valuer vous-m\u00eame la qualit\u00e9 d&rsquo;une r\u00e9sine lors de l&rsquo;achat : si vous pouvez passer votre doigt sous le tressage, cela signifie que le tressage est trop souple et donc peu r\u00e9sistant, la r\u00e9sine risque de se d\u00e9former \u00e0 long terme. Il est important que le <strong>tressage soit tendu et serr\u00e9<\/strong>.<\/p>\n<p><img decoding=\"async\" loading=\"lazy\" class=\" wp-image-963 alignnone\" style=\"border: 2px solid black;\" alt=\"Table chaise r\u00e9sine tressee\" src=\"https:\/\/www.mamaisonmonjardin.com\/blog\/wp-content\/uploads\/2014\/04\/Table-chaise-resine-tressee-300x219.jpg\" width=\"330\" height=\"229\" \/>\u00a0 \u00a0 \u00a0\u00a0<img decoding=\"async\" loading=\"lazy\" class=\" wp-image-964 alignnone\" style=\"border: 2px solid black;\" alt=\"Table haute de jardin en r\u00e9sine tresse\" src=\"https:\/\/www.mamaisonmonjardin.com\/blog\/wp-content\/uploads\/2014\/04\/Table-haute-jardin-resine-tresse-300x219.jpg\" width=\"330\" height=\"229\" \/><br \/>\n<em>Succombez \u00e0 la tentation du <span style=\"text-decoration: underline;\"><a href=\"http:\/\/www.mamaisonmonjardin.com\/8-mobilier-salon-jardin\" target=\"_blank\"><strong>mobilier en r\u00e9sine tress\u00e9e !<\/strong><\/a>\u00a0<\/span><\/em><\/p>\n<p style=\"text-align: justify;\">V\u00e9rifiez avant tout si votre produit est garantit, de minimum 12 mois, car en dessous le tressage risque d&rsquo;\u00eatre de mauvaise qualit\u00e9.<br \/>\nLisez attentivement les caract\u00e9ristiques sur la fiche technique : si le produit est tress\u00e9 \u00e0 la main, s&rsquo;il est dit r\u00e9sistant, solide, et teint\u00e9 dans la masse (et non uniquement en surface, ce qui laisse appara\u00eetre \u00e0 certains endroits la couleur brute de la fibre synth\u00e9tique), c&rsquo;est que le produit est fiable.<\/p>\n<p style=\"text-align: justify;\">Appr\u00e9ciez les appellations de r\u00e9sine comme <strong>Hularo\u00ae, Viro\u00ae, Ecolene\u00ae ou Rehau\u00ae<\/strong>, qui indiquent un mobilier de haut de gamme.<\/p>\n<h3 style=\"text-align: justify;\">Les tressages et coloris dans toute leur splendeur !<\/h3>\n<p style=\"text-align: justify;\">Il existe plusieurs types de r\u00e9sine, et surtout plusieurs types de tressage : <strong>tressage rond ou tressage plat<\/strong>.<br \/>\nLa diff\u00e9rence r\u00e9side surtout dans l&rsquo;aspect visuel, cependant, on peut dire que <strong>le tressage rond est plus solide que le tressage plat<\/strong>. Les fibres sont en fait plus \u00e9paisses ce qui donne une meilleure qualit\u00e9 au produit.<br \/>\nLe rendu para\u00eet plus proche du naturel et cette r\u00e9sine est moins susceptible de bouger dans le temps.<\/p>\n<p style=\"text-align: justify;\">\n<div class=\"ngg-galleryoverview ngg-slideshow\"\n\tid=\"ngg-slideshow-a7ca63ba8e58c05da1805d01eafe9a1e-5159261780\"\n\tdata-gallery-id=\"a7ca63ba8e58c05da1805d01eafe9a1e\"\n\tstyle=\"max-width: 650px;\n\t\t\tmax-height: 450px;\n\t\t\tdisplay: none;\">\n\n\t\n\t\t<a href=\"https:\/\/www.mamaisonmonjardin.com\/blog\/wp\/wp-content\/gallery\/resine-tressee\/2014-02-18-14.12.08.jpg\"\n\t\t\ttitle=\"Tressage plat beige\"\n\t\t\tdata-src=\"https:\/\/www.mamaisonmonjardin.com\/blog\/wp\/wp-content\/gallery\/resine-tressee\/2014-02-18-14.12.08.jpg\"\n\t\t\tdata-thumbnail=\"https:\/\/www.mamaisonmonjardin.com\/blog\/wp\/wp-content\/gallery\/resine-tressee\/thumbs\/thumbs_2014-02-18-14.12.08.jpg\"\n\t\t\tdata-image-id=\"2\"\n\t\t\tdata-title=\"Tressage plat large\"\n\t\t\tdata-description=\"Tressage plat beige\"\n\t\t\tclass=\"shutterset_a7ca63ba8e58c05da1805d01eafe9a1e\">\n\n\t\t\t<img data-image-id='2'\n\t\t\t\ttitle=\"Tressage plat beige\"\n\t\t\t\talt=\"Tressage plat large\"\n\t\t\t\tsrc=\"https:\/\/www.mamaisonmonjardin.com\/blog\/wp\/wp-content\/gallery\/resine-tressee\/2014-02-18-14.12.08.jpg\"\n\t\t\t\tstyle=\"max-height: 430px;\"\/>\n\t\t<\/a>\n\n\t\t\n\t\t<a href=\"https:\/\/www.mamaisonmonjardin.com\/blog\/wp\/wp-content\/gallery\/resine-tressee\/2014-02-18-14.12.00.jpg\"\n\t\t\ttitle=\"Tressage fin naturel\"\n\t\t\tdata-src=\"https:\/\/www.mamaisonmonjardin.com\/blog\/wp\/wp-content\/gallery\/resine-tressee\/2014-02-18-14.12.00.jpg\"\n\t\t\tdata-thumbnail=\"https:\/\/www.mamaisonmonjardin.com\/blog\/wp\/wp-content\/gallery\/resine-tressee\/thumbs\/thumbs_2014-02-18-14.12.00.jpg\"\n\t\t\tdata-image-id=\"3\"\n\t\t\tdata-title=\"R\u00e9sine tress\u00e9e serr\u00e9e\"\n\t\t\tdata-description=\"Tressage fin naturel\"\n\t\t\tclass=\"shutterset_a7ca63ba8e58c05da1805d01eafe9a1e\">\n\n\t\t\t<img data-image-id='3'\n\t\t\t\ttitle=\"Tressage fin naturel\"\n\t\t\t\talt=\"R\u00e9sine tress\u00e9e serr\u00e9e\"\n\t\t\t\tsrc=\"https:\/\/www.mamaisonmonjardin.com\/blog\/wp\/wp-content\/gallery\/resine-tressee\/2014-02-18-14.12.00.jpg\"\n\t\t\t\tstyle=\"max-height: 430px;\"\/>\n\t\t<\/a>\n\n\t\t\n\t\t<a href=\"https:\/\/www.mamaisonmonjardin.com\/blog\/wp\/wp-content\/gallery\/resine-tressee\/2014-02-18-14.11.38.jpg\"\n\t\t\ttitle=\"R\u00e9sine plate\"\n\t\t\tdata-src=\"https:\/\/www.mamaisonmonjardin.com\/blog\/wp\/wp-content\/gallery\/resine-tressee\/2014-02-18-14.11.38.jpg\"\n\t\t\tdata-thumbnail=\"https:\/\/www.mamaisonmonjardin.com\/blog\/wp\/wp-content\/gallery\/resine-tressee\/thumbs\/thumbs_2014-02-18-14.11.38.jpg\"\n\t\t\tdata-image-id=\"4\"\n\t\t\tdata-title=\"Tressage de r\u00e9sine plat fonc\u00e9\"\n\t\t\tdata-description=\"R\u00e9sine plate\"\n\t\t\tclass=\"shutterset_a7ca63ba8e58c05da1805d01eafe9a1e\">\n\n\t\t\t<img data-image-id='4'\n\t\t\t\ttitle=\"R\u00e9sine plate\"\n\t\t\t\talt=\"Tressage de r\u00e9sine plat fonc\u00e9\"\n\t\t\t\tsrc=\"https:\/\/www.mamaisonmonjardin.com\/blog\/wp\/wp-content\/gallery\/resine-tressee\/2014-02-18-14.11.38.jpg\"\n\t\t\t\tstyle=\"max-height: 430px;\"\/>\n\t\t<\/a>\n\n\t\t\n\t\t<a href=\"https:\/\/www.mamaisonmonjardin.com\/blog\/wp\/wp-content\/gallery\/resine-tressee\/2014-02-18-14.11.09.jpg\"\n\t\t\ttitle=\"R\u00e9sine ronde fonc\u00e9e\"\n\t\t\tdata-src=\"https:\/\/www.mamaisonmonjardin.com\/blog\/wp\/wp-content\/gallery\/resine-tressee\/2014-02-18-14.11.09.jpg\"\n\t\t\tdata-thumbnail=\"https:\/\/www.mamaisonmonjardin.com\/blog\/wp\/wp-content\/gallery\/resine-tressee\/thumbs\/thumbs_2014-02-18-14.11.09.jpg\"\n\t\t\tdata-image-id=\"5\"\n\t\t\tdata-title=\"R\u00e9sine tress\u00e9e \u00e0 tressage rond\"\n\t\t\tdata-description=\"R\u00e9sine ronde fonc\u00e9e\"\n\t\t\tclass=\"shutterset_a7ca63ba8e58c05da1805d01eafe9a1e\">\n\n\t\t\t<img data-image-id='5'\n\t\t\t\ttitle=\"R\u00e9sine ronde fonc\u00e9e\"\n\t\t\t\talt=\"R\u00e9sine tress\u00e9e \u00e0 tressage rond\"\n\t\t\t\tsrc=\"https:\/\/www.mamaisonmonjardin.com\/blog\/wp\/wp-content\/gallery\/resine-tressee\/2014-02-18-14.11.09.jpg\"\n\t\t\t\tstyle=\"max-height: 430px;\"\/>\n\t\t<\/a>\n\n\t\t\n\t\t<a href=\"https:\/\/www.mamaisonmonjardin.com\/blog\/wp\/wp-content\/gallery\/resine-tressee\/2014-02-18-14.10.54.jpg\"\n\t\t\ttitle=\"Tressage rond\"\n\t\t\tdata-src=\"https:\/\/www.mamaisonmonjardin.com\/blog\/wp\/wp-content\/gallery\/resine-tressee\/2014-02-18-14.10.54.jpg\"\n\t\t\tdata-thumbnail=\"https:\/\/www.mamaisonmonjardin.com\/blog\/wp\/wp-content\/gallery\/resine-tressee\/thumbs\/thumbs_2014-02-18-14.10.54.jpg\"\n\t\t\tdata-image-id=\"6\"\n\t\t\tdata-title=\"R\u00e9sine tress\u00e9e ronde\"\n\t\t\tdata-description=\"Tressage rond\"\n\t\t\tclass=\"shutterset_a7ca63ba8e58c05da1805d01eafe9a1e\">\n\n\t\t\t<img data-image-id='6'\n\t\t\t\ttitle=\"Tressage rond\"\n\t\t\t\talt=\"R\u00e9sine tress\u00e9e ronde\"\n\t\t\t\tsrc=\"https:\/\/www.mamaisonmonjardin.com\/blog\/wp\/wp-content\/gallery\/resine-tressee\/2014-02-18-14.10.54.jpg\"\n\t\t\t\tstyle=\"max-height: 430px;\"\/>\n\t\t<\/a>\n\n\t\t\n\t\t<a href=\"https:\/\/www.mamaisonmonjardin.com\/blog\/wp\/wp-content\/gallery\/resine-tressee\/2014-02-18-14.10.27.jpg\"\n\t\t\ttitle=\"R\u00e9sine ronde claire\"\n\t\t\tdata-src=\"https:\/\/www.mamaisonmonjardin.com\/blog\/wp\/wp-content\/gallery\/resine-tressee\/2014-02-18-14.10.27.jpg\"\n\t\t\tdata-thumbnail=\"https:\/\/www.mamaisonmonjardin.com\/blog\/wp\/wp-content\/gallery\/resine-tressee\/thumbs\/thumbs_2014-02-18-14.10.27.jpg\"\n\t\t\tdata-image-id=\"8\"\n\t\t\tdata-title=\"tressage rond\"\n\t\t\tdata-description=\"R\u00e9sine ronde claire\"\n\t\t\tclass=\"shutterset_a7ca63ba8e58c05da1805d01eafe9a1e\">\n\n\t\t\t<img data-image-id='8'\n\t\t\t\ttitle=\"R\u00e9sine ronde claire\"\n\t\t\t\talt=\"tressage rond\"\n\t\t\t\tsrc=\"https:\/\/www.mamaisonmonjardin.com\/blog\/wp\/wp-content\/gallery\/resine-tressee\/2014-02-18-14.10.27.jpg\"\n\t\t\t\tstyle=\"max-height: 430px;\"\/>\n\t\t<\/a>\n\n\t\t\n\t\t<a href=\"https:\/\/www.mamaisonmonjardin.com\/blog\/wp\/wp-content\/gallery\/resine-tressee\/Patchwork-resines-tressees.jpg\"\n\t\t\ttitle=\"Fa\u00eetes votre choix !\"\n\t\t\tdata-src=\"https:\/\/www.mamaisonmonjardin.com\/blog\/wp\/wp-content\/gallery\/resine-tressee\/Patchwork-resines-tressees.jpg\"\n\t\t\tdata-thumbnail=\"https:\/\/www.mamaisonmonjardin.com\/blog\/wp\/wp-content\/gallery\/resine-tressee\/thumbs\/thumbs_Patchwork-resines-tressees.jpg\"\n\t\t\tdata-image-id=\"10\"\n\t\t\tdata-title=\"Patchwork-resines-tressees\"\n\t\t\tdata-description=\"Fa\u00eetes votre choix !\"\n\t\t\tclass=\"shutterset_a7ca63ba8e58c05da1805d01eafe9a1e\">\n\n\t\t\t<img data-image-id='10'\n\t\t\t\ttitle=\"Fa\u00eetes votre choix !\"\n\t\t\t\talt=\"Patchwork-resines-tressees\"\n\t\t\t\tsrc=\"https:\/\/www.mamaisonmonjardin.com\/blog\/wp\/wp-content\/gallery\/resine-tressee\/Patchwork-resines-tressees.jpg\"\n\t\t\t\tstyle=\"max-height: 430px;\"\/>\n\t\t<\/a>\n\n\t\t<\/div>\n\n\n<\/p>\n<h2 style=\"text-align: justify;\">C\u00f4t\u00e9 entretien :<\/h2>\n<p>L&rsquo;entretien reste quand m\u00eame l&rsquo;avantage \u00e0 ne pas n\u00e9gliger par rapport \u00e0 un salon en teck. Il est simple et ne n\u00e9cessite pas de produit particulier. Une \u00e9ponge douce, un peu de savon et l&rsquo;eau chaude suffisent.<\/p>\n<figure id=\"attachment_736\" aria-describedby=\"caption-attachment-736\" style=\"width: 320px\" class=\"wp-caption aligncenter\"><img decoding=\"async\" loading=\"lazy\" class=\" wp-image-736\" style=\"border: 2px solid black;\" alt=\"Top des tendances pour son ext\u00e9rieur, le salon de jardin en r\u00e9sine tress\u00e9e \" src=\"https:\/\/www.mamaisonmonjardin.com\/blog\/wp-content\/uploads\/2014\/02\/salon-de-jardin-pvc-isa-300x219.jpg\" width=\"320\" height=\"229\" \/><figcaption id=\"caption-attachment-736\" class=\"wp-caption-text\">Fauteuils, canap\u00e9s, table basse, tout le monde se met \u00e0 la r\u00e9sine tress\u00e9e !<\/figcaption><\/figure>\n<p style=\"text-align: justify;\">Vous pouvez \u00e9ventuellement <strong>utiliser une brosse \u00e0 poils doux<\/strong> pour enlever la poussi\u00e8re ou d&rsquo;autres r\u00e9sidus.<br \/>\nSurtout, n&rsquo;utilisez pas de brosse \u00e0 poils durs, ou de laine d&rsquo;acier par exemple, cela pourrait ab\u00eemer la r\u00e9sine en la rayant.<\/p>\n<p style=\"text-align: justify;\">Enfin, ne tentez jamais de nettoyer vos meubles en r\u00e9sine tress\u00e9e avec un produit solvant, de l&rsquo;eau de javel ou encore un produit chlor\u00e9, c&rsquo;est le meilleur moyen de nuire \u00e0 la qualit\u00e9 du mat\u00e9riau et \u00e0 la couleur.<\/p>\n<p style=\"text-align: justify;\">L&rsquo;hiver, couvrez votre mobilier \u00e0 l&rsquo;aide d&rsquo;une housse de protection, il pourra passer la mauvaise saison \u00e0 l&rsquo;ext\u00e9rieur sans probl\u00e8mes. Il faudra juste \u00e9viter de le manipuler par grand froid puisque si la r\u00e9sine g\u00e8le, il se peut qu&rsquo;elle se brise et malheureusement, un meuble en r\u00e9sine tress\u00e9e est tr\u00e8s difficilement r\u00e9parable.<\/p>\n<p style=\"text-align: justify;\">Attention aux housses : le tissu en revanche peut \u00eatre ab\u00eem\u00e9 par les rayons du soleil, il est pr\u00e9f\u00e9rable de les ranger lorsque le salon n\u2019est pas utilis\u00e9 ou lorsque vous n\u2019\u00eates pas chez vous. Cela est valable notamment pour les tissus color\u00e9s ou fonc\u00e9s&#8230;<\/p>\n","protected":false},"excerpt":{"rendered":"<p>Les rayons du soleil commencent tout juste \u00e0 percer, c\u2019est le printemps qui se fait d\u00e9sirer ! L\u2019heure du grand m\u00e9nage ext\u00e9rieur est bient\u00f4t venue et ce sera le moment de ressortir son mobilier de [&hellip;]<\/p>\n","protected":false},"author":2,"featured_media":887,"comment_status":"open","ping_status":"closed","sticky":false,"template":"","format":"standard","meta":{"ngg_post_thumbnail":0},"categories":[9],"tags":[],"_links":{"self":[{"href":"https:\/\/www.mamaisonmonjardin.com\/blog\/wp-json\/wp\/v2\/posts\/728"}],"collection":[{"href":"https:\/\/www.mamaisonmonjardin.com\/blog\/wp-json\/wp\/v2\/posts"}],"about":[{"href":"https:\/\/www.mamaisonmonjardin.com\/blog\/wp-json\/wp\/v2\/types\/post"}],"author":[{"embeddable":true,"href":"https:\/\/www.mamaisonmonjardin.com\/blog\/wp-json\/wp\/v2\/users\/2"}],"replies":[{"embeddable":true,"href":"https:\/\/www.mamaisonmonjardin.com\/blog\/wp-json\/wp\/v2\/comments?post=728"}],"version-history":[{"count":0,"href":"https:\/\/www.mamaisonmonjardin.com\/blog\/wp-json\/wp\/v2\/posts\/728\/revisions"}],"wp:featuredmedia":[{"embeddable":true,"href":"https:\/\/www.mamaisonmonjardin.com\/blog\/wp-json\/wp\/v2\/media\/887"}],"wp:attachment":[{"href":"https:\/\/www.mamaisonmonjardin.com\/blog\/wp-json\/wp\/v2\/media?parent=728"}],"wp:term":[{"taxonomy":"category","embeddable":true,"href":"https:\/\/www.mamaisonmonjardin.com\/blog\/wp-json\/wp\/v2\/categories?post=728"},{"taxonomy":"post_tag","embeddable":true,"href":"https:\/\/www.mamaisonmonjardin.com\/blog\/wp-json\/wp\/v2\/tags?post=728"}],"curies":[{"name":"wp","href":"https:\/\/api.w.org\/{rel}","templated":true}]}}