{"id":751,"date":"2014-03-20T06:12:38","date_gmt":"2014-03-20T05:12:38","guid":{"rendered":"http:\/\/www.mamaisonmonjardin.com\/blog\/?p=751"},"modified":"2023-07-13T17:25:52","modified_gmt":"2023-07-13T15:25:52","slug":"design-a-italienne-par-piero-lissoni","status":"publish","type":"post","link":"https:\/\/www.mamaisonmonjardin.com\/blog\/design-a-italienne-par-piero-lissoni\/","title":{"rendered":"Le design \u00e0 l&rsquo;italienne par Piero Lissoni"},"content":{"rendered":"<p style=\"text-align: justify;\">Comme tous les mois nous souhaitons vous faire partager le travail et les inspirations d\u2019un designer&nbsp;: ce mois-ci, <strong>Piero Lissoni<\/strong> est \u00e0 l\u2019honneur.<\/p>\n<p style=\"text-align: justify;\">Il est l&rsquo;un des designers et architectes italiens les plus pris\u00e9s. Parmi ses r\u00e9f\u00e9rences, de nombreux h\u00f4tels, bars, restaurants, ou r\u00e9sidences priv\u00e9es.<br \/>\nRetra\u00e7ons le parcours d\u2019un <strong>designer au style simple et prestigieux<\/strong> \u00e0 la fois\u2026<br \/>\n<!--more--><\/p>\n<h2 style=\"text-align: justify;\">Le parcours du designer :<\/h2>\n<p style=\"text-align: justify;\">Pierre Lissoni n\u00e9 en 1956 en Italie \u00e0 Seregno, et c\u2019est 1985 qu\u2019il obtient son dipl\u00f4me d\u2019architecte de l\u2019\u00e9cole polytechnique de Milan. Un an plus&nbsp; tard il cr\u00e9e \u00ab&nbsp;Studio Lissoni&nbsp;\u00bb, qui deviendra \u00ab<strong>&nbsp;Lissoni Associati<\/strong>&nbsp;\u00bb.<br \/>\nEn parall\u00e8le il cr\u00e9e en 1996 \u00ab&nbsp; <strong>Graph.X<\/strong>&nbsp;\u00bb, un bureau de conception et de r\u00e9alisation graphique.<\/p>\n<p style=\"text-align: justify;\">L\u2019agence compte actuellement <strong>70 collaborateurs<\/strong>, parmi lesquels des architectes, des designers et des graphistes de renom&nbsp;: Alessi, Boffi, Cappellini, Cassina, Fantini, Flos\/Antares, Fritz Hansen, Glas Italia, Kartell, Knoll International, Lema, Living Divani, Lualdi, Matteograssi, Olivari, Pierantonio Bonacina, Poltrona Frau, Porro, Riva 1920, Sabattini, Tecno et Thonet.<\/p>\n<p style=\"text-align: justify;\">Son travail repose sur la cr\u00e9ation de meubles et l\u2019am\u00e9nagement d\u2019int\u00e9rieur. <strong>Cr\u00e9ativit\u00e9, modernit\u00e9 et simplicit\u00e9<\/strong> sont les mots d\u2019ordre de l\u2019architecte qui fait partie des cr\u00e9ateurs de tendances. Casinos, appartements priv\u00e9s, h\u00f4tels, restaurants,&nbsp; showrooms et autres boutiques, voici quelques une de ses r\u00e9f\u00e9rences&nbsp;:<\/p>\n<ul style=\"text-align: justify;\">\n<li>H\u00f4tel Al Porto, Zurich, Suisse (2001)<\/li>\n<li>Bentley Design HotelTM, Istanbul, Turquie (2002)<\/li>\n<li>H\u00f4tel Monaco &amp; Grand Canal, Venise, Italie (2002-2004)<\/li>\n<li>Le Baracco Bar, Venise, Italie (2003)<\/li>\n<li>Villa \u00e0 C\u00f4me, Italie (2005)<\/li>\n<li>Mamilla H\u00f4tel, J\u00e9rusalem, Isra\u00ebl (2005)<\/li>\n<li>R\u00e9novation du Club Housse de Ferrari sur le circuit de Fiorano, Italie<\/li>\n<li>Consevatorium H\u00f4tel, Amsterdam, Pays-Bas (2012)<\/li>\n<\/ul>\n<p style=\"text-align: justify;\">Pour ne citer qu\u2019eux\u2026<\/p>\n<h2 style=\"text-align: justify;\">Du design et du style sans superflu<\/h2>\n<p style=\"text-align: justify;\"><strong>L\u2019\u00e9l\u00e9gance \u00e0 l\u2019italienne, des lignes \u00e9pur\u00e9es,&nbsp; et une certaine simplicit\u00e9<\/strong> dans le style et les couleurs, le designer italien utilise tout type de mat\u00e9riaux et m\u00e9lange les styles. Voil\u00e0 en quelques mots le fil rouge de Piero Lissoni. Il re\u00e7oit depuis ses d\u00e9buts de nombreux&nbsp; prix internationaux et r\u00e9compenses pour son travail tant appr\u00e9ci\u00e9 par les professionnels que par les particuliers.<\/p>\n<p style=\"text-align: justify;\">Le designer base aussi ses cr\u00e9ations sur leur c\u00f4t\u00e9 <strong>fonctionnel<\/strong>, des lignes simples qui se fondent dans tous les int\u00e9rieurs modernes. Piero Lissoni utilisent des mat\u00e9riaux&nbsp; jouant avec la <strong>transparence<\/strong>.<br \/>\nAinsi, il cr\u00e9e du mobilier en plexiglas notamment, mais aussi en verre.&nbsp; C\u2019est autour du blanc et du noir qu\u2019il travaille beaucoup pour certaines gammes, mais on retrouve aussi des couleurs comme le orange ou des motifs tr\u00e8s fleuris.<\/p>\n<p style=\"text-align: justify;\">La gamme de canap\u00e9 et fauteuil \u00ab&nbsp;Pop&nbsp;\u00bb qu\u2019il a cr\u00e9\u00e9 avec la c\u00e9l\u00e8bre maison italienne Missoni en fait partie. La structure en <strong>plexiglas<\/strong> est de Piero Lissoni, et l\u2019assise dont la housse est recouverte de motifs fleuris et color\u00e9s&nbsp; est une cr\u00e9ation de Rosita Missoni.<\/p>\n<p style=\"text-align: justify;\">Cette gamme a \u00e9t\u00e9 pens\u00e9e pour la c\u00e9l\u00e8bre maison Kartell, marque qui a su faire du plastique un mat\u00e9riau de luxe, et qui travaille avec les plus grands designers du monde entier, dont Philippe Starck.<br \/>\nLa ligne est enti\u00e8rement modulable, ajustable, pour rester dans un esprit de praticit\u00e9.<br \/>\nLes canap\u00e9s et fauteuils s\u2019embo\u00eetent entre eux, se d\u00e9placent, pour se moduler selon les envies et le nombre de convives. Ils associent modernit\u00e9, esprit fun et fonctionnalit\u00e9.<\/p>\n<p style=\"text-align: justify;\">Tourn\u00e9 vers le fonctionnel, Piero Lissoni cr\u00e9e des objets compatibles avec la haute technologie de la marque \u00e0 la pomme, comme l\u2019applique murale <strong>Tight Light LED<\/strong>.<br \/>\nLe design de ce produit est, pour rester fid\u00e8le \u00e0 son travail, \u00e9pur\u00e9 et \u00e9l\u00e9gant. Le blanc mat, choisit pour ce luminaire, diffuse une lumi\u00e8re agr\u00e9able et l\u2019\u00e9clairage lui-m\u00eame est g\u00e9rable depuis un iPhone 5.<\/p>\n<p style=\"text-align: justify;\">Les mati\u00e8res utilis\u00e9es, les couleurs choisies, et le style respect\u00e9 sont parfois semblables \u00e0 celui de <span style=\"text-decoration: underline;\"><strong><a href=\"http:\/\/www.mamaisonmonjardin.com\/blog\/philippe-starck-focus-sur-travail-designer-infatigable\/\" target=\"_blank\" rel=\"noopener\">Philippe Starck<\/a><\/strong><\/span>, l\u2019un inspire peut \u00eatre l\u2019autre. De m\u00eame, la volont\u00e9 de mettre en lumi\u00e8re une mati\u00e8re qu\u2019est le plastique est ressentie chez les deux designers.<br \/>\nPiero Lissoni \u00e9limine le superflu, laisse passer la lumi\u00e8re avec des mati\u00e8res translucides, et <strong>un style au plus minimaliste possible<\/strong>.<\/p>\n<h2 style=\"text-align: justify;\">Focus sur son remarquable travail pour le Conservatorium H\u00f4tel \u00e0 Amsterdam&#8230;<\/h2>\n<p style=\"text-align: justify;\">Cet h\u00f4tel est, comme son nom l\u2019indique, <strong>reb\u00e2tit dans les murs de l\u2019ancien conservatoire de musique de la ville d\u2019Amsterdam<\/strong>, construit au d\u00e9but du XIXe si\u00e8cle.<br \/>\nPar son talent, Piero Lissoni prouve en 2012 que l\u2019on peut associer un lieu historique et ancien \u00e0 la modernit\u00e9 et au design.<\/p>\n<p style=\"text-align: justify;\">Georgi Akirov est le propri\u00e9taire de l\u2019h\u00f4tel, mais \u00e9galement celui du Mamilla H\u00f4tel \u00e0 J\u00e9rusalem. C\u2019est donc pour la deuxi\u00e8me fois que Piero Lissoni et lui collaborent ensemble.<\/p>\n<p style=\"text-align: justify;\">Dans cet \u00e9tablissement, le designer italien <strong>a conserv\u00e9 le charme et l\u2019authenticit\u00e9<\/strong> qui r\u00e9gnait tout en y apportant son style. On peut voir que l\u2019h\u00f4tel est tr\u00e8s clair notamment gr\u00e2ce aux verri\u00e8res,&nbsp; et grandes baies vitr\u00e9es dans les chambres ou les salles de l\u2019h\u00f4tel, des \u00e9l\u00e9ments essentiels pour Lissoni.<br \/>\nSont m\u00e9lang\u00e9s dans ce lieu atypique le marbre, la brique, le bois et le verre, tant dans les chambres que dans les nombreux bars et restaurants que l\u2019\u00e9tablissement met \u00e0 disposition des visiteurs.<\/p>\n<p style=\"text-align: justify;\">Dans les chambres on retrouve <strong>un style plus \u00e9pur\u00e9, des lignes droites, de l\u2019unicit\u00e9 pour un rendu tr\u00e8s contemporain<\/strong>. Le designer a veill\u00e9 \u00e0 transformer le lieu tout en gardant son ambiance, il n\u2019a pas oubli\u00e9 de laisser les poutres apparentes des remarquables charpentes du b\u00e2timent, de m\u00eame, le verre est tr\u00e8s pr\u00e9sent&nbsp;: baies vitr\u00e9es, garde-corps, parois de douches, etc.<br \/>\nLa cage des escaliers, visible depuis la cour int\u00e9rieure de l\u2019h\u00f4tel, est \u00e9galement tout en verre.<\/p>\n<p style=\"text-align: justify;\">Le Conservatorium h\u00f4tel est pens\u00e9 pour \u00eatre fonctionnel. Il est particuli\u00e8rement grand et donc tr\u00e8s spacieux. Aucun \u00e9l\u00e9ment ne g\u00eane la circulation des visiteurs, les chambres sont, dans la plupart des cas, am\u00e9nag\u00e9es d\u2019une mezzanine pour l\u2019espace \u00e0 coucher. Ce d\u00e9tail appuie clairement la volont\u00e9 de rendre les pi\u00e8ces les plus spacieuses possibles, afin de se retrouver dans cet h\u00f4tel comme chez soi.<\/p>\n<p style=\"text-align: justify;\">L\u2019ambiance de l\u2019\u00e9tablissement r\u00e8gne autour <strong>des jeux de transparence, de lumi\u00e8re, et des m\u00e9langes de mati\u00e8res<\/strong>, la patte de Lissoni est ind\u00e9niable.<\/p>\n","protected":false},"excerpt":{"rendered":"<p>Comme tous les mois nous souhaitons vous faire partager le travail et les inspirations d\u2019un designer&nbsp;: ce mois-ci, Piero Lissoni est \u00e0 l\u2019honneur. Il est l&rsquo;un des designers et architectes italiens les plus pris\u00e9s. Parmi [&hellip;]<\/p>\n","protected":false},"author":2,"featured_media":0,"comment_status":"open","ping_status":"closed","sticky":false,"template":"","format":"standard","meta":{"ngg_post_thumbnail":0},"categories":[4],"tags":[],"_links":{"self":[{"href":"https:\/\/www.mamaisonmonjardin.com\/blog\/wp-json\/wp\/v2\/posts\/751"}],"collection":[{"href":"https:\/\/www.mamaisonmonjardin.com\/blog\/wp-json\/wp\/v2\/posts"}],"about":[{"href":"https:\/\/www.mamaisonmonjardin.com\/blog\/wp-json\/wp\/v2\/types\/post"}],"author":[{"embeddable":true,"href":"https:\/\/www.mamaisonmonjardin.com\/blog\/wp-json\/wp\/v2\/users\/2"}],"replies":[{"embeddable":true,"href":"https:\/\/www.mamaisonmonjardin.com\/blog\/wp-json\/wp\/v2\/comments?post=751"}],"version-history":[{"count":0,"href":"https:\/\/www.mamaisonmonjardin.com\/blog\/wp-json\/wp\/v2\/posts\/751\/revisions"}],"wp:attachment":[{"href":"https:\/\/www.mamaisonmonjardin.com\/blog\/wp-json\/wp\/v2\/media?parent=751"}],"wp:term":[{"taxonomy":"category","embeddable":true,"href":"https:\/\/www.mamaisonmonjardin.com\/blog\/wp-json\/wp\/v2\/categories?post=751"},{"taxonomy":"post_tag","embeddable":true,"href":"https:\/\/www.mamaisonmonjardin.com\/blog\/wp-json\/wp\/v2\/tags?post=751"}],"curies":[{"name":"wp","href":"https:\/\/api.w.org\/{rel}","templated":true}]}}