{"id":857,"date":"2014-03-30T06:03:18","date_gmt":"2014-03-30T04:03:18","guid":{"rendered":"http:\/\/www.mamaisonmonjardin.com\/blog\/?p=857"},"modified":"2015-01-12T17:26:35","modified_gmt":"2015-01-12T16:26:35","slug":"salons-foires-co-rendez-vous-mois-avril-2014","status":"publish","type":"post","link":"https:\/\/www.mamaisonmonjardin.com\/blog\/salons-foires-co-rendez-vous-mois-avril-2014\/","title":{"rendered":"Salons, Foires &#038; Co &#8211; Les rendez-vous du mois d&rsquo;avril 2014"},"content":{"rendered":"<p style=\"text-align: justify;\">Chaque mois, Ma Maison Mon Jardin vous donne de quoi occuper vos weekends\u00a0!<br \/>\n<strong>Salons<\/strong>, <strong>foires<\/strong> et autres <strong>expositions<\/strong> autour de l\u2019<strong>am\u00e9nagement de la maison<\/strong> <strong>et du jardin<\/strong>, ils y sont tous.<\/p>\n<p style=\"text-align: justify;\">R\u00e9gion par r\u00e9gion, allez \u00e0 la rencontre des professionnels et inspirez-vous des tendances et <strong>nouveaut\u00e9s du moment<\/strong>.<\/p>\n<p>Bonne visite\u00a0!<br \/>\n<!--more--><\/p>\n<h2><span style=\"color: #99cc00;\">Alsace<\/span><\/h2>\n<p><span style=\"color: #0000ff;\"><strong><span style=\"text-decoration: underline; color: #0000ff;\"><a href=\"http:\/\/www.salonhabitat-strasbourg.com\" target=\"_blank\">Salon de l\u2019habitat<\/a><\/span><\/strong><\/span><\/p>\n<p style=\"text-align: justify;\"><em>Parc des expositions de Strasbourg Wacken<br \/>\n<\/em><span style=\"color: #ff6600;\">Du 04\/04 au 07\/04, ouvert de 10h \u00e0 19h tous les jours, nocturne le samedi jusqu\u2019\u00e0 21h. Plein tarif 5\u20ac, tarif r\u00e9duit 4\u20ac, gratuit pour les moins de 12 ans. Entr\u00e9e gratuite le samedi de 17h \u00e0 21h.<\/span><\/p>\n<p style=\"text-align: justify;\"><img decoding=\"async\" loading=\"lazy\" class=\"alignleft  wp-image-860\" style=\"border: 2px solid black;\" alt=\"Alsace salon habitat strasbourg\" src=\"https:\/\/www.mamaisonmonjardin.com\/blog\/wp-content\/uploads\/2014\/03\/Alsace-salon-habitat-strasbourg-300x182.png\" width=\"243\" height=\"148\" srcset=\"https:\/\/www.mamaisonmonjardin.com\/blog\/wp\/wp-content\/uploads\/2014\/03\/Alsace-salon-habitat-strasbourg-300x182.png 300w, https:\/\/www.mamaisonmonjardin.com\/blog\/wp\/wp-content\/uploads\/2014\/03\/Alsace-salon-habitat-strasbourg.png 875w\" sizes=\"(max-width: 243px) 100vw, 243px\" \/><\/p>\n<p style=\"text-align: justify;\">Le salon de l\u2019habitat de Strasbourg met \u00e0 l\u2019honneur cinq secteurs cl\u00e9 de l\u2019habitat\u00a0: l\u2019immobilier, la construction bois, l\u2019ameublement, l\u2019habitat et l\u2019am\u00e9nagement ext\u00e9rieur.<\/p>\n<p style=\"text-align: justify;\">Il est une r\u00e9elle source d\u2019inspiration et le point de d\u00e9part pour la r\u00e9alisation de tous les projets de la maison.<\/p>\n<h3 style=\"text-align: justify;\"><span style=\"color: #0000ff;\"><strong><a href=\"http:\/\/www.alsace-dir.com\/events\/manifestation-926\/\" target=\"_blank\"><span style=\"text-decoration: underline; color: #0000ff;\">Salon de l\u2019habitat Bruch\u2019Expo<\/span><\/a><\/strong><\/span><\/h3>\n<p style=\"text-align: justify;\"><em>Le D\u00f4me, Mutzig<br \/>\n<\/em><span style=\"color: #ff6600;\">Du 11\/04 au 13\/04, ouvert de 10h \u00e0 19h. Tarif 3\u20ac, entr\u00e9e gratuite avant 14h.<\/span><\/p>\n<p style=\"text-align: justify;\"><img decoding=\"async\" loading=\"lazy\" class=\"alignleft  wp-image-861\" style=\"border: 2px solid black;\" alt=\"Alsace bruch expo mutzig\" src=\"https:\/\/www.mamaisonmonjardin.com\/blog\/wp-content\/uploads\/2014\/03\/Alsace-bruch-expo-mutzig-300x208.jpg\" width=\"243\" height=\"168\" srcset=\"https:\/\/www.mamaisonmonjardin.com\/blog\/wp\/wp-content\/uploads\/2014\/03\/Alsace-bruch-expo-mutzig-300x208.jpg 300w, https:\/\/www.mamaisonmonjardin.com\/blog\/wp\/wp-content\/uploads\/2014\/03\/Alsace-bruch-expo-mutzig.jpg 1000w\" sizes=\"(max-width: 243px) 100vw, 243px\" \/><\/p>\n<p style=\"text-align: justify;\">Le salon r\u00e9unit tous les professionnels de la r\u00e9gion dans le domaine de l\u2019habitat qui pr\u00e9sentent leurs derniers produits.<\/p>\n<p style=\"text-align: justify;\">L\u2019environnement y tient une place importante puisque le sujet des \u00e9nergies renouvelables et des techniques de constructions et r\u00e9novations respectueuses de l\u2019environnement est largement abord\u00e9.<\/p>\n<h3 style=\"text-align: justify;\"><span style=\"color: #0000ff;\"><strong><a href=\"http:\/\/www.citevents-evenements.com\/salons-evenements\/4eme-salon-de-lhabitat-des-economies-denergies-blotzheim\/\" target=\"_blank\"><span style=\"text-decoration: underline; color: #0000ff;\">Salon de l\u2019habitat et des \u00e9conomies d\u2019\u00e9nergies<\/span><\/a><\/strong><\/span><\/h3>\n<p style=\"text-align: justify;\"><em>Palais Beau-Bourg, Blotzheim<br \/>\n<\/em><span style=\"color: #ff6600;\">Du 25\/04 au 28\/04, ouvert de 14h \u00e0 19h le vendredi et de 10h \u00e0 19h du samedi au lundi. Entr\u00e9e gratuite.<\/span><\/p>\n<p style=\"text-align: justify;\"><img decoding=\"async\" loading=\"lazy\" class=\"alignleft  wp-image-862\" style=\"border: 2px solid black;\" alt=\"Alsace energie habitat blotzheim\" src=\"https:\/\/www.mamaisonmonjardin.com\/blog\/wp-content\/uploads\/2014\/03\/Alsace-energie-habitat-blotzheim-300x225.jpg\" width=\"240\" height=\"180\" srcset=\"https:\/\/www.mamaisonmonjardin.com\/blog\/wp\/wp-content\/uploads\/2014\/03\/Alsace-energie-habitat-blotzheim-300x225.jpg 300w, https:\/\/www.mamaisonmonjardin.com\/blog\/wp\/wp-content\/uploads\/2014\/03\/Alsace-energie-habitat-blotzheim.jpg 425w\" sizes=\"(max-width: 240px) 100vw, 240px\" \/><\/p>\n<p style=\"text-align: justify;\">Ce salon a pour but de proposer des solutions concr\u00e8tes en mati\u00e8re d\u2019\u00e9nergies renouvelables, chauffage, isolation, climatisation, traitement de l\u2019eau et de l\u2019air, \u00e9co-construction, etc. Chacun pourra donc trouver les informations utiles au respect de l\u2019environnement.<\/p>\n<p style=\"text-align: justify;\">Un salon qui sensibilisera chacun d\u2019entre nous \u00e0 l\u2019importance de la pr\u00e9servation de la plan\u00e8te.<\/p>\n<h2 style=\"text-align: justify;\"><span style=\"color: #99cc00;\">Aquitaine<\/span><\/h2>\n<h3 style=\"text-align: justify;\"><span style=\"color: #0000ff;\"><strong><a href=\"http:\/\/www.avrilexpo.com\" target=\"_blank\"><span style=\"text-decoration: underline; color: #0000ff;\">Avrilexpo<\/span><\/a><\/strong><\/span><\/h3>\n<p style=\"text-align: justify;\"><em>Halle d\u2019Iraty, Biarritz<br \/>\n<\/em><span style=\"color: #ff6600;\">Du 04\/04 au 06\/04, ouvert de 10h \u00e0 19h tous les jours. Tarif 6\u20ac, gratuit pour les moins de 18 ans et tarif r\u00e9duit 3\u20ac pour s\u00e9niors de plus de 60 ans le vendredi uniquement.<\/span><\/p>\n<p style=\"text-align: justify;\"><img decoding=\"async\" loading=\"lazy\" class=\"alignleft  wp-image-864\" style=\"border: 2px solid black;\" alt=\"Aquitaine avrilexpo biarritz\" src=\"https:\/\/www.mamaisonmonjardin.com\/blog\/wp-content\/uploads\/2014\/03\/Aquitaine-avrilexpo-biarritz-300x225.jpg\" width=\"243\" height=\"170\" \/><\/p>\n<p style=\"text-align: justify;\">Avrilexpo, c\u2019est deux salons en un puisqu\u2019il m\u00eale \u00e0 la fois le salon Habitat et Jardin et le salon Loisirs et Tourisme.<\/p>\n<p style=\"text-align: justify;\">Le premier permet aux visiteurs de concr\u00e9tiser leurs projets de construction, de r\u00e9novation ou d\u2019embellissement.<br \/>\nQuant au second, c\u2019est l\u2019endroit id\u00e9al pour r\u00e9server ses prochaines vacances et d\u00e9couvrir de nouvelles activit\u00e9s sportives ou loisirs.<\/p>\n<h3 style=\"text-align: justify;\"><span style=\"color: #0000ff;\"><strong><a href=\"http:\/\/www.habitat-expo.com\/dax\/\" target=\"_blank\"><span style=\"text-decoration: underline; color: #0000ff;\">Habitat Expo<\/span><\/a><\/strong><\/span><\/h3>\n<p style=\"text-align: justify;\"><em>Salle du Ja\u00ef-Ala\u00ef, Dax<br \/>\n<\/em><span style=\"color: #ff6600;\">Du 25\/04 au 27\/04, ouvert de 11h \u00e0 19h le vendredi et de 10h \u00e0 19h le samedi et le dimanche. Entr\u00e9e gratuite.<\/span><\/p>\n<p style=\"text-align: justify;\"><img decoding=\"async\" loading=\"lazy\" class=\"alignleft  wp-image-865\" style=\"border: 2px solid black;\" alt=\"Aquitaine habitat expo dax\" src=\"https:\/\/www.mamaisonmonjardin.com\/blog\/wp-content\/uploads\/2014\/03\/Aquitaine-habitat-expo-dax-212x300.jpg\" width=\"153\" height=\"216\" srcset=\"https:\/\/www.mamaisonmonjardin.com\/blog\/wp\/wp-content\/uploads\/2014\/03\/Aquitaine-habitat-expo-dax-212x300.jpg 212w, https:\/\/www.mamaisonmonjardin.com\/blog\/wp\/wp-content\/uploads\/2014\/03\/Aquitaine-habitat-expo-dax.jpg 620w\" sizes=\"(max-width: 153px) 100vw, 153px\" \/><\/p>\n<p style=\"text-align: justify;\">Ce salon de l\u2019habitat traite de divers domaines comme, entre autres, la construction, l\u2019habitat, la r\u00e9novation, les meubles ou encore la d\u00e9coration.<\/p>\n<p style=\"text-align: justify;\">Il abrite \u00e9galement un p\u00f4le \u00ab\u00a0vivre avec le bois\u00a0\u00bb qui, gr\u00e2ce \u00e0 ses exposants professionnels, nourrira \u00e0 coup sur vos id\u00e9es et projets.<\/p>\n<h2 style=\"text-align: justify;\"><\/h2>\n<h2 style=\"text-align: justify;\"><\/h2>\n<h2 style=\"text-align: justify;\"><span style=\"color: #99cc00;\">Bourgogne<\/span><\/h2>\n<h3 style=\"text-align: justify;\"><span style=\"color: #0000ff;\"><strong><a href=\"http:\/\/www.salonhabitatauxerre.com\" target=\"_blank\"><span style=\"color: #0000ff;\">Salon de l\u2019habitat<\/span><\/a><\/strong><\/span><\/h3>\n<p style=\"text-align: justify;\"><em>Auxerrexpo, Auxerre<br \/>\n<\/em><span style=\"color: #ff6600;\">Du 04\/04 au 06\/04, ouvert de 14h \u00e0 19h le vendredi et de 10h \u00e0 19h le samedi et \u00a0le dimanche. Tarif 5\u20ac, gratuit pour les moins de 12 ans.<\/span><\/p>\n<p style=\"text-align: justify;\"><img decoding=\"async\" loading=\"lazy\" class=\"alignleft size-medium wp-image-866\" style=\"border: 2px solid black;\" alt=\"Bourgogne salon habitat auxerre\" src=\"https:\/\/www.mamaisonmonjardin.com\/blog\/wp-content\/uploads\/2014\/03\/Bourgogne-salon-habitat-auxerre-300x64.png\" width=\"300\" height=\"64\" srcset=\"https:\/\/www.mamaisonmonjardin.com\/blog\/wp\/wp-content\/uploads\/2014\/03\/Bourgogne-salon-habitat-auxerre-300x64.png 300w, https:\/\/www.mamaisonmonjardin.com\/blog\/wp\/wp-content\/uploads\/2014\/03\/Bourgogne-salon-habitat-auxerre.png 981w\" sizes=\"(max-width: 300px) 100vw, 300px\" \/><\/p>\n<p style=\"text-align: justify;\">Ce salon est le rendez-vous incontournable des acteurs du march\u00e9 et une r\u00e9f\u00e9rence pour tous ceux qui ont des projets, se positionnant comme un partenaire ind\u00e9niable \u00e0 la concr\u00e9tisation de vos id\u00e9es.<\/p>\n<p style=\"text-align: justify;\">On y retrouve diff\u00e9rentes dimensions\u00a0: immobilier, \u00e9nergies renouvelables, r\u00e9novation et l\u2019am\u00e9nagement int\u00e9rieur et ext\u00e9rieur.<br \/>\nAlors n\u2019h\u00e9sitez plus et venez prendre part \u00e0 cette belle synergie.<\/p>\n<h2 style=\"text-align: justify;\"><span style=\"color: #99cc00;\">Bretagne<\/span><\/h2>\n<h3 style=\"text-align: justify;\"><span style=\"color: #0000ff;\"><strong><a href=\"http:\/\/www.vivre-habiter.fr\" target=\"_blank\"><span style=\"text-decoration: underline; color: #0000ff;\">Vivre et habiter<\/span><\/a><\/strong><\/span><\/h3>\n<p style=\"text-align: justify;\"><em>Quai Duguay-Trouin, Saint-Malo<br \/>\n<\/em><span style=\"color: #ff6600;\">Du 04\/04 au 06\/04, ouvert de 10h \u00e0 19h tous les jours. Tarif 5\u20ac, gratuit pour les moins de 18 ans.<\/span><\/p>\n<p style=\"text-align: justify;\"><img decoding=\"async\" loading=\"lazy\" class=\"alignleft  wp-image-867\" style=\"border: 2px solid black;\" alt=\"Bretagne salon vivre habiter st malo\" src=\"https:\/\/www.mamaisonmonjardin.com\/blog\/wp-content\/uploads\/2014\/03\/Bretagne-salon-vivre-habiter-st-malo-300x178.png\" width=\"240\" height=\"142\" srcset=\"https:\/\/www.mamaisonmonjardin.com\/blog\/wp\/wp-content\/uploads\/2014\/03\/Bretagne-salon-vivre-habiter-st-malo-300x178.png 300w, https:\/\/www.mamaisonmonjardin.com\/blog\/wp\/wp-content\/uploads\/2014\/03\/Bretagne-salon-vivre-habiter-st-malo.png 324w\" sizes=\"(max-width: 240px) 100vw, 240px\" \/><\/p>\n<p style=\"text-align: justify;\">Organis\u00e9 par la Chambre du Commerce et de l\u2019Industrie de Saint-Malo Foug\u00e8re, le salon Vivre et Habiter est un \u00e9v\u00e9nement d\u00e9di\u00e9 \u00e0 l\u2019univers de la maison, de la d\u00e9coration et de l\u2019am\u00e9nagement.<\/p>\n<p style=\"text-align: justify;\">Quatre univers sont mis \u00e0 l\u2019honneur\u00a0: l&rsquo;agencement int\u00e9rieur, le logement, la r\u00e9novation et l&rsquo;am\u00e9nagement ext\u00e9rieur.<\/p>\n<h2 style=\"text-align: justify;\"><span style=\"color: #99cc00;\">Centre<\/span><\/h2>\n<h3 style=\"text-align: justify;\"><span style=\"color: #0000ff;\"><strong><a href=\"http:\/\/www.salon-habitat.net\" target=\"_blank\"><span style=\"text-decoration: underline; color: #0000ff;\">Salon de l\u2019habitat<\/span><\/a><\/strong><\/span><\/h3>\n<p style=\"text-align: justify;\"><em>Parc des expositions, Vierzon<br \/>\n<\/em><span style=\"color: #ff6600;\">Du 26\/04 au 27\/04, ouvert de 10h \u00e0 19h le samedi et de 10h \u00e0 18h le dimanche. Entr\u00e9e gratuite.<\/span><\/p>\n<p style=\"text-align: justify;\"><img decoding=\"async\" loading=\"lazy\" class=\"alignleft  wp-image-869\" style=\"border: 2px solid black;\" alt=\"Centre salon habitat Vierzon\" src=\"https:\/\/www.mamaisonmonjardin.com\/blog\/wp-content\/uploads\/2014\/03\/Centre-salon-habitat-vierzon-300x221.jpg\" width=\"240\" height=\"177\" srcset=\"https:\/\/www.mamaisonmonjardin.com\/blog\/wp\/wp-content\/uploads\/2014\/03\/Centre-salon-habitat-vierzon-300x221.jpg 300w, https:\/\/www.mamaisonmonjardin.com\/blog\/wp\/wp-content\/uploads\/2014\/03\/Centre-salon-habitat-vierzon-1024x755.jpg 1024w\" sizes=\"(max-width: 240px) 100vw, 240px\" \/><\/p>\n<p style=\"text-align: justify;\">Sur pr\u00e8s de 4000m2, plus de 40 exposants vous attendent pour vous faire d\u00e9couvrir les nouvelles tendances de la maison et du jardin.<\/p>\n<p style=\"text-align: justify;\">Venez trouver les r\u00e9ponses \u00e0 toutes vos questions sans avoir besoin de courir toutes les enseignes de la ville.<\/p>\n<h3 style=\"text-align: justify;\"><\/h3>\n<h3 style=\"text-align: justify;\"><\/h3>\n<h3 style=\"text-align: justify;\"><span style=\"color: #0000ff;\"><strong><a href=\"http:\/\/www.gbbproductions.com\/4eme-edition-plantes.php\" target=\"_blank\"><span style=\"text-decoration: underline; color: #0000ff;\">Journ\u00e9e des plantes et jardins<\/span><\/a><\/strong><\/span><\/h3>\n<p style=\"text-align: justify;\"><em>Ch\u00e2teau des Boulard, Migni\u00e8res<br \/>\n<\/em><span style=\"color: #ff6600;\">Du 26\/04 au 27\/04, ouvert de 10 \u00e0 19h. Tarif 5\u20ac, 4\u20ac le samedi avec bon de r\u00e9duction. Gratuit pour les moins de 16 ans.<\/span><\/p>\n<p style=\"text-align: justify;\"><img decoding=\"async\" loading=\"lazy\" class=\"alignleft  wp-image-870\" style=\"border: 2px solid black;\" alt=\"Centre plantes et jardins migni\u00e8res\" src=\"https:\/\/www.mamaisonmonjardin.com\/blog\/wp-content\/uploads\/2014\/03\/Centre-plantes-et-jardins-migni\u00e8res-214x300.png\" width=\"154\" height=\"216\" srcset=\"https:\/\/www.mamaisonmonjardin.com\/blog\/wp\/wp-content\/uploads\/2014\/03\/Centre-plantes-et-jardins-migni\u00e8res-214x300.png 214w, https:\/\/www.mamaisonmonjardin.com\/blog\/wp\/wp-content\/uploads\/2014\/03\/Centre-plantes-et-jardins-migni\u00e8res.png 302w\" sizes=\"(max-width: 154px) 100vw, 154px\" \/><\/p>\n<p style=\"text-align: justify;\">Venez \u00e0 la rencontre des professionnels des plantes et jardins dans une ambiance conviviale.<\/p>\n<p style=\"text-align: justify;\">P\u00e9pini\u00e9ristes, horticulteurs, paysagistes, d\u00e9corateurs, artisans, \u00e9coles ou artistes, ils sont tous l\u00e0 pour r\u00e9pondre \u00e0 vos questions.<br \/>\nLe tout au milieu d\u2019un cadre naturel et prestigieux.<\/p>\n<h2 style=\"text-align: justify;\"><\/h2>\n<h2 style=\"text-align: justify;\"><\/h2>\n<h2 style=\"text-align: justify;\"><span style=\"color: #99cc00;\">Champagne-Ardenne<\/span><\/h2>\n<h3 style=\"text-align: justify;\"><strong><span style=\"color: #0000ff;\"><a href=\"http:\/\/reims.amenago.com\" target=\"_blank\"><span style=\"text-decoration: underline; color: #0000ff;\">Salon Amenago<\/span><\/a><\/span><\/strong><\/h3>\n<p style=\"text-align: justify;\"><em>Parc des expositions, site Henri-Farman, Reims<br \/>\n<\/em><span style=\"color: #ff6600;\">Du 11\/04 au 13\/04, ouvert de 10h \u00e0 19h. Plein tarif 5\u20ac, tarif r\u00e9duit 3\u20ac, gratuit pour les moins de 16 ans.<\/span><\/p>\n<p style=\"text-align: justify;\"><img decoding=\"async\" loading=\"lazy\" class=\"alignleft size-medium wp-image-871\" alt=\"Champagne amenago reims\" src=\"https:\/\/www.mamaisonmonjardin.com\/blog\/wp-content\/uploads\/2014\/03\/Champagne-amenago-reims-300x103.png\" width=\"300\" height=\"103\" srcset=\"https:\/\/www.mamaisonmonjardin.com\/blog\/wp\/wp-content\/uploads\/2014\/03\/Champagne-amenago-reims-300x103.png 300w, https:\/\/www.mamaisonmonjardin.com\/blog\/wp\/wp-content\/uploads\/2014\/03\/Champagne-amenago-reims.png 411w\" sizes=\"(max-width: 300px) 100vw, 300px\" \/><\/p>\n<p style=\"text-align: justify;\">Le salon aborde diff\u00e9rentes th\u00e9matiques autour de l\u2019am\u00e9nagement de l\u2019habitat.<\/p>\n<p style=\"text-align: justify;\">Avec ses trois secteurs d\u00e9di\u00e9s \u00e0 l\u2019habitat, int\u00e9rieur comme ext\u00e9rieur, Amenago est l\u2019\u00e9v\u00e9nement du printemps \u00e0 ne pas manquer en Champagne-Ardenne pour r\u00e9nover, am\u00e9nager ou d\u00e9corer.<br \/>\nUne large gamme de produits d\u00e9di\u00e9s au jardin sera \u00e9galement expos\u00e9e.<\/p>\n<h2 style=\"text-align: justify;\"><span style=\"color: #99cc00;\">Corse<\/span><\/h2>\n<h3 style=\"text-align: justify;\"><span style=\"color: #0000ff;\"><strong><a href=\"http:\/\/www.eventcom.fr\/4-nos-salons-14-salon-de-la-maison.html\" target=\"_blank\"><span style=\"text-decoration: underline; color: #0000ff;\">Salon de la maison<\/span><\/a><\/strong><\/span><\/h3>\n<p style=\"text-align: justify;\"><em>Place Saint Nicolas, Bastia<br \/>\n<\/em><span style=\"color: #ff6600;\">Du 10\/04 au 13\/04, ouvert de 10h \u00e0 19h, entr\u00e9e gratuite.<\/span><\/p>\n<p style=\"text-align: justify;\"><img decoding=\"async\" loading=\"lazy\" class=\"alignleft  wp-image-872\" style=\"border: 2px solid black;\" alt=\"Corse salon maison bastia\" src=\"https:\/\/www.mamaisonmonjardin.com\/blog\/wp-content\/uploads\/2014\/03\/Corse-salon-maison-bastia-300x172.png\" width=\"240\" height=\"138\" srcset=\"https:\/\/www.mamaisonmonjardin.com\/blog\/wp\/wp-content\/uploads\/2014\/03\/Corse-salon-maison-bastia-300x172.png 300w, https:\/\/www.mamaisonmonjardin.com\/blog\/wp\/wp-content\/uploads\/2014\/03\/Corse-salon-maison-bastia.png 563w\" sizes=\"(max-width: 240px) 100vw, 240px\" \/><\/p>\n<p style=\"text-align: justify;\">Rendez-vous avec les tendances du printemps Corse. Tous les m\u00e9tiers de l\u2019habitat sont repr\u00e9sent\u00e9s, de la construction \u00e0 l\u2019\u00e9quipement de la maison.<\/p>\n<p style=\"text-align: justify;\">Le moyen id\u00e9al pour trouver des id\u00e9es, du choix et des conseils.<\/p>\n<h2 style=\"text-align: justify;\"><\/h2>\n<h2 style=\"text-align: justify;\"><span style=\"color: #99cc00;\">\u00a0Franche-Comt\u00e9<\/span><\/h2>\n<h3 style=\"text-align: justify;\"><strong><span style=\"color: #0000ff;\"><a href=\"http:\/\/www.destination-habitat.fr\/les-rousses\" target=\"_blank\"><span style=\"text-decoration: underline; color: #0000ff;\">Salon destination habitat et bois<\/span><\/a><\/span><\/strong><\/h3>\n<p style=\"text-align: justify;\"><em>Centre sportif Place de l\u2019Omnibus, Les Rousses<br \/>\n<\/em><span style=\"color: #ff6600;\">Du 11\/04 au 13\/04, ouvert de 10h \u00e0 19h, nocturne le vendredi jusqu\u2019\u00e0 21h. Entr\u00e9e gratuite.<\/span><\/p>\n<p style=\"text-align: justify;\"><img decoding=\"async\" loading=\"lazy\" class=\"alignleft  wp-image-873\" style=\"border: 2px solid black;\" alt=\"Franche comt\u00e9 destination habitat les rousses\" src=\"https:\/\/www.mamaisonmonjardin.com\/blog\/wp-content\/uploads\/2014\/03\/Franche-comt\u00e9-destination-habitat-les-rousses-212x300.png\" width=\"153\" height=\"216\" srcset=\"https:\/\/www.mamaisonmonjardin.com\/blog\/wp\/wp-content\/uploads\/2014\/03\/Franche-comt\u00e9-destination-habitat-les-rousses-212x300.png 212w, https:\/\/www.mamaisonmonjardin.com\/blog\/wp\/wp-content\/uploads\/2014\/03\/Franche-comt\u00e9-destination-habitat-les-rousses.png 403w\" sizes=\"(max-width: 153px) 100vw, 153px\" \/><\/p>\n<p style=\"text-align: justify;\">Avec pour objectif de mettre en relation des professionnels de la maison avec un public port\u00e9 par des projets de r\u00e9novation et d\u2019am\u00e9lioration de leur confort, ce salon permet \u00e9galement de mettre en lumi\u00e8re une r\u00e9gion qu&rsquo;on tend \u00e0 oublier : le Haut-Jura.<\/p>\n<h2 style=\"text-align: justify;\"><\/h2>\n<h2 style=\"text-align: justify;\"><\/h2>\n<h2 style=\"text-align: justify;\"><\/h2>\n<h2 style=\"text-align: justify;\"><span style=\"color: #99cc00;\">Ile-de-France<\/span><\/h2>\n<h3 style=\"text-align: justify;\"><span style=\"color: #0000ff;\"><strong><a href=\"http:\/\/www.salonjardinsenseine.fr\" target=\"_blank\"><span style=\"text-decoration: underline; color: #0000ff;\">Jardins en Seine<\/span><\/a><\/strong><\/span><\/h3>\n<p style=\"text-align: justify;\"><em>Terrasse du F\u00e9cheray, Suresnes<br \/>\n<\/em><span style=\"color: #ff6600;\">Du 04\/04 au 06\/04, ouvert le vendredi de 12h \u00e0 19h, le samedi de 10h \u00e0 20h et le dimanche de 10h \u00e0 19h. Entr\u00e9e 5\u20ac, gratuite pour les moins de 12 ans.<\/span><\/p>\n<p style=\"text-align: justify;\"><img decoding=\"async\" loading=\"lazy\" class=\"alignleft  wp-image-874\" style=\"border: 2px solid black;\" alt=\"Ile de france jardin seine suresnes\" src=\"https:\/\/www.mamaisonmonjardin.com\/blog\/wp-content\/uploads\/2014\/03\/ile-de-france-jardin-seine-suresnes-196x300.png\" width=\"141\" height=\"216\" srcset=\"https:\/\/www.mamaisonmonjardin.com\/blog\/wp\/wp-content\/uploads\/2014\/03\/ile-de-france-jardin-seine-suresnes-196x300.png 196w, https:\/\/www.mamaisonmonjardin.com\/blog\/wp\/wp-content\/uploads\/2014\/03\/ile-de-france-jardin-seine-suresnes.png 395w\" sizes=\"(max-width: 141px) 100vw, 141px\" \/><\/p>\n<p style=\"text-align: justify;\">La 10<sup>\u00e8me<\/sup> \u00e9dition du salon Jardins en Seine expose toutes les tendances jardin du moment \u00e0 travers la pr\u00e9sence de pr\u00e8s de 100 exposants horticulteurs, p\u00e9pini\u00e9ristes, paysagistes, cr\u00e9ateurs et artisans.<\/p>\n<p style=\"text-align: justify;\">Un rendez-vous printanier incontournable pour tous les passionn\u00e9s du jardin.<\/p>\n<h2 style=\"text-align: justify;\"><span style=\"color: #99cc00;\">Languedoc-Roussillon<\/span><\/h2>\n<h3 style=\"text-align: justify;\"><span style=\"color: #0000ff;\"><strong><a href=\"http:\/\/www.expo-nimes.com\/?idtf=227\" target=\"_blank\"><span style=\"text-decoration: underline; color: #0000ff;\">Salon maison et immo<\/span><\/a><\/strong><\/span><\/h3>\n<p style=\"text-align: justify;\"><em>Parc Expo, N\u00eemes<br \/>\n<\/em><span style=\"color: #ff6600;\">Du 11\/04 au 14\/04, ouvert le vendredi de 14h \u00e0 21h et le \u00a0samedi, dimanche, lundi de 10h \u00e0 19h. Entr\u00e9e gratuite.<\/span><\/p>\n<p style=\"text-align: justify;\"><img decoding=\"async\" loading=\"lazy\" class=\"alignleft  wp-image-875\" style=\"border: 2px solid black;\" alt=\"Languedoc parc expo nimes\" src=\"https:\/\/www.mamaisonmonjardin.com\/blog\/wp-content\/uploads\/2014\/03\/Languedoc-parc-expo-nimes-231x300.jpg\" width=\"167\" height=\"216\" srcset=\"https:\/\/www.mamaisonmonjardin.com\/blog\/wp\/wp-content\/uploads\/2014\/03\/Languedoc-parc-expo-nimes-231x300.jpg 231w, https:\/\/www.mamaisonmonjardin.com\/blog\/wp\/wp-content\/uploads\/2014\/03\/Languedoc-parc-expo-nimes-791x1024.jpg 791w, https:\/\/www.mamaisonmonjardin.com\/blog\/wp\/wp-content\/uploads\/2014\/03\/Languedoc-parc-expo-nimes.jpg 1236w\" sizes=\"(max-width: 167px) 100vw, 167px\" \/><\/p>\n<p style=\"text-align: justify;\">Ce salon regroupe tous les secteurs d\u2019activit\u00e9 li\u00e9s \u00e0 l\u2019habitat et \u00e0 l\u2019immobilier.<\/p>\n<p style=\"text-align: justify;\">Les secteurs professionnels sont largement repr\u00e9sent\u00e9s avec la pr\u00e9sence de professionnels de l\u2019am\u00e9nagement ext\u00e9rieur, int\u00e9rieur et de l\u2019immobilier.<br \/>\nCe salon est donc l\u2019occasion de concr\u00e9tiser tous vos r\u00eaves et projets.<\/p>\n<h2 style=\"text-align: justify;\"><\/h2>\n<h2 style=\"text-align: justify;\"><\/h2>\n<h2 style=\"text-align: justify;\"><span style=\"color: #99cc00;\">Nord-Pas-De-Calais<\/span><\/h2>\n<h3 style=\"text-align: justify;\"><span style=\"color: #0000ff;\"><strong><a href=\"http:\/\/www.salonartdevivre-hardelot.com\" target=\"_blank\"><span style=\"text-decoration: underline; color: #0000ff;\">Salon art de vivre<\/span><\/a><\/strong><\/span><\/h3>\n<p style=\"text-align: justify;\"><em>Hotel du Parc, Hardelot<br \/>\n<\/em><span style=\"color: #ff6600;\">Du 12\/04 au 13\/04, ouvert de 10h \u00e0 19h. Tarif 2\u20ac.<\/span><\/p>\n<p style=\"text-align: justify;\"><img decoding=\"async\" loading=\"lazy\" class=\"alignleft size-medium wp-image-876\" style=\"border: 2px solid black;\" alt=\"Nord pas calais art vivre hardelot\" src=\"https:\/\/www.mamaisonmonjardin.com\/blog\/wp-content\/uploads\/2014\/03\/Nord-pas-calais-art-vivre-hardelot-300x75.png\" width=\"300\" height=\"75\" srcset=\"https:\/\/www.mamaisonmonjardin.com\/blog\/wp\/wp-content\/uploads\/2014\/03\/Nord-pas-calais-art-vivre-hardelot-300x75.png 300w, https:\/\/www.mamaisonmonjardin.com\/blog\/wp\/wp-content\/uploads\/2014\/03\/Nord-pas-calais-art-vivre-hardelot.png 692w\" sizes=\"(max-width: 300px) 100vw, 300px\" \/><\/p>\n<p style=\"text-align: justify;\">Deux p\u00f4les sont mis \u00e0 l\u2019honneur \u00e0 l\u2019occasion de ce salon\u00a0: le p\u00f4le habitat qui r\u00e9unit l\u2019ensemble des professionnels de ce secteur.<\/p>\n<p style=\"text-align: justify;\">Les derni\u00e8res nouveaut\u00e9s et avanc\u00e9es technologiques seront pr\u00e9sent\u00e9es.<br \/>\nMais aussi le p\u00f4le bien \u00eatre qui rassemble les sp\u00e9cialistes dans des domaines vari\u00e9s (mat\u00e9riel param\u00e9dical, fauteuils relaxants, oreillers bio, etc.)<\/p>\n<h2 style=\"text-align: justify;\"><span style=\"color: #99cc00;\">PACA<\/span><\/h2>\n<h3 style=\"text-align: justify;\"><span style=\"color: #0000ff;\"><strong><a href=\"http:\/\/www.sainte-maxime.com\/salon-maidec-maison-decoration.html\" target=\"_blank\"><span style=\"text-decoration: underline; color: #0000ff;\">Salon MAIDEC &#8211; Maison &amp; d\u00e9coration<\/span><\/a><\/strong><\/span><\/h3>\n<p style=\"text-align: justify;\"><em>Th\u00e9\u00e2tre de la Mer, Sainte-Maxime<br \/>\n<span style=\"color: #ff6600;\">Du 25\/04 au 27\/04, ouvert de 10h \u00e0 19h. Entr\u00e9e gratuite.<\/span><\/em><\/p>\n<p style=\"text-align: justify;\"><img decoding=\"async\" loading=\"lazy\" class=\"alignleft  wp-image-877\" style=\"border: 2px solid black;\" alt=\"PACA maidec st maxime\" src=\"https:\/\/www.mamaisonmonjardin.com\/blog\/wp-content\/uploads\/2014\/03\/PACA-maidec-st-maxime-204x300.jpg\" width=\"143\" height=\"210\" srcset=\"https:\/\/www.mamaisonmonjardin.com\/blog\/wp\/wp-content\/uploads\/2014\/03\/PACA-maidec-st-maxime-204x300.jpg 204w, https:\/\/www.mamaisonmonjardin.com\/blog\/wp\/wp-content\/uploads\/2014\/03\/PACA-maidec-st-maxime.jpg 205w\" sizes=\"(max-width: 143px) 100vw, 143px\" \/><\/p>\n<p style=\"text-align: justify;\">Amateurs de d\u00e9coration, d\u2019am\u00e9nagement d\u2019int\u00e9rieur et d\u2019ext\u00e9rieur, la 6<sup>\u00e8me<\/sup> \u00e9dition de ce salon est l\u2019occasion r\u00eav\u00e9e pour \u00a0vous de tout savoir en mati\u00e8re d\u2019agencement et d\u2019\u00e9quipement de la maison.<\/p>\n<p style=\"text-align: justify;\">Un grand nombre d\u2019exposants est r\u00e9uni pour diff\u00e9rents th\u00e8mes\u00a0: d\u00e9coration, habitat, jardin, \u00e9nergies renouvelables, arts d\u00e9coratifs, etc.<\/p>\n<h2 style=\"text-align: justify;\"><\/h2>\n<h2 style=\"text-align: justify;\"><\/h2>\n<h2 style=\"text-align: justify;\"><span style=\"color: #99cc00;\">Rh\u00f4ne-Alpes<\/span><\/h2>\n<h3 style=\"text-align: justify;\"><strong><span style=\"color: #0000ff;\"><a href=\"http:\/\/www.salondubois.com\" target=\"_blank\"><span style=\"text-decoration: underline; color: #0000ff;\">Salon du bois<\/span><\/a><\/span><\/strong><\/h3>\n<p style=\"text-align: justify;\"><em>Parc des expositions Alpexpo, Grenoble<br \/>\n<\/em><span style=\"color: #ff6600;\">Du 03\/04 au 06\/04, de 10h \u00e0 19h tous les jours et nocturne le vendredi 04\/04 jusqu\u2019\u00e0 21h. Tarif plein 6\u20ac, tarif r\u00e9duit 4\u20ac, gratuit pour les moins de 12 ans.<\/span><\/p>\n<p style=\"text-align: justify;\"><img decoding=\"async\" loading=\"lazy\" class=\"alignleft  wp-image-878\" alt=\"RA salon bois grenoble\" src=\"https:\/\/www.mamaisonmonjardin.com\/blog\/wp-content\/uploads\/2014\/03\/RA-salon-bois-grenoble-265x300.jpg\" width=\"191\" height=\"216\" srcset=\"https:\/\/www.mamaisonmonjardin.com\/blog\/wp\/wp-content\/uploads\/2014\/03\/RA-salon-bois-grenoble-265x300.jpg 265w, https:\/\/www.mamaisonmonjardin.com\/blog\/wp\/wp-content\/uploads\/2014\/03\/RA-salon-bois-grenoble.jpg 513w\" sizes=\"(max-width: 191px) 100vw, 191px\" \/><\/p>\n<p style=\"text-align: justify;\">Le salon du bois de Grenoble est le rendez-vous annuel des grands acteurs Europ\u00e9ens de la fili\u00e8re bois.<\/p>\n<p style=\"text-align: justify;\">C\u2019est un moment de d\u00e9couverte aussi bien pour les professionnels que pour les particuliers mais c\u2019est aussi l&rsquo;occasion de partager diff\u00e9rentes expertises et d\u2019\u00e9changer en toute libert\u00e9.<\/p>\n<h3 style=\"text-align: justify;\"><\/h3>\n<h3 style=\"text-align: justify;\"><\/h3>\n<h3 style=\"text-align: justify;\"><span style=\"color: #0000ff;\"><strong><a href=\"http:\/\/www.habitat-jardin.com\" target=\"_blank\"><span style=\"text-decoration: underline; color: #0000ff;\">Salon habitat &amp; jardin<\/span><\/a><\/strong><\/span><\/h3>\n<p style=\"text-align: justify;\"><em>Parc des expositions, Chamb\u00e9ry<br \/>\n<\/em><span style=\"color: #ff6600;\">Du 11\/04 au 14\/04, ouvert de 10h \u00e0 19h et de 10h \u00e0 22h le samedi. Tarif plein 6\u20ac, tarif r\u00e9duit (10 \u00e0 18 ans et + 60 ans) 3\u20ac, gratuit pour les moins de 10 ans. Entr\u00e9e gratuite le vendredi de 10h \u00e0 13h.<\/span><\/p>\n<p style=\"text-align: justify;\"><img decoding=\"async\" loading=\"lazy\" class=\"alignleft  wp-image-879\" style=\"border: 2px solid black;\" alt=\"RA habitat jardin Chambery\" src=\"https:\/\/www.mamaisonmonjardin.com\/blog\/wp-content\/uploads\/2014\/03\/RA-habitat-jardin-Chambery-300x223.jpg\" width=\"240\" height=\"178\" srcset=\"https:\/\/www.mamaisonmonjardin.com\/blog\/wp\/wp-content\/uploads\/2014\/03\/RA-habitat-jardin-Chambery-300x223.jpg 300w, https:\/\/www.mamaisonmonjardin.com\/blog\/wp\/wp-content\/uploads\/2014\/03\/RA-habitat-jardin-Chambery.jpg 669w\" sizes=\"(max-width: 240px) 100vw, 240px\" \/><\/p>\n<p style=\"text-align: justify;\">Ce salon est le premier salon sp\u00e9cialis\u00e9 habitat et jardin de la r\u00e9gion Rh\u00f4ne Alpes.<\/p>\n<p style=\"text-align: justify;\">Il propose, en plus de ses nombreux exposants, deux expositions in\u00e9dites et originales\u00a0: l&rsquo;exposition \u00ab\u00a0Luminaires d\u2019exception\u00a0\u00bb qui met en sc\u00e8ne des \u00e9crins de lumi\u00e8re encore jamais vus et \u00ab\u00a0Art et ethniques africains\u00a0\u00bb qui pr\u00e9sente plus de 250 \u0153uvres ramen\u00e9es directement de leur pays d\u2019origine.<\/p>\n<h3 style=\"text-align: justify;\"><\/h3>\n<h3 style=\"text-align: justify;\"><span style=\"color: #0000ff;\"><strong><a href=\"http:\/\/id-dart.com\/salon\/deco-et-art-de-vivre-la-sucriere-lyon\/\" target=\"_blank\"><span style=\"text-decoration: underline; color: #0000ff;\">Salon d\u00e9co &amp; art de vivre<\/span><\/a><\/strong><\/span><\/h3>\n<p style=\"text-align: justify;\"><em>La sucri\u00e8re, Lyon<br \/>\n<\/em><span style=\"color: #ff6600;\">Du 04\/04 au 07\/04. Pass weekend 6\u20ac sur le site internet, 8\u20ac sur place. Gratuit pour les moins de 12 ans.<\/span><\/p>\n<p style=\"text-align: justify;\"><img decoding=\"async\" loading=\"lazy\" class=\"alignleft  wp-image-880\" style=\"border: 2px solid black;\" alt=\"RA id dart lyon\" src=\"https:\/\/www.mamaisonmonjardin.com\/blog\/wp-content\/uploads\/2014\/03\/RA-id-dart-lyon-215x300.jpg\" width=\"151\" height=\"210\" srcset=\"https:\/\/www.mamaisonmonjardin.com\/blog\/wp\/wp-content\/uploads\/2014\/03\/RA-id-dart-lyon-215x300.jpg 215w, https:\/\/www.mamaisonmonjardin.com\/blog\/wp\/wp-content\/uploads\/2014\/03\/RA-id-dart-lyon.jpg 370w\" sizes=\"(max-width: 151px) 100vw, 151px\" \/><\/p>\n<p style=\"text-align: justify;\">Le salon accueille un large \u00e9ventail d\u2019exposants\u00a0: cr\u00e9ateurs d\u2019objets d\u00e9co, articles ou accessoires de mode, marques de mobilier, tapissier, d\u00e9corateurs, etc.<\/p>\n<p style=\"text-align: justify;\">Un reflet du style de vie actuel, des tendances mode et d\u00e9co d\u2019int\u00e9rieure et ext\u00e9rieure.<br \/>\nBref, tout ce que vous allez aimer en 2014 pour personnaliser votre univers de vie\u00a0!<\/p>\n<h3 style=\"text-align: justify;\"><span style=\"color: #0000ff;\"><strong><a href=\"http:\/\/leroannais.com\/noesit\/!\/fiche\/salon-cote-jardin-497780\" target=\"_blank\"><span style=\"text-decoration: underline; color: #0000ff;\">Salon c\u00f4t\u00e9 jardin<\/span><\/a><\/strong><\/span><\/h3>\n<p style=\"text-align: justify;\"><em>Espace Congr\u00e8s, Roanne<br \/>\n<\/em><span style=\"color: #ff6600;\">Du 25\/04 au 27\/04, ouvert de 14h \u00e0 19h le vendredi et de 10h \u00e0 19h le samedi et le dimanche.<\/span><\/p>\n<p style=\"text-align: justify;\"><img decoding=\"async\" loading=\"lazy\" class=\"alignleft  wp-image-881\" style=\"border: 2px solid black;\" alt=\"RA cot\u00e9 jardin roanne\" src=\"https:\/\/www.mamaisonmonjardin.com\/blog\/wp-content\/uploads\/2014\/03\/RA-cot\u00e9-jardin-roanne-221x300.jpg\" width=\"155\" height=\"210\" srcset=\"https:\/\/www.mamaisonmonjardin.com\/blog\/wp\/wp-content\/uploads\/2014\/03\/RA-cot\u00e9-jardin-roanne-221x300.jpg 221w, https:\/\/www.mamaisonmonjardin.com\/blog\/wp\/wp-content\/uploads\/2014\/03\/RA-cot\u00e9-jardin-roanne-755x1024.jpg 755w\" sizes=\"(max-width: 155px) 100vw, 155px\" \/><\/p>\n<p style=\"text-align: justify;\">Plus d\u2019une centaine d\u2019exposants mettent \u00e0 l\u2019honneur l\u2019art de vivre Outdoor.<\/p>\n<p style=\"text-align: justify;\">Toutes les tendances du moment seront expos\u00e9es\u00a0: plantes, v\u00e9g\u00e9taux, mobilier d\u2019ext\u00e9rieur, piscines, spas, objets de d\u00e9coration, etc. Le choix est vaste pour am\u00e9nager un espace vert priv\u00e9.<\/p>\n<p style=\"text-align: justify;\">Tous les amoureux de la nature s\u2019y retrouveront gr\u00e2ce aux pr\u00e9cieux conseils des professionnels pr\u00e9sents.<\/p>\n","protected":false},"excerpt":{"rendered":"<p>Chaque mois, Ma Maison Mon Jardin vous donne de quoi occuper vos weekends\u00a0! Salons, foires et autres expositions autour de l\u2019am\u00e9nagement de la maison et du jardin, ils y sont tous. R\u00e9gion par r\u00e9gion, allez [&hellip;]<\/p>\n","protected":false},"author":2,"featured_media":882,"comment_status":"open","ping_status":"closed","sticky":false,"template":"","format":"standard","meta":{"ngg_post_thumbnail":0},"categories":[11],"tags":[],"_links":{"self":[{"href":"https:\/\/www.mamaisonmonjardin.com\/blog\/wp-json\/wp\/v2\/posts\/857"}],"collection":[{"href":"https:\/\/www.mamaisonmonjardin.com\/blog\/wp-json\/wp\/v2\/posts"}],"about":[{"href":"https:\/\/www.mamaisonmonjardin.com\/blog\/wp-json\/wp\/v2\/types\/post"}],"author":[{"embeddable":true,"href":"https:\/\/www.mamaisonmonjardin.com\/blog\/wp-json\/wp\/v2\/users\/2"}],"replies":[{"embeddable":true,"href":"https:\/\/www.mamaisonmonjardin.com\/blog\/wp-json\/wp\/v2\/comments?post=857"}],"version-history":[{"count":0,"href":"https:\/\/www.mamaisonmonjardin.com\/blog\/wp-json\/wp\/v2\/posts\/857\/revisions"}],"wp:featuredmedia":[{"embeddable":true,"href":"https:\/\/www.mamaisonmonjardin.com\/blog\/wp-json\/wp\/v2\/media\/882"}],"wp:attachment":[{"href":"https:\/\/www.mamaisonmonjardin.com\/blog\/wp-json\/wp\/v2\/media?parent=857"}],"wp:term":[{"taxonomy":"category","embeddable":true,"href":"https:\/\/www.mamaisonmonjardin.com\/blog\/wp-json\/wp\/v2\/categories?post=857"},{"taxonomy":"post_tag","embeddable":true,"href":"https:\/\/www.mamaisonmonjardin.com\/blog\/wp-json\/wp\/v2\/tags?post=857"}],"curies":[{"name":"wp","href":"https:\/\/api.w.org\/{rel}","templated":true}]}}